{"id":32713,"date":"2025-03-07T13:30:13","date_gmt":"2025-03-07T13:30:13","guid":{"rendered":"https:\/\/www.res-group.com\/?p=32713"},"modified":"2025-03-18T14:52:15","modified_gmt":"2025-03-18T14:52:15","slug":"uzlasma-icin-bir-plan-danielle-van-huizenin-yerlilerle-kurulan-ortakliklara-yaklasimi","status":"publish","type":"post","link":"https:\/\/www.res-group.com\/tr\/resources\/people-stories\/tr\/uzlasma-icin-bir-plan-danielle-van-huizenin-yerlilerle-kurulan-ortakliklara-yaklasimi\/","title":{"rendered":"Uzla\u015fma i\u00e7in bir plan: Danielle Van Huizen&#8217;in yerlilerle kurulan ortakl\u0131klara yakla\u015f\u0131m\u0131"},"content":{"rendered":"\n<p>RES olarak, \u00e7al\u0131\u015ft\u0131\u011f\u0131m\u0131z topluluklarla g\u00fc\u00e7l\u00fc ili\u015fkiler geli\u015ftirmek, i\u015fimizin s\u00fcrd\u00fcr\u00fclebilirli\u011fi ve toplumsal kat\u0131l\u0131m, taahh\u00fcd\u00fcm\u00fcz\u00fcn merkezinde yer almaktad\u0131r.<\/p>\n\n\n\n<p>Kanada&#8217;n\u0131n Saskatchewan eyaletindeki Bekevar r\u00fczg\u00e2r santrali projesinden ba\u015flayarak Kanada projelerimizin tamam\u0131nda bu standard\u0131 g\u00f6zetiyoruz. Burada Cowessess ilk yerli halk\u0131 ya\u015f\u0131yor ve Innagreen Investments ile birlikte r\u00fczg\u00e2r enerjisi projesinin ortak sahibi. Yerli Ortakl\u0131klar Direkt\u00f6r\u00fc Danielle Van Huizen, Bekevar&#8217;daki ba\u015far\u0131dan ilham alarak bu projedeki i\u015fleyi\u015fi Kanada Uzla\u015fma Eylem Plan\u0131m\u0131za uygulamay\u0131 ba\u015fard\u0131. \u00c7\u00fcnk\u00fc bu i\u015f, onun i\u00e7in sadece bir kariyer de\u011fil, ayn\u0131 zamanda bir tutku.<\/p>\n\n\n\n<figure class=\"wp-block-image size-full is-resized\"><img decoding=\"async\" width=\"1708\" height=\"1139\" data-src=\"https:\/\/www.res-group.com\/wp-content\/smush-webp\/2021\/06\/IMG_0351_enhanced-1.jpg.webp\" alt=\"\" class=\"wp-image-13003 lazyload\" style=\"--smush-placeholder-width: 1708px; --smush-placeholder-aspect-ratio: 1708\/1139;object-fit:cover;width:837px;height:auto\" data-srcset=\"https:\/\/www.res-group.com\/wp-content\/smush-webp\/2021\/06\/IMG_0351_enhanced-1.jpg.webp 1708w, https:\/\/www.res-group.com\/wp-content\/smush-webp\/2021\/06\/IMG_0351_enhanced-1-300x200.jpg.webp 300w, https:\/\/www.res-group.com\/wp-content\/smush-webp\/2021\/06\/IMG_0351_enhanced-1-768x512.jpg.webp 768w, https:\/\/www.res-group.com\/wp-content\/smush-webp\/2021\/06\/IMG_0351_enhanced-1-1024x683.jpg.webp 1024w, https:\/\/www.res-group.com\/wp-content\/smush-webp\/2021\/06\/IMG_0351_enhanced-1-1536x1024.jpg.webp 1536w\" data-sizes=\"(max-width: 1708px) 100vw, 1708px\" src=\"data:image\/svg+xml;base64,PHN2ZyB3aWR0aD0iMSIgaGVpZ2h0PSIxIiB4bWxucz0iaHR0cDovL3d3dy53My5vcmcvMjAwMC9zdmciPjwvc3ZnPg==\" \/><figcaption class=\"wp-element-caption\">Kanada, Saskatchewan&#8217;daki Bekevar r\u00fczg\u00e2r santrali projesi. Cowessess ilk yerli halk\u0131, projede \u00f6nemli bir sermaye kat\u0131l\u0131mc\u0131s\u0131, in\u015faat alt y\u00fcklenicisi ve projenin bulundu\u011fu arazinin sahibidir.<\/figcaption><\/figure>\n\n\n\n<p>Danielle\u2019in spor ve fizyoterapi tutkusundan Kanada\u2019da bulunan Britanya Kolombiyas\u0131&#8217;ndaki yerli halk kat\u0131l\u0131m\u0131n\u0131 ve politikas\u0131n\u0131 \u015fekillendirmeye uzanan yolculu\u011fu, uyum sa\u011flama ve \u00f6\u011frenme yetene\u011finin alt\u0131n\u0131 \u00e7iziyor. G\u00fcn\u00fcm\u00fczde, yerli istihdam\u0131 ve e\u011fitim plan\u0131yla ba\u015flayarak, yerli topluluklarla anlaml\u0131 bir uzla\u015fmaya i\u00e7in RES&#8217;e \u00f6nc\u00fcl\u00fck ediyor.<\/p>\n\n\n\n<p>Danielle&#8217;in kariyer yolculu\u011fu do\u011frusal de\u011fildi. Ba\u015flang\u0131\u00e7ta, voleybola olan tutkusu nedeniyle beden e\u011fitimi \u00f6\u011fretmeni olmay\u0131 hedefliyordu. Ancak British Columbia \u00dcniversitesi&#8217;ndeki e\u011fitiminde ilerledik\u00e7e, spora olan sevgisinin t\u00fcm kariyeri boyunca spor yapmak zorunda oldu\u011fu anlam\u0131na gelmedi\u011fini fark etti. Daha sonra Danielle, y\u00fcksek lisans okulunda i\u015f d\u00fcnyas\u0131na ad\u0131m att\u0131 ve b\u00f6ylece enerji alan\u0131nda kariyer yapmaya ba\u015flad\u0131. Danielle e\u011fitimini tamamlad\u0131ktan sonra bir dan\u0131\u015fmanl\u0131k firmas\u0131na i\u015f analisti olarak kat\u0131ld\u0131 ve burada, daha sonralar\u0131 ak\u0131l hocas\u0131 olacak ki\u015fiyle birlikte yerel halk\u0131n dinamiklerini \u00f6\u011frendi. Danielle, fikirlerini \u015fu s\u00f6zlerle ifade ediyor: &#8221; Britanya Kolombiyas\u0131\u2019nda i\u015f yapmak i\u00e7in oradaki ilk yerli halk\u0131 anlamak ve onlara sayg\u0131 duymak \u00e7ok \u00f6nemli. Bu \u00e7al\u0131\u015fma sayesinde, bir \u015firketin Kanada&#8217;da ba\u015far\u0131l\u0131 olabilmesi i\u00e7in yerli topluluklarla derin ve g\u00fcvene dayal\u0131 ili\u015fkiler kurmas\u0131 gerekti\u011fini fark ettim.&#8221;<\/p>\n\n\n\n<p>Kanada&#8217;da Yerli topluluklara dan\u0131\u015fmak yasal olarak zorunludur, ancak durum pratikte bundan \u00e7ok daha fazlas\u0131d\u0131r. Sonunda Danielle, eyaletin ana kamu hizmeti kurulu\u015fu olan BC Hydro \u015firketi CEO&#8217;sunun (ak\u0131l hocas\u0131) dan\u0131\u015fman\u0131 oldu. Danielle&#8217;den, kamu hizmetinin Yerlilerin kat\u0131l\u0131m\u0131 ve uzla\u015fmas\u0131na y\u00f6nelik yakla\u015f\u0131m\u0131n\u0131 s\u0131f\u0131rdan yazmas\u0131 istendi. Sekt\u00f6rdeki deneyimlerinden \u00f6\u011frendikleri sayesinde, CEO ile birlikte bug\u00fcn h\u00e2len ge\u00e7erli olan yeni bir sekt\u00f6r standard\u0131 belirlediler.<br><br>Bu noktada Danielle kendi liderlik rol\u00fcn\u00fc \u00fcstlenmeye haz\u0131rd\u0131. BC Hydro&#8217;nun politika ve m\u00fczakerelerden sorumlu Yerli \u0130li\u015fkileri ekibine liderlik etmeye ba\u015flad\u0131. Bu g\u00f6revde, eyalet genelindeki Yerli gruplarla isti\u015fare, ortakl\u0131k ve ortak faydalar i\u00e7in stratejiler geli\u015ftirmeye devam etti. Liderli\u011fi, enerji sekt\u00f6r\u00fc ile Yerli topluluklar aras\u0131ndaki bo\u015flu\u011fu kapatma konusunda bir uzman olarak \u00fcn\u00fcn\u00fc peki\u015ftirdi.<br><\/p>\n\n\n\n<figure class=\"wp-block-image size-full\"><img decoding=\"async\" width=\"806\" height=\"509\" data-src=\"https:\/\/www.res-group.com\/wp-content\/smush-webp\/2023\/08\/1688161198656.jpg.jpg.webp\" alt=\"Bekevar in Saskatchewan\" class=\"wp-image-16510 lazyload\" style=\"--smush-placeholder-width: 806px; --smush-placeholder-aspect-ratio: 806\/509;aspect-ratio:16\/9;object-fit:cover\" data-srcset=\"https:\/\/www.res-group.com\/wp-content\/smush-webp\/2023\/08\/1688161198656.jpg.jpg.webp 806w, https:\/\/www.res-group.com\/wp-content\/smush-webp\/2023\/08\/1688161198656.jpg-300x189.jpg.webp 300w, https:\/\/www.res-group.com\/wp-content\/smush-webp\/2023\/08\/1688161198656.jpg-768x485.jpg.webp 768w\" data-sizes=\"(max-width: 806px) 100vw, 806px\" src=\"data:image\/svg+xml;base64,PHN2ZyB3aWR0aD0iMSIgaGVpZ2h0PSIxIiB4bWxucz0iaHR0cDovL3d3dy53My5vcmcvMjAwMC9zdmciPjwvc3ZnPg==\" \/><\/figure>\n\n\n\n<p>Yerli halklarla ili\u015fkiler konusundaki uzmanl\u0131\u011f\u0131n\u0131 derinle\u015ftirdi\u011fi birka\u00e7 ba\u015fka g\u00f6revin ard\u0131ndan yolu RES&#8217;e kesi\u015fti ve burada Yerli Ortakl\u0131klar Direkt\u00f6r\u00fc olarak g\u00f6reve ba\u015flad\u0131. Danielle RES&#8217;e geldi\u011finde, RES&#8217;in \u00e7al\u0131\u015fmalar\u0131nda h\u00e2lihaz\u0131rda uygulamakta oldu\u011fu ilerici eylemler kar\u015f\u0131s\u0131nda ho\u015f bir s\u00fcrprizle kar\u015f\u0131la\u015ft\u0131. \u00d6rne\u011fin, Saskatchewan&#8217;daki r\u00fczg\u00e2r santrali projesinde RES, Kanada h\u00fck\u00fcmetinin yerli halk\u0131n kalk\u0131nmas\u0131na destek i\u00e7in zorunlu k\u0131ld\u0131\u011f\u0131 52.500 saatlik asgari \u00e7al\u0131\u015fma s\u00fcresi limitini a\u015ft\u0131 ve Cowessess ilk ile ba\u015far\u0131l\u0131 bir e\u015fitlik ortakl\u0131\u011f\u0131 kurdu. Bekevar&#8217;daki ba\u015far\u0131y\u0131 \u00f6nemli k\u0131lan geli\u015fmeler: giri\u015fime rehberlik etmesi i\u00e7in topluluktan bir Yerli i\u015fg\u00fcc\u00fc dan\u0131\u015fman\u0131n\u0131n i\u015fe al\u0131nmas\u0131, e\u011fitim f\u0131rsatlar\u0131 ve burslar yarat\u0131lmas\u0131 ve k\u00fclt\u00fcrel uyum ve kar\u015f\u0131l\u0131kl\u0131 fayda sa\u011flanmas\u0131yd\u0131. Ayr\u0131ca RES personeli, Cowessess First Nation&#8217;\u0131n k\u00fclt\u00fcr\u00fcn\u00fc onlarla birlikte deneyimlemek \u00fczere toplulu\u011fun y\u0131ll\u0131k kutlamalar\u0131na kat\u0131ld\u0131 ve yerel liderlerle i\u015f g\u00f6r\u00fc\u015fmeleri yapt\u0131. Danielle, Bekevar&#8217;\u0131n ba\u015far\u0131s\u0131n\u0131 temel alarak Kanada genelinde \u00e7ok daha anlaml\u0131 Yerli ortakl\u0131klar\u0131 yaratmay\u0131 hedefliyor; Yerli gruplar yaln\u0131zca r\u00fczgar projelerinin sahibi olmakla kalm\u0131yor, ayn\u0131 zamanda aktif olarak in\u015fa edip i\u015fletti\u011fi daha bir\u00e7ok anlaml\u0131 Yerli ortakl\u0131\u011f\u0131 olu\u015fturmay\u0131 hedefliyor.<br><br>Danielle\u2019in i\u015fine duydu\u011fu ilgi ve tutku bunca y\u0131ldan sonra bile h\u00e2len canl\u0131. &#8220;Bu rol heyecan verici \u00e7\u00fcnk\u00fc s\u00fcrekli geli\u015fiyor ve biz de role uyum sa\u011fl\u0131yoruz. Bu da yenilik ve yarat\u0131c\u0131l\u0131k i\u00e7in \u00e7ok fazla alan yaratmam\u0131z\u0131 sa\u011fl\u0131yor.&#8221; Yeni stratejiler olu\u015fturma, anlaml\u0131 ili\u015fkiler kurma ve yerli topluluklar\u0131n temiz enerji gelece\u011finde aktif kat\u0131l\u0131mc\u0131lar olmalar\u0131n\u0131 sa\u011flama konusunda b\u00fcy\u00fck bir heyecan duyuyor. Danielle \u015fu anda RES Kanada Uzla\u015fma Eylem Plan\u0131m\u0131z\u0131 tamamlamak i\u00e7in \u00e7al\u0131\u015f\u0131yor.<\/p>\n\n\n\n<p>RES uzla\u015fma ve topluluk ortakl\u0131klar\u0131 konusunda \u00f6nc\u00fcl\u00fck etmeye devam ederken, Danielle&#8217;in hikayesi RES&#8217;in daha kapsay\u0131c\u0131 ve s\u00fcrd\u00fcr\u00fclebilir bir gelecek in\u015fa etmek i\u00e7in Yerli topluluklarla birlikte nas\u0131l \u00e7al\u0131\u015fabilece\u011fine dair hem bir ilham kayna\u011f\u0131 hem de bir yol haritas\u0131 niteli\u011findedir.<\/p>\n\n\n\n<figure class=\"wp-block-image size-full is-resized\"><img decoding=\"async\" width=\"400\" height=\"278\" data-src=\"https:\/\/www.res-group.com\/wp-content\/uploads\/2025\/03\/RAP_artwork.webp\" alt=\"Image of indigenous artwork created for RES that features elements representing sun, wind, water, nature and native culture\" class=\"wp-image-33050 lazyload\" style=\"--smush-placeholder-width: 400px; --smush-placeholder-aspect-ratio: 400\/278;aspect-ratio:1.7777777777777777;object-fit:cover;width:837px;height:auto\" data-srcset=\"https:\/\/www.res-group.com\/wp-content\/uploads\/2025\/03\/RAP_artwork.webp 400w, https:\/\/www.res-group.com\/wp-content\/uploads\/2025\/03\/RAP_artwork-300x209.webp 300w\" data-sizes=\"(max-width: 400px) 100vw, 400px\" src=\"data:image\/svg+xml;base64,PHN2ZyB3aWR0aD0iMSIgaGVpZ2h0PSIxIiB4bWxucz0iaHR0cDovL3d3dy53My5vcmcvMjAwMC9zdmciPjwvc3ZnPg==\" \/><figcaption class=\"wp-element-caption\">Bu hafta tamamlanan ve onaylanm\u0131\u015f plan\u0131m\u0131z\u0131 resmi lansmanda duyurduk<br><a href=\"https:\/\/recaus.my.salesforce.com\/sfc\/p\/#5g000003ae1y\/a\/On000002nNVN\/1FiSvVHHlMCJzjnt_FT5qJ0JaB4KmkC5UqOJqRzlnms\">Innovate Reconciliation Action Plan (RAP) in Australia<\/a>.<\/figcaption><\/figure>\n\n\n\n<p><\/p>\n","protected":false},"excerpt":{"rendered":"<p>RES olarak, \u00e7al\u0131\u015ft\u0131\u011f\u0131m\u0131z topluluklarla g\u00fc\u00e7l\u00fc ili\u015fkiler geli\u015ftirmek, i\u015fimizin s\u00fcrd\u00fcr\u00fclebilirli\u011fi ve toplumsal kat\u0131l\u0131m, taahh\u00fcd\u00fcm\u00fcz\u00fcn merkezinde yer almaktad\u0131r. Kanada&#8217;n\u0131n Saskatchewan eyaletindeki Bekevar r\u00fczg\u00e2r santrali projesinden ba\u015flayarak Kanada projelerimizin tamam\u0131nda bu standard\u0131 g\u00f6zetiyoruz. Burada Cowessess ilk yerli halk\u0131 ya\u015f\u0131yor ve Innagreen Investments ile birlikte r\u00fczg\u00e2r enerjisi projesinin ortak sahibi. Yerli Ortakl\u0131klar Direkt\u00f6r\u00fc Danielle&#8230;<\/p>\n","protected":false},"author":1,"featured_media":32703,"comment_status":"open","ping_status":"open","sticky":false,"template":"","format":"standard","meta":{"_acf_changed":false,"footnotes":""},"categories":[326],"tags":[],"region":[],"content_type":[327],"class_list":["post-32713","post","type-post","status-publish","format-standard","has-post-thumbnail","hentry","category-people-tr","content_type-insan-hikayeleri"],"acf":[],"yoast_head":"<!-- This site is optimized with the Yoast SEO Premium plugin v27.2 (Yoast SEO v27.2) - https:\/\/yoast.com\/product\/yoast-seo-premium-wordpress\/ -->\n<title>Uzla\u015fma i\u00e7in bir plan: Danielle Van Huizen&#039;in yerlilerle kurulan ortakl\u0131klara yakla\u015f\u0131m\u0131 - RES<\/title>\n<meta name=\"robots\" content=\"index, follow, max-snippet:-1, max-image-preview:large, max-video-preview:-1\" \/>\n<link rel=\"canonical\" href=\"https:\/\/www.res-group.com\/tr\/resources\/people-stories\/tr\/uzlasma-icin-bir-plan-danielle-van-huizenin-yerlilerle-kurulan-ortakliklara-yaklasimi\/\" \/>\n<meta property=\"og:locale\" content=\"tr_TR\" \/>\n<meta property=\"og:type\" content=\"article\" \/>\n<meta property=\"og:title\" content=\"Uzla\u015fma i\u00e7in bir plan: Danielle Van Huizen&#039;in yerlilerle kurulan ortakl\u0131klara yakla\u015f\u0131m\u0131\" \/>\n<meta property=\"og:description\" content=\"RES olarak, \u00e7al\u0131\u015ft\u0131\u011f\u0131m\u0131z topluluklarla g\u00fc\u00e7l\u00fc ili\u015fkiler geli\u015ftirmek, i\u015fimizin s\u00fcrd\u00fcr\u00fclebilirli\u011fi ve toplumsal kat\u0131l\u0131m, taahh\u00fcd\u00fcm\u00fcz\u00fcn merkezinde yer almaktad\u0131r. Kanada&#8217;n\u0131n Saskatchewan eyaletindeki Bekevar r\u00fczg\u00e2r santrali projesinden ba\u015flayarak Kanada projelerimizin tamam\u0131nda bu standard\u0131 g\u00f6zetiyoruz. Burada Cowessess ilk yerli halk\u0131 ya\u015f\u0131yor ve Innagreen Investments ile birlikte r\u00fczg\u00e2r enerjisi projesinin ortak sahibi. Yerli Ortakl\u0131klar Direkt\u00f6r\u00fc Danielle...\" \/>\n<meta property=\"og:url\" content=\"https:\/\/www.res-group.com\/tr\/resources\/people-stories\/tr\/uzlasma-icin-bir-plan-danielle-van-huizenin-yerlilerle-kurulan-ortakliklara-yaklasimi\/\" \/>\n<meta property=\"og:site_name\" content=\"RES\" \/>\n<meta property=\"article:published_time\" content=\"2025-03-07T13:30:13+00:00\" \/>\n<meta property=\"article:modified_time\" content=\"2025-03-18T14:52:15+00:00\" \/>\n<meta property=\"og:image\" content=\"https:\/\/www.res-group.com\/wp-content\/uploads\/2025\/03\/Danielle.png\" \/>\n\t<meta property=\"og:image:width\" content=\"1080\" \/>\n\t<meta property=\"og:image:height\" content=\"1080\" \/>\n\t<meta property=\"og:image:type\" content=\"image\/png\" \/>\n<meta name=\"author\" content=\"RES\" \/>\n<meta name=\"twitter:card\" content=\"summary_large_image\" \/>\n<meta name=\"twitter:creator\" content=\"@RESGroup\" \/>\n<meta name=\"twitter:site\" content=\"@RESGroup\" \/>\n<meta name=\"twitter:label1\" content=\"Yazan:\" \/>\n\t<meta name=\"twitter:data1\" content=\"RES\" \/>\n\t<meta name=\"twitter:label2\" content=\"Tahmini okuma s\u00fcresi\" \/>\n\t<meta name=\"twitter:data2\" content=\"4 dakika\" \/>\n<script type=\"application\/ld+json\" class=\"yoast-schema-graph\">{\"@context\":\"https:\/\/schema.org\",\"@graph\":[{\"@type\":\"Article\",\"@id\":\"https:\/\/www.res-group.com\/tr\/resources\/people-stories\/tr\/uzlasma-icin-bir-plan-danielle-van-huizenin-yerlilerle-kurulan-ortakliklara-yaklasimi\/#article\",\"isPartOf\":{\"@id\":\"https:\/\/www.res-group.com\/tr\/resources\/people-stories\/tr\/uzlasma-icin-bir-plan-danielle-van-huizenin-yerlilerle-kurulan-ortakliklara-yaklasimi\/\"},\"author\":{\"name\":\"RES\",\"@id\":\"https:\/\/www.res-group.com\/tr\/#\/schema\/person\/e4578b8414d75c1237c6dae6f38318a2\"},\"headline\":\"Uzla\u015fma i\u00e7in bir plan: Danielle Van Huizen&#8217;in yerlilerle kurulan ortakl\u0131klara yakla\u015f\u0131m\u0131\",\"datePublished\":\"2025-03-07T13:30:13+00:00\",\"dateModified\":\"2025-03-18T14:52:15+00:00\",\"mainEntityOfPage\":{\"@id\":\"https:\/\/www.res-group.com\/tr\/resources\/people-stories\/tr\/uzlasma-icin-bir-plan-danielle-van-huizenin-yerlilerle-kurulan-ortakliklara-yaklasimi\/\"},\"wordCount\":952,\"commentCount\":0,\"publisher\":{\"@id\":\"https:\/\/www.res-group.com\/tr\/#organization\"},\"image\":{\"@id\":\"https:\/\/www.res-group.com\/tr\/resources\/people-stories\/tr\/uzlasma-icin-bir-plan-danielle-van-huizenin-yerlilerle-kurulan-ortakliklara-yaklasimi\/#primaryimage\"},\"thumbnailUrl\":\"https:\/\/www.res-group.com\/wp-content\/uploads\/2025\/03\/Danielle.png\",\"articleSection\":[\"People\"],\"inLanguage\":\"tr\",\"potentialAction\":[{\"@type\":\"CommentAction\",\"name\":\"Comment\",\"target\":[\"https:\/\/www.res-group.com\/tr\/resources\/people-stories\/tr\/uzlasma-icin-bir-plan-danielle-van-huizenin-yerlilerle-kurulan-ortakliklara-yaklasimi\/#respond\"]}]},{\"@type\":\"WebPage\",\"@id\":\"https:\/\/www.res-group.com\/tr\/resources\/people-stories\/tr\/uzlasma-icin-bir-plan-danielle-van-huizenin-yerlilerle-kurulan-ortakliklara-yaklasimi\/\",\"url\":\"https:\/\/www.res-group.com\/tr\/resources\/people-stories\/tr\/uzlasma-icin-bir-plan-danielle-van-huizenin-yerlilerle-kurulan-ortakliklara-yaklasimi\/\",\"name\":\"Uzla\u015fma i\u00e7in bir plan: Danielle Van Huizen'in yerlilerle kurulan ortakl\u0131klara yakla\u015f\u0131m\u0131 - RES\",\"isPartOf\":{\"@id\":\"https:\/\/www.res-group.com\/tr\/#website\"},\"primaryImageOfPage\":{\"@id\":\"https:\/\/www.res-group.com\/tr\/resources\/people-stories\/tr\/uzlasma-icin-bir-plan-danielle-van-huizenin-yerlilerle-kurulan-ortakliklara-yaklasimi\/#primaryimage\"},\"image\":{\"@id\":\"https:\/\/www.res-group.com\/tr\/resources\/people-stories\/tr\/uzlasma-icin-bir-plan-danielle-van-huizenin-yerlilerle-kurulan-ortakliklara-yaklasimi\/#primaryimage\"},\"thumbnailUrl\":\"https:\/\/www.res-group.com\/wp-content\/uploads\/2025\/03\/Danielle.png\",\"datePublished\":\"2025-03-07T13:30:13+00:00\",\"dateModified\":\"2025-03-18T14:52:15+00:00\",\"breadcrumb\":{\"@id\":\"https:\/\/www.res-group.com\/tr\/resources\/people-stories\/tr\/uzlasma-icin-bir-plan-danielle-van-huizenin-yerlilerle-kurulan-ortakliklara-yaklasimi\/#breadcrumb\"},\"inLanguage\":\"tr\",\"potentialAction\":[{\"@type\":\"ReadAction\",\"target\":[\"https:\/\/www.res-group.com\/tr\/resources\/people-stories\/tr\/uzlasma-icin-bir-plan-danielle-van-huizenin-yerlilerle-kurulan-ortakliklara-yaklasimi\/\"]}]},{\"@type\":\"ImageObject\",\"inLanguage\":\"tr\",\"@id\":\"https:\/\/www.res-group.com\/tr\/resources\/people-stories\/tr\/uzlasma-icin-bir-plan-danielle-van-huizenin-yerlilerle-kurulan-ortakliklara-yaklasimi\/#primaryimage\",\"url\":\"https:\/\/www.res-group.com\/wp-content\/uploads\/2025\/03\/Danielle.png\",\"contentUrl\":\"https:\/\/www.res-group.com\/wp-content\/uploads\/2025\/03\/Danielle.png\",\"width\":1080,\"height\":1080},{\"@type\":\"BreadcrumbList\",\"@id\":\"https:\/\/www.res-group.com\/tr\/resources\/people-stories\/tr\/uzlasma-icin-bir-plan-danielle-van-huizenin-yerlilerle-kurulan-ortakliklara-yaklasimi\/#breadcrumb\",\"itemListElement\":[{\"@type\":\"ListItem\",\"position\":1,\"name\":\"In\u00edcio\",\"item\":\"https:\/\/www.res-group.com\/tr\/\"},{\"@type\":\"ListItem\",\"position\":2,\"name\":\"Uzla\u015fma i\u00e7in bir plan: Danielle Van Huizen&#8217;in yerlilerle kurulan ortakl\u0131klara yakla\u015f\u0131m\u0131\"}]},{\"@type\":\"WebSite\",\"@id\":\"https:\/\/www.res-group.com\/tr\/#website\",\"url\":\"https:\/\/www.res-group.com\/tr\/\",\"name\":\"res-group.com\",\"description\":\"The power behind a clean energy future\",\"publisher\":{\"@id\":\"https:\/\/www.res-group.com\/tr\/#organization\"},\"potentialAction\":[{\"@type\":\"SearchAction\",\"target\":{\"@type\":\"EntryPoint\",\"urlTemplate\":\"https:\/\/www.res-group.com\/tr\/?s={search_term_string}\"},\"query-input\":{\"@type\":\"PropertyValueSpecification\",\"valueRequired\":true,\"valueName\":\"search_term_string\"}}],\"inLanguage\":\"tr\"},{\"@type\":\"Organization\",\"@id\":\"https:\/\/www.res-group.com\/tr\/#organization\",\"name\":\"RES\",\"url\":\"https:\/\/www.res-group.com\/tr\/\",\"logo\":{\"@type\":\"ImageObject\",\"inLanguage\":\"tr\",\"@id\":\"https:\/\/www.res-group.com\/tr\/#\/schema\/logo\/image\/\",\"url\":\"https:\/\/www.res-group.com\/wp-content\/uploads\/2023\/05\/header-logo.svg\",\"contentUrl\":\"https:\/\/www.res-group.com\/wp-content\/uploads\/2023\/05\/header-logo.svg\",\"width\":82.634,\"height\":38,\"caption\":\"RES\"},\"image\":{\"@id\":\"https:\/\/www.res-group.com\/tr\/#\/schema\/logo\/image\/\"},\"sameAs\":[\"https:\/\/x.com\/RESGroup\",\"https:\/\/www.instagram.com\/res_powerforgood\",\"https:\/\/www.linkedin.com\/company\/res-group\/\",\"https:\/\/vimeo.com\/resgroup\"]},{\"@type\":\"Person\",\"@id\":\"https:\/\/www.res-group.com\/tr\/#\/schema\/person\/e4578b8414d75c1237c6dae6f38318a2\",\"name\":\"RES\",\"image\":{\"@type\":\"ImageObject\",\"inLanguage\":\"tr\",\"@id\":\"https:\/\/secure.gravatar.com\/avatar\/053fca53b00a810e8929097a40153a54ea325f90ee6ae9b45eb23c7a467d8d65?s=96&d=mm&r=g\",\"url\":\"https:\/\/secure.gravatar.com\/avatar\/053fca53b00a810e8929097a40153a54ea325f90ee6ae9b45eb23c7a467d8d65?s=96&d=mm&r=g\",\"contentUrl\":\"https:\/\/secure.gravatar.com\/avatar\/053fca53b00a810e8929097a40153a54ea325f90ee6ae9b45eb23c7a467d8d65?s=96&d=mm&r=g\",\"caption\":\"RES\"},\"sameAs\":[\"http:\/\/res\"],\"url\":\"https:\/\/www.res-group.com\/tr\/author\/manageruser\/\"}]}<\/script>\n<!-- \/ Yoast SEO Premium plugin. -->","yoast_head_json":{"title":"Uzla\u015fma i\u00e7in bir plan: Danielle Van Huizen'in yerlilerle kurulan ortakl\u0131klara yakla\u015f\u0131m\u0131 - RES","robots":{"index":"index","follow":"follow","max-snippet":"max-snippet:-1","max-image-preview":"max-image-preview:large","max-video-preview":"max-video-preview:-1"},"canonical":"https:\/\/www.res-group.com\/tr\/resources\/people-stories\/tr\/uzlasma-icin-bir-plan-danielle-van-huizenin-yerlilerle-kurulan-ortakliklara-yaklasimi\/","og_locale":"tr_TR","og_type":"article","og_title":"Uzla\u015fma i\u00e7in bir plan: Danielle Van Huizen'in yerlilerle kurulan ortakl\u0131klara yakla\u015f\u0131m\u0131","og_description":"RES olarak, \u00e7al\u0131\u015ft\u0131\u011f\u0131m\u0131z topluluklarla g\u00fc\u00e7l\u00fc ili\u015fkiler geli\u015ftirmek, i\u015fimizin s\u00fcrd\u00fcr\u00fclebilirli\u011fi ve toplumsal kat\u0131l\u0131m, taahh\u00fcd\u00fcm\u00fcz\u00fcn merkezinde yer almaktad\u0131r. Kanada&#8217;n\u0131n Saskatchewan eyaletindeki Bekevar r\u00fczg\u00e2r santrali projesinden ba\u015flayarak Kanada projelerimizin tamam\u0131nda bu standard\u0131 g\u00f6zetiyoruz. Burada Cowessess ilk yerli halk\u0131 ya\u015f\u0131yor ve Innagreen Investments ile birlikte r\u00fczg\u00e2r enerjisi projesinin ortak sahibi. Yerli Ortakl\u0131klar Direkt\u00f6r\u00fc Danielle...","og_url":"https:\/\/www.res-group.com\/tr\/resources\/people-stories\/tr\/uzlasma-icin-bir-plan-danielle-van-huizenin-yerlilerle-kurulan-ortakliklara-yaklasimi\/","og_site_name":"RES","article_published_time":"2025-03-07T13:30:13+00:00","article_modified_time":"2025-03-18T14:52:15+00:00","og_image":[{"width":1080,"height":1080,"url":"https:\/\/www.res-group.com\/wp-content\/uploads\/2025\/03\/Danielle.png","type":"image\/png"}],"author":"RES","twitter_card":"summary_large_image","twitter_creator":"@RESGroup","twitter_site":"@RESGroup","twitter_misc":{"Yazan:":"RES","Tahmini okuma s\u00fcresi":"4 dakika"},"schema":{"@context":"https:\/\/schema.org","@graph":[{"@type":"Article","@id":"https:\/\/www.res-group.com\/tr\/resources\/people-stories\/tr\/uzlasma-icin-bir-plan-danielle-van-huizenin-yerlilerle-kurulan-ortakliklara-yaklasimi\/#article","isPartOf":{"@id":"https:\/\/www.res-group.com\/tr\/resources\/people-stories\/tr\/uzlasma-icin-bir-plan-danielle-van-huizenin-yerlilerle-kurulan-ortakliklara-yaklasimi\/"},"author":{"name":"RES","@id":"https:\/\/www.res-group.com\/tr\/#\/schema\/person\/e4578b8414d75c1237c6dae6f38318a2"},"headline":"Uzla\u015fma i\u00e7in bir plan: Danielle Van Huizen&#8217;in yerlilerle kurulan ortakl\u0131klara yakla\u015f\u0131m\u0131","datePublished":"2025-03-07T13:30:13+00:00","dateModified":"2025-03-18T14:52:15+00:00","mainEntityOfPage":{"@id":"https:\/\/www.res-group.com\/tr\/resources\/people-stories\/tr\/uzlasma-icin-bir-plan-danielle-van-huizenin-yerlilerle-kurulan-ortakliklara-yaklasimi\/"},"wordCount":952,"commentCount":0,"publisher":{"@id":"https:\/\/www.res-group.com\/tr\/#organization"},"image":{"@id":"https:\/\/www.res-group.com\/tr\/resources\/people-stories\/tr\/uzlasma-icin-bir-plan-danielle-van-huizenin-yerlilerle-kurulan-ortakliklara-yaklasimi\/#primaryimage"},"thumbnailUrl":"https:\/\/www.res-group.com\/wp-content\/uploads\/2025\/03\/Danielle.png","articleSection":["People"],"inLanguage":"tr","potentialAction":[{"@type":"CommentAction","name":"Comment","target":["https:\/\/www.res-group.com\/tr\/resources\/people-stories\/tr\/uzlasma-icin-bir-plan-danielle-van-huizenin-yerlilerle-kurulan-ortakliklara-yaklasimi\/#respond"]}]},{"@type":"WebPage","@id":"https:\/\/www.res-group.com\/tr\/resources\/people-stories\/tr\/uzlasma-icin-bir-plan-danielle-van-huizenin-yerlilerle-kurulan-ortakliklara-yaklasimi\/","url":"https:\/\/www.res-group.com\/tr\/resources\/people-stories\/tr\/uzlasma-icin-bir-plan-danielle-van-huizenin-yerlilerle-kurulan-ortakliklara-yaklasimi\/","name":"Uzla\u015fma i\u00e7in bir plan: Danielle Van Huizen'in yerlilerle kurulan ortakl\u0131klara yakla\u015f\u0131m\u0131 - RES","isPartOf":{"@id":"https:\/\/www.res-group.com\/tr\/#website"},"primaryImageOfPage":{"@id":"https:\/\/www.res-group.com\/tr\/resources\/people-stories\/tr\/uzlasma-icin-bir-plan-danielle-van-huizenin-yerlilerle-kurulan-ortakliklara-yaklasimi\/#primaryimage"},"image":{"@id":"https:\/\/www.res-group.com\/tr\/resources\/people-stories\/tr\/uzlasma-icin-bir-plan-danielle-van-huizenin-yerlilerle-kurulan-ortakliklara-yaklasimi\/#primaryimage"},"thumbnailUrl":"https:\/\/www.res-group.com\/wp-content\/uploads\/2025\/03\/Danielle.png","datePublished":"2025-03-07T13:30:13+00:00","dateModified":"2025-03-18T14:52:15+00:00","breadcrumb":{"@id":"https:\/\/www.res-group.com\/tr\/resources\/people-stories\/tr\/uzlasma-icin-bir-plan-danielle-van-huizenin-yerlilerle-kurulan-ortakliklara-yaklasimi\/#breadcrumb"},"inLanguage":"tr","potentialAction":[{"@type":"ReadAction","target":["https:\/\/www.res-group.com\/tr\/resources\/people-stories\/tr\/uzlasma-icin-bir-plan-danielle-van-huizenin-yerlilerle-kurulan-ortakliklara-yaklasimi\/"]}]},{"@type":"ImageObject","inLanguage":"tr","@id":"https:\/\/www.res-group.com\/tr\/resources\/people-stories\/tr\/uzlasma-icin-bir-plan-danielle-van-huizenin-yerlilerle-kurulan-ortakliklara-yaklasimi\/#primaryimage","url":"https:\/\/www.res-group.com\/wp-content\/uploads\/2025\/03\/Danielle.png","contentUrl":"https:\/\/www.res-group.com\/wp-content\/uploads\/2025\/03\/Danielle.png","width":1080,"height":1080},{"@type":"BreadcrumbList","@id":"https:\/\/www.res-group.com\/tr\/resources\/people-stories\/tr\/uzlasma-icin-bir-plan-danielle-van-huizenin-yerlilerle-kurulan-ortakliklara-yaklasimi\/#breadcrumb","itemListElement":[{"@type":"ListItem","position":1,"name":"In\u00edcio","item":"https:\/\/www.res-group.com\/tr\/"},{"@type":"ListItem","position":2,"name":"Uzla\u015fma i\u00e7in bir plan: Danielle Van Huizen&#8217;in yerlilerle kurulan ortakl\u0131klara yakla\u015f\u0131m\u0131"}]},{"@type":"WebSite","@id":"https:\/\/www.res-group.com\/tr\/#website","url":"https:\/\/www.res-group.com\/tr\/","name":"res-group.com","description":"The power behind a clean energy future","publisher":{"@id":"https:\/\/www.res-group.com\/tr\/#organization"},"potentialAction":[{"@type":"SearchAction","target":{"@type":"EntryPoint","urlTemplate":"https:\/\/www.res-group.com\/tr\/?s={search_term_string}"},"query-input":{"@type":"PropertyValueSpecification","valueRequired":true,"valueName":"search_term_string"}}],"inLanguage":"tr"},{"@type":"Organization","@id":"https:\/\/www.res-group.com\/tr\/#organization","name":"RES","url":"https:\/\/www.res-group.com\/tr\/","logo":{"@type":"ImageObject","inLanguage":"tr","@id":"https:\/\/www.res-group.com\/tr\/#\/schema\/logo\/image\/","url":"https:\/\/www.res-group.com\/wp-content\/uploads\/2023\/05\/header-logo.svg","contentUrl":"https:\/\/www.res-group.com\/wp-content\/uploads\/2023\/05\/header-logo.svg","width":82.634,"height":38,"caption":"RES"},"image":{"@id":"https:\/\/www.res-group.com\/tr\/#\/schema\/logo\/image\/"},"sameAs":["https:\/\/x.com\/RESGroup","https:\/\/www.instagram.com\/res_powerforgood","https:\/\/www.linkedin.com\/company\/res-group\/","https:\/\/vimeo.com\/resgroup"]},{"@type":"Person","@id":"https:\/\/www.res-group.com\/tr\/#\/schema\/person\/e4578b8414d75c1237c6dae6f38318a2","name":"RES","image":{"@type":"ImageObject","inLanguage":"tr","@id":"https:\/\/secure.gravatar.com\/avatar\/053fca53b00a810e8929097a40153a54ea325f90ee6ae9b45eb23c7a467d8d65?s=96&d=mm&r=g","url":"https:\/\/secure.gravatar.com\/avatar\/053fca53b00a810e8929097a40153a54ea325f90ee6ae9b45eb23c7a467d8d65?s=96&d=mm&r=g","contentUrl":"https:\/\/secure.gravatar.com\/avatar\/053fca53b00a810e8929097a40153a54ea325f90ee6ae9b45eb23c7a467d8d65?s=96&d=mm&r=g","caption":"RES"},"sameAs":["http:\/\/res"],"url":"https:\/\/www.res-group.com\/tr\/author\/manageruser\/"}]}},"_links":{"self":[{"href":"https:\/\/www.res-group.com\/tr\/wp-json\/wp\/v2\/posts\/32713","targetHints":{"allow":["GET"]}}],"collection":[{"href":"https:\/\/www.res-group.com\/tr\/wp-json\/wp\/v2\/posts"}],"about":[{"href":"https:\/\/www.res-group.com\/tr\/wp-json\/wp\/v2\/types\/post"}],"author":[{"embeddable":true,"href":"https:\/\/www.res-group.com\/tr\/wp-json\/wp\/v2\/users\/1"}],"replies":[{"embeddable":true,"href":"https:\/\/www.res-group.com\/tr\/wp-json\/wp\/v2\/comments?post=32713"}],"version-history":[{"count":0,"href":"https:\/\/www.res-group.com\/tr\/wp-json\/wp\/v2\/posts\/32713\/revisions"}],"wp:featuredmedia":[{"embeddable":true,"href":"https:\/\/www.res-group.com\/tr\/wp-json\/wp\/v2\/media\/32703"}],"wp:attachment":[{"href":"https:\/\/www.res-group.com\/tr\/wp-json\/wp\/v2\/media?parent=32713"}],"wp:term":[{"taxonomy":"category","embeddable":true,"href":"https:\/\/www.res-group.com\/tr\/wp-json\/wp\/v2\/categories?post=32713"},{"taxonomy":"post_tag","embeddable":true,"href":"https:\/\/www.res-group.com\/tr\/wp-json\/wp\/v2\/tags?post=32713"},{"taxonomy":"region","embeddable":true,"href":"https:\/\/www.res-group.com\/tr\/wp-json\/wp\/v2\/region?post=32713"},{"taxonomy":"content_type","embeddable":true,"href":"https:\/\/www.res-group.com\/tr\/wp-json\/wp\/v2\/content_type?post=32713"}],"curies":[{"name":"wp","href":"https:\/\/api.w.org\/{rel}","templated":true}]}}