{"id":25995,"date":"2024-06-07T15:23:18","date_gmt":"2024-06-07T14:23:18","guid":{"rendered":"https:\/\/www.res-group.com\/rise-up-for-pride\/"},"modified":"2024-06-12T11:04:09","modified_gmt":"2024-06-12T10:04:09","slug":"rise-up-for-pride","status":"publish","type":"post","link":"https:\/\/www.res-group.com\/tr\/resources\/blog\/rise-up-for-pride\/","title":{"rendered":"RiSE, ONUR Y\u00fckseli\u015fi"},"content":{"rendered":"\n<h2 class=\"wp-block-heading\" style=\"color:#E87511\">Her y\u0131l d\u00fcnyan\u0131n d\u00f6rt bir yan\u0131ndan \u015firketler Onur\u2019u kutluyor. Ancak ger\u00e7ek \u015fu ki, LGBTQ+ toplulu\u011fumuz y\u0131lda bir kez yap\u0131lan bir kabulden daha fazlas\u0131n\u0131 bekliyor. De\u011fi\u015fimin gerekli oldu\u011fu yerlerde ger\u00e7ek bir de\u011fi\u015fim yaratmak istiyorlar.<\/h2>\n\n\n\n<p>UCLA ara\u015ft\u0131rmas\u0131, her 3 LGBT \u00e7al\u0131\u015fandan 1&#8217;inin i\u015fyerlerinde LGBT&#8217;lerin d\u00e2hil edilmemesi nedeniyle i\u015ften ayr\u0131ld\u0131\u011f\u0131n\u0131 belirtmekte.<\/p>\n\n\n\n<p>Kapsay\u0131c\u0131l\u0131k taahh\u00fcd\u00fcm\u00fcz, her bir \u00e7al\u0131\u015fan\u0131m\u0131z\u0131n korkmadan veya tedirgin olmadan dua edebilece\u011fi, ebeveynlik yapabilece\u011fi, ortak olabilece\u011fi veya kat\u0131labilece\u011fi bir \u00e7al\u0131\u015fma ortam\u0131 i\u00e7in \u00e7aba g\u00f6stermekte. Otantik benlikleri olabilmeleri ve profesyonel ve ki\u015fisel olarak geli\u015febilmeleri i\u00e7in.<\/p>\n\n\n\n<p>2020&#8217;de kurulan Yak\u0131nl\u0131k A\u011flar\u0131m\u0131z, k\u00fclt\u00fcr\u00fcm\u00fcz\u00fcn ve \u00e7al\u0131\u015fanlar\u0131m\u0131z\u0131n deneyimlerinin t\u00fcm y\u0131l boyunca \u015fekillendirilmesinde b\u00fcy\u00fck rol oynamaktad\u0131r. A\u011flar, zamanlar\u0131n\u0131 g\u00f6n\u00fcll\u00fc olarak ay\u0131ran adanm\u0131\u015f \u00e7al\u0131\u015fma arkada\u015flar\u0131ndan olu\u015fan ve kendi kendini idame ettiren bir yap\u0131 taraf\u0131ndan kendi i\u00e7inde y\u00f6netilmektedir.<\/p>\n\n\n\n<p>RiSE a\u011f\u0131 \u00fcyelerimizin zaman, tutku ve ba\u011fl\u0131l\u0131klar\u0131, topluluk sohbetleri i\u00e7in g\u00fcvenli ve ilgi \u00e7ekici bir alandan k\u00fclt\u00fcrel a\u00e7\u0131dan duyarl\u0131 politikalar\u0131 ilerletmeye, etkinliklere ev sahipli\u011fi yapmaya ve fark\u0131ndal\u0131\u011f\u0131 art\u0131rmaya kadar bug\u00fcne kadar inan\u0131lmaz bir ilerleme sa\u011flam\u0131\u015f oldu.<\/p>\n\n\n\n<p>Bu Haziran ay\u0131nda Onur\u2019u kabul edip kutlarken, RiSE a\u011f\u0131m\u0131z\u0131n \u00e7abalar\u0131na ve sa\u011flad\u0131klar\u0131 ilerlemeye dikkat \u00e7ekiyoruz. Ekibimiz, i\u015f yerinde g\u00fcvende hissetmek, en \u00f6nemli yerlerde de\u011fi\u015fimi y\u00f6nlendirmek ve Onur\u2019u kabul etmenin kendileri i\u00e7in ne anlama geldi\u011fi hakk\u0131nda daha fazla bilgi payla\u015ft\u0131.<\/p>\n\n\n\n<h2 class=\"wp-block-heading\"><strong>Kurum i\u00e7inde de\u011fi\u015fim ve ilerleme sa\u011flamak<\/strong><\/h2>\n\n\n\n<p>RES b\u00fcnyesinde de\u011fi\u015fime ilham verme ve de\u011fi\u015fimi geli\u015ftirme d\u00fcrt\u00fcs\u00fc, yaln\u0131zca \u00e7evresel misyonumuzu de\u011fil, ayn\u0131 zamanda \u00e7al\u0131\u015fanlar\u0131m\u0131za kar\u015f\u0131 duydu\u011fumuz sosyal sorumlulu\u011fu da a\u015fmaktad\u0131r.<\/p>\n\n\n\n<p>RiSE&#8217;nin \u00e7al\u0131\u015fmalar\u0131 meslekta\u015flar\u0131m\u0131z\u0131, a\u011flar\u0131m\u0131z\u0131, b\u00f6lgelerini ve i\u015fletmelerimizi etkilemi\u015f durumda. RiSE&#8217;nin a\u00e7\u0131k bir misyonu var: LGBTQ+ \u00e7al\u0131\u015fanlar\u0131n duyulmas\u0131n\u0131, sayg\u0131 g\u00f6rmesini ve kabul edilmesini sa\u011flamak, b\u00f6ylece RES&#8217;teki herkesin tam potansiyeline ula\u015fmas\u0131n\u0131 sa\u011flamak&#8230; A\u011f, en \u00f6nemli konulara ve kampanyalara \u0131\u015f\u0131k tutmakta.<\/p>\n\n\n\n<h2 class=\"wp-block-heading\">A\u011flar\u0131n kurulmas\u0131ndan bu yana kaydetti\u011fimiz ilerleme \u015funlar\u0131 i\u00e7ermekte:<\/h2>\n\n\n\n<ul class=\"wp-block-list\">\n<li>Baz\u0131 lokasyonlar\u0131m\u0131zda var olan yeni evlat edinme politikas\u0131<\/li>\n\n\n\n<li>Aile T\u0131bbi \u0130zni (FMLA) politikam\u0131z\u0131n aile i\u00e7i partnerleri de kapsayacak \u015fekilde g\u00fcncellenmesi<\/li>\n\n\n\n<li>ABD, Avustralya ve Avrupa&#8217;daki Onur Y\u00fcr\u00fcy\u00fc\u015f\u00fc etkinliklerine kat\u0131l\u0131m<\/li>\n\n\n\n<li>Toplumsal Cinsiyet Olumlama politikas\u0131, m\u00fcttefiklik rehberinin geli\u015ftirilmesi ve zamirler e\u011fitimi<\/li>\n\n\n\n<li>\u0130nsan Haklar\u0131 E\u015fitlik Endeksi ve Avustralya \u0130\u015fyeri E\u015fitlik Endeksi&#8217;ne kat\u0131l\u0131m<\/li>\n\n\n\n<li>LGBTQ+ toplulu\u011fundan d\u0131\u015f konu\u015fmac\u0131larla e\u011fitim oturumlar\u0131 ve &#8216;\u00f6\u011fle yeme\u011fi ve \u00f6\u011frenme&#8217;<\/li>\n\n\n\n<li>Ofis lokasyonlar\u0131m\u0131z\u0131n bir\u00e7o\u011funa tek kullan\u0131ml\u0131k, cinsiyet ayr\u0131m\u0131 g\u00f6zetmeyen tuvaletlerin d\u00e2hil edilmesi<\/li>\n<\/ul>\n\n\n\n<p>\u0130nsan Haklar\u0131 Kampanyas\u0131 (HRC) Vakf\u0131&#8217;n\u0131n 2023-2024 Kurumsal E\u015fitlik Endeksi&#8217;nde (CEI) RiSE&#8217;nin proaktif \u00e7abalar\u0131 ve \u0130nsan ve K\u00fclt\u00fcr ekibinin deste\u011fi sayesinde 100 \u00fczerinden 75 puan ald\u0131k. Bu y\u0131l ise ekibimizin \u00e7abalar\u0131n\u0131n bir g\u00f6stergesi olarak 90 puan almay\u0131 hedefliyoruz.<\/p>\n\n\n\n<figure class=\"wp-block-image size-full is-style-default\"><img decoding=\"async\" width=\"667\" height=\"463\" data-src=\"https:\/\/www.res-group.com\/wp-content\/smush-webp\/2023\/08\/pride_small.jpg.webp\" alt=\"Pride in RES\" class=\"wp-image-18136 lazyload\" data-srcset=\"https:\/\/www.res-group.com\/wp-content\/smush-webp\/2023\/08\/pride_small.jpg.webp 667w, https:\/\/www.res-group.com\/wp-content\/smush-webp\/2023\/08\/pride_small-300x208.jpg.webp 300w\" data-sizes=\"(max-width: 667px) 100vw, 667px\" src=\"data:image\/svg+xml;base64,PHN2ZyB3aWR0aD0iMSIgaGVpZ2h0PSIxIiB4bWxucz0iaHR0cDovL3d3dy53My5vcmcvMjAwMC9zdmciPjwvc3ZnPg==\" style=\"--smush-placeholder-width: 667px; --smush-placeholder-aspect-ratio: 667\/463;\" \/><\/figure>\n\n\n\n<p>Sadece \u00fcyelerin de\u011fil, daha geni\u015f bir organizasyonun RiSE&#8217;ye olan ba\u011fl\u0131l\u0131\u011f\u0131 RES \u00e7al\u0131\u015fanlar\u0131 \u00fczerinde kal\u0131c\u0131 bir etki yaratm\u0131\u015ft\u0131r.<\/p>\n\n\n\n<p>Steve \u015funlar\u0131 s\u00f6yledi:<\/p>\n\n\n<figure class=\"wp-block-image size-large is-resized\"><img decoding=\"async\" class=\"alignleft lazyload\" style=\"--smush-placeholder-width: 30px; --smush-placeholder-aspect-ratio: 30\/25;border-radius: 0px; width: 30px;\" data-src=\"https:\/\/www.res-group.com\/wp-content\/themes\/res\/img\/resources-single\/quote.png\" alt=\"Quote\" width=\"30\" height=\"25\" src=\"data:image\/svg+xml;base64,PHN2ZyB3aWR0aD0iMSIgaGVpZ2h0PSIxIiB4bWxucz0iaHR0cDovL3d3dy53My5vcmcvMjAwMC9zdmciPjwvc3ZnPg==\" \/><\/figure>\n\n\n<p style=\"font-size:1.67em\"><strong><em>\u201cAktif olarak bir \u00e7e\u015fitlilik ve kapsay\u0131c\u0131l\u0131k k\u00fclt\u00fcr\u00fc yaratt\u0131\u011f\u0131m\u0131z\u0131 bilmek \u00e7al\u0131\u015fma hayat\u0131m\u0131 zenginle\u015ftirdi. A\u011fdan bir y\u00f6netici bir meslekta\u015f bir arkada\u015f ve bir ebeveyn olarak becerilerimi geli\u015ftiren \u00e7ok \u015fey \u00f6\u011frendim.\u201d<\/em><\/strong><\/p>\n\n\n\n<h2 class=\"wp-block-heading\"><strong>G\u00fcvenli bir alan<\/strong><\/h2>\n\n\n\n<p>Bu y\u0131l, k\u00fcresel \u00e7al\u0131\u015fan ba\u011fl\u0131l\u0131\u011f\u0131 anketimize g\u00f6n\u00fcll\u00fc \u00f6z tan\u0131mlay\u0131c\u0131lar ekledik. Bu veriler, RES ekibimizi olu\u015fturan belirli topluluklar hakk\u0131nda de\u011ferli bilgiler sa\u011flad\u0131. LGBTQ+ \u00e7al\u0131\u015fanlar\u0131m\u0131z\u0131n deneyimi ezici bir \u00e7o\u011funlukla olumluydu ve \u015firket k\u0131yaslamam\u0131z\u0131 geride b\u0131rakt\u0131. \u0130lk g\u00fcnden itibaren pek \u00e7ok ki\u015fi RES&#8217;in kendileri olabilecekleri bir yer oldu\u011funu hissetti.<\/p>\n\n\n\n<p>Nicole \u015fu yorumda bulundu:<\/p>\n\n\n<figure class=\"wp-block-image size-large is-resized\"><img decoding=\"async\" class=\"alignleft lazyload\" style=\"--smush-placeholder-width: 30px; --smush-placeholder-aspect-ratio: 30\/25;border-radius: 0px; width: 30px;\" data-src=\"https:\/\/www.res-group.com\/wp-content\/themes\/res\/img\/resources-single\/quote.png\" alt=\"Quote\" width=\"30\" height=\"25\" src=\"data:image\/svg+xml;base64,PHN2ZyB3aWR0aD0iMSIgaGVpZ2h0PSIxIiB4bWxucz0iaHR0cDovL3d3dy53My5vcmcvMjAwMC9zdmciPjwvc3ZnPg==\" \/><\/figure>\n\n\n<p style=\"font-size:1.67em\"><strong><em>\u201cG\u00f6kku\u015fa\u011f\u0131 kordonlar\u0131n\u0131n g\u00f6r\u00fcn\u00fcrl\u00fc\u011f\u00fc, LGBT destekleyici e\u011fitimler ve RiSE&#8217;nin varl\u0131\u011f\u0131 sayesinde bekledi\u011fimden \u00e7ok daha az kayg\u0131 uyand\u0131ran bir i\u015fe al\u0131m s\u00fcreci ge\u00e7irdim. RiSE&#8217;e kat\u0131ld\u0131ktan sonra, ba\u015fka t\u00fcrl\u00fc tan\u0131\u015famayaca\u011f\u0131m pek \u00e7ok insanla tan\u0131\u015ft\u0131m ve RES&#8217;teki di\u011fer e\u015fcinsel insanlarla konu\u015farak harika zaman ge\u00e7irdim.\u201d<\/em><\/strong><\/p>\n\n\n\n<p>Onur y\u00fcr\u00fcy\u00fc\u015flerine kat\u0131l\u0131m\u0131m\u0131zdan, ofislerimizde g\u00f6r\u00fcnen g\u00f6kku\u015fa\u011f\u0131 bayraklar\u0131na ve kapsay\u0131c\u0131 \u015firket politikalar\u0131na kadar, RES&#8217;teki sohbet hi\u00e7 bu kadar a\u00e7\u0131k olmam\u0131\u015ft\u0131.<\/p>\n\n\n\n<p>Sabrina payla\u015ft\u0131:<\/p>\n\n\n<figure class=\"wp-block-image size-large is-resized\"><img decoding=\"async\" class=\"alignleft lazyload\" style=\"--smush-placeholder-width: 30px; --smush-placeholder-aspect-ratio: 30\/25;border-radius: 0px; width: 30px;\" data-src=\"https:\/\/www.res-group.com\/wp-content\/themes\/res\/img\/resources-single\/quote.png\" alt=\"Quote\" width=\"30\" height=\"25\" src=\"data:image\/svg+xml;base64,PHN2ZyB3aWR0aD0iMSIgaGVpZ2h0PSIxIiB4bWxucz0iaHR0cDovL3d3dy53My5vcmcvMjAwMC9zdmciPjwvc3ZnPg==\" \/><\/figure>\n\n\n<p style=\"font-size:1.67em\"><em>\u201c<strong>Cinsel kimli\u011fimi i\u015f arkada\u015flar\u0131ma a\u00e7ma karar\u0131m konusunda kendimi rahat ve g\u00fcvende hissetti\u011fim bir yer bulman\u0131n yan\u0131 s\u0131ra, yeni ve gelecekteki i\u015f arkada\u015flar\u0131m\u0131 kar\u015f\u0131lama ve kucaklama y\u00f6ntemlerini yaln\u0131zca te\u015fvik etmekle kalmay\u0131p geli\u015ftirmeye de devam eden bir a\u011f\u0131n par\u00e7as\u0131 oldum.\u201d<\/strong><\/em><\/p>\n\n\n\n<h2 class=\"wp-block-heading\"><strong>\u0130\u015f yerinde a\u00e7\u0131lmak<\/strong><\/h2>\n\n\n\n<p>Deloitte Global 2023 LGBT+ Inclusion @ Work raporuna g\u00f6re, i\u015f yerinde a\u00e7\u0131k olmak bir\u00e7ok ki\u015fi i\u00e7in \u00f6nemlidir, ancak yar\u0131s\u0131ndan az\u0131 t\u00fcm i\u015f arkada\u015flar\u0131yla birlikte a\u00e7\u0131k olmaktad\u0131r.<\/p>\n\n\n\n<p>\u0130\u015f yerinde a\u00e7\u0131lmak son derece ki\u015fisel ve d\u00f6n\u00fc\u015ft\u00fcr\u00fcc\u00fc bir deneyim olabilir. \u0130nan\u0131lmaz derecede \u00fcrk\u00fct\u00fcc\u00fc olabilir, ancak destekleyici bir \u00e7al\u0131\u015fma k\u00fclt\u00fcr\u00fc destek, anlay\u0131\u015f ve kabul\u00fcn kap\u0131lar\u0131n\u0131 a\u00e7abilir. Ekibimiz, a\u011f ve kapsay\u0131c\u0131 politikalar\u0131m\u0131z arac\u0131l\u0131\u011f\u0131yla g\u00f6r\u00fcn\u00fcr LGBTQ+ taahh\u00fctlerine sahip olman\u0131n etkisini payla\u015ft\u0131.<\/p>\n\n\n\n<p>Patrick \u015funlar\u0131 payla\u015ft\u0131:<\/p>\n\n\n<figure class=\"wp-block-image size-large is-resized\"><img decoding=\"async\" class=\"alignleft lazyload\" style=\"--smush-placeholder-width: 30px; --smush-placeholder-aspect-ratio: 30\/25;border-radius: 0px; width: 30px;\" data-src=\"https:\/\/www.res-group.com\/wp-content\/themes\/res\/img\/resources-single\/quote.png\" alt=\"Quote\" width=\"30\" height=\"25\" src=\"data:image\/svg+xml;base64,PHN2ZyB3aWR0aD0iMSIgaGVpZ2h0PSIxIiB4bWxucz0iaHR0cDovL3d3dy53My5vcmcvMjAwMC9zdmciPjwvc3ZnPg==\" \/><\/figure>\n\n\n<p style=\"font-size:1.67em\"><em><strong>\u201cRES&#8217;te \u00e7al\u0131\u015fmaya ba\u015flad\u0131\u011f\u0131mda RiSE&#8217;den haberdar olmak beni rahatlatt\u0131. B\u00f6yle bir grubun var olmas\u0131, olumsuz sonu\u00e7lardan korkmadan i\u015f yerinde a\u00e7\u0131lmam konusunda bana rahatl\u0131k verdi. Yeni bir i\u015f yerinde a\u00e7\u0131lmak stresli bir deneyim olabilir. RiSE&#8217;in g\u00f6r\u00fcn\u00fcrl\u00fc\u011f\u00fc, s\u00fcre\u00e7le ilgili stresin bir k\u0131sm\u0131n\u0131 hafifletmeye yard\u0131mc\u0131 oldu.\u201d<\/strong><\/em><\/p>\n\n\n\n<p>Kendilerine soruldu\u011funda, pek \u00e7ok ki\u015fi RES&#8217;in kendilerini ger\u00e7ekten rahat hissettikleri ilk yer oldu\u011funu i\u015fte otantik benlikleri olduklar\u0131n\u0131 payla\u015ft\u0131.<\/p>\n\n\n\n<p>A\u011f\u0131n bir ba\u015fka \u00fcyesi \u015fu yorumu yapt\u0131:<\/p>\n\n\n<figure class=\"wp-block-image size-large is-resized\"><img decoding=\"async\" class=\"alignleft lazyload\" style=\"--smush-placeholder-width: 30px; --smush-placeholder-aspect-ratio: 30\/25;border-radius: 0px; width: 30px;\" data-src=\"https:\/\/www.res-group.com\/wp-content\/themes\/res\/img\/resources-single\/quote.png\" alt=\"Quote\" width=\"30\" height=\"25\" src=\"data:image\/svg+xml;base64,PHN2ZyB3aWR0aD0iMSIgaGVpZ2h0PSIxIiB4bWxucz0iaHR0cDovL3d3dy53My5vcmcvMjAwMC9zdmciPjwvc3ZnPg==\" \/><\/figure>\n\n\n<p class=\"has-text-align-left\" style=\"font-size:1.67em\"><strong><em>\u201c\u00c7al\u0131\u015fma hayat\u0131mda ilk kez i\u015f yerinde tamamen kendim olabilmem i\u00e7in desteklendi\u011fimi ve cesaretlendirildi\u011fimi hissettim. &#8216;E\u015fcinselli\u011fim&#8217; reklam\u0131n\u0131 yapmad\u0131\u011f\u0131m ancak kendim olmaktan da \u00e7ekinmedi\u011fim bir par\u00e7am. RES&#8217;in k\u00fclt\u00fcr\u00fc bireyselli\u011fimi onayl\u0131yor ve destekliyor.\u201d<\/em><\/strong><\/p>\n\n\n\n<h2 class=\"wp-block-heading\"><strong>Sembolizm \u00f6nemlidir, Onur i\u00e7in logomuzu de\u011fi\u015ftiriyoruz<\/strong><\/h2>\n\n\n\n<p>G\u00f6r\u00fcn\u00fcrl\u00fck ve temsilin \u00f6nemli oldu\u011fu bir d\u00fcnyada, \u015firket logomuzu Onur Ay\u0131&#8217;n\u0131 kutlamak \u00fczere de\u011fi\u015ftirmek, LGBTQ+ toplulu\u011fu i\u00e7in g\u00fc\u00e7l\u00fc bir dayan\u0131\u015fma ve destek ifadesi haline geliyor.<\/p>\n\n\n\n<p>A\u011fa RES logosunu de\u011fi\u015ftirmenin kendileri i\u00e7in ne anlama geldi\u011fini sordu\u011fumuzda, bir\u00e7o\u011fu, kat\u0131lan kurulu\u015flar taraf\u0131ndan ger\u00e7ek bir de\u011fi\u015fim uygulan\u0131yorsa, bunun sadece sosyal bir s\u00f6ylem olmaktan daha fazlas\u0131 oldu\u011funu payla\u015ft\u0131.<\/p>\n\n\n<figure class=\"wp-block-image size-large is-resized\"><img decoding=\"async\" class=\"alignleft lazyload\" style=\"--smush-placeholder-width: 30px; --smush-placeholder-aspect-ratio: 30\/25;border-radius: 0px; width: 30px;\" data-src=\"https:\/\/www.res-group.com\/wp-content\/themes\/res\/img\/resources-single\/quote.png\" alt=\"Quote\" width=\"30\" height=\"25\" src=\"data:image\/svg+xml;base64,PHN2ZyB3aWR0aD0iMSIgaGVpZ2h0PSIxIiB4bWxucz0iaHR0cDovL3d3dy53My5vcmcvMjAwMC9zdmciPjwvc3ZnPg==\" \/><\/figure>\n\n\n<blockquote class=\"wp-block-quote is-layout-flow wp-block-quote-is-layout-flow\">\n<p class=\"has-text-align-left\" style=\"font-size:1.67em\"><em><strong>Arkas\u0131ndaki \u015firket toplumumuz i\u00e7in anlaml\u0131 bir i\u015f yapm\u0131yorsa, eylemin tek ba\u015f\u0131na bir anlam\u0131 yok. \u00d6te yandan RES, bu yolda y\u00fcr\u00fcyor<\/strong>.<\/em><\/p>\n<cite>diye belirtti Patrick<\/cite><\/blockquote>\n\n\n\n<p class=\"has-text-align-left\">Sabrina bunu \u015f\u00f6yle ifade etti:<\/p>\n\n\n<figure class=\"wp-block-image size-large is-resized\"><img decoding=\"async\" class=\"alignleft lazyload\" style=\"--smush-placeholder-width: 30px; --smush-placeholder-aspect-ratio: 30\/25;border-radius: 0px; width: 30px;\" data-src=\"https:\/\/www.res-group.com\/wp-content\/themes\/res\/img\/resources-single\/quote.png\" alt=\"Quote\" width=\"30\" height=\"25\" src=\"data:image\/svg+xml;base64,PHN2ZyB3aWR0aD0iMSIgaGVpZ2h0PSIxIiB4bWxucz0iaHR0cDovL3d3dy53My5vcmcvMjAwMC9zdmciPjwvc3ZnPg==\" \/><\/figure>\n\n\n<p class=\"has-text-align-left\" style=\"font-size:1.67em\"><em><strong>\u015eimdi RES i\u00e7in \u00e7al\u0131\u015f\u0131yorum ve k\u00fclt\u00fcr\u00fc deneyimledim; RES, a\u00e7\u0131kl\u0131k konusunda amiral gemisini temsil ediyor, \u00e7al\u0131\u015fanlar\u0131n \u00e7al\u0131\u015fma alanlar\u0131nda kendilerini rahat hissetmeleri, bu \u015firkette payla\u015fmaya ve duyulmaya yer oldu\u011funu bilmeleri i\u00e7in<\/strong>.<\/em><\/p>\n\n\n\n<p>Son birka\u00e7 y\u0131lda at\u0131lan olumlu ad\u0131mlardan gurur duyuyoruz. Yine de, yeni nesiller i\u015fyerine girdik\u00e7e ve meslekta\u015flar\u0131m\u0131z\u0131n ihtiya\u00e7lar\u0131 geli\u015fmeye devam ettik\u00e7e yap\u0131lacak daha \u00e7ok \u015fey oldu\u011fun g\u00f6r\u00fcyoruz.<\/p>\n\n\n\n<p>Ethan payla\u015ft\u0131:<\/p>\n\n\n<figure class=\"wp-block-image size-large is-resized\"><img decoding=\"async\" class=\"alignleft lazyload\" style=\"--smush-placeholder-width: 30px; --smush-placeholder-aspect-ratio: 30\/25;border-radius: 0px; width: 30px;\" data-src=\"https:\/\/www.res-group.com\/wp-content\/themes\/res\/img\/resources-single\/quote.png\" alt=\"Quote\" width=\"30\" height=\"25\" src=\"data:image\/svg+xml;base64,PHN2ZyB3aWR0aD0iMSIgaGVpZ2h0PSIxIiB4bWxucz0iaHR0cDovL3d3dy53My5vcmcvMjAwMC9zdmciPjwvc3ZnPg==\" \/><\/figure>\n\n\n<p class=\"has-text-align-left\" style=\"font-size:1.67em\"><em><strong>LGBTQ+ toplulu\u011funun bir \u00fcyesi RES&#8217;te ne kadar ho\u015f kar\u015f\u0131land\u0131klar\u0131n\u0131 s\u00f6ylemek i\u00e7in bana ula\u015ft\u0131\u011f\u0131nda gurur duyuyorum. Bir\u00e7ok ki\u015fi, i\u015fyerinde &#8216;a\u00e7\u0131k&#8217; olduklar\u0131 ilk \u015firketin buras\u0131 oldu\u011funu s\u00f6ylemek i\u00e7in \u00f6ne \u00e7\u0131kt\u0131. Birka\u00e7 hafta \u00f6nce bir meslekta\u015f\u0131m, &#8216; neredeyse bir y\u0131ld\u0131r RES&#8217;te \u00e7al\u0131\u015f\u0131yorum, RES&#8217;in toplulu\u011fumuzu nas\u0131l destekledi\u011fine dair farkl\u0131l\u0131k dikkat \u00e7ekici&#8217; diye payla\u015ft\u0131. Yapt\u0131\u011f\u0131m\u0131z i\u015fi i\u015fte bu y\u00fczden yap\u0131yoruz<\/strong>.<\/em><\/p>\n","protected":false},"excerpt":{"rendered":"<p>Her y\u0131l d\u00fcnyan\u0131n d\u00f6rt bir yan\u0131ndan \u015firketler Onur\u2019u kutluyor. Ancak ger\u00e7ek \u015fu ki, LGBTQ+ toplulu\u011fumuz y\u0131lda bir kez yap\u0131lan bir kabulden daha fazlas\u0131n\u0131 bekliyor. De\u011fi\u015fimin gerekli oldu\u011fu yerlerde ger\u00e7ek bir de\u011fi\u015fim yaratmak istiyorlar. UCLA ara\u015ft\u0131rmas\u0131, her 3 LGBT \u00e7al\u0131\u015fandan 1&#8217;inin i\u015fyerlerinde LGBT&#8217;lerin d\u00e2hil edilmemesi nedeniyle i\u015ften ayr\u0131ld\u0131\u011f\u0131n\u0131 belirtmekte. Kapsay\u0131c\u0131l\u0131k taahh\u00fcd\u00fcm\u00fcz,&#8230;<\/p>\n","protected":false},"author":1,"featured_media":18134,"comment_status":"open","ping_status":"open","sticky":false,"template":"","format":"standard","meta":{"_acf_changed":false,"footnotes":""},"categories":[326],"tags":[],"region":[],"content_type":[309],"class_list":["post-25995","post","type-post","status-publish","format-standard","has-post-thumbnail","hentry","category-people-tr","content_type-blog-tr"],"acf":[],"yoast_head":"<!-- This site is optimized with the Yoast SEO Premium plugin v27.2 (Yoast SEO v27.2) - https:\/\/yoast.com\/product\/yoast-seo-premium-wordpress\/ -->\n<title>RiSE, ONUR Y\u00fckseli\u015fi - RES<\/title>\n<meta name=\"robots\" content=\"index, follow, max-snippet:-1, max-image-preview:large, max-video-preview:-1\" \/>\n<link rel=\"canonical\" href=\"https:\/\/www.res-group.com\/tr\/resources\/blog\/rise-up-for-pride\/\" \/>\n<meta property=\"og:locale\" content=\"tr_TR\" \/>\n<meta property=\"og:type\" content=\"article\" \/>\n<meta property=\"og:title\" content=\"RiSE, ONUR Y\u00fckseli\u015fi\" \/>\n<meta property=\"og:description\" content=\"Her y\u0131l d\u00fcnyan\u0131n d\u00f6rt bir yan\u0131ndan \u015firketler Onur\u2019u kutluyor. Ancak ger\u00e7ek \u015fu ki, LGBTQ+ toplulu\u011fumuz y\u0131lda bir kez yap\u0131lan bir kabulden daha fazlas\u0131n\u0131 bekliyor. De\u011fi\u015fimin gerekli oldu\u011fu yerlerde ger\u00e7ek bir de\u011fi\u015fim yaratmak istiyorlar. UCLA ara\u015ft\u0131rmas\u0131, her 3 LGBT \u00e7al\u0131\u015fandan 1&#8217;inin i\u015fyerlerinde LGBT&#8217;lerin d\u00e2hil edilmemesi nedeniyle i\u015ften ayr\u0131ld\u0131\u011f\u0131n\u0131 belirtmekte. Kapsay\u0131c\u0131l\u0131k taahh\u00fcd\u00fcm\u00fcz,...\" \/>\n<meta property=\"og:url\" content=\"https:\/\/www.res-group.com\/tr\/resources\/blog\/rise-up-for-pride\/\" \/>\n<meta property=\"og:site_name\" content=\"RES\" \/>\n<meta property=\"article:published_time\" content=\"2024-06-07T14:23:18+00:00\" \/>\n<meta property=\"article:modified_time\" content=\"2024-06-12T10:04:09+00:00\" \/>\n<meta property=\"og:image\" content=\"https:\/\/www.res-group.com\/wp-content\/uploads\/2023\/08\/pride.jpg\" \/>\n\t<meta property=\"og:image:width\" content=\"1362\" \/>\n\t<meta property=\"og:image:height\" content=\"900\" \/>\n\t<meta property=\"og:image:type\" content=\"image\/jpeg\" \/>\n<meta name=\"author\" content=\"RES\" \/>\n<meta name=\"twitter:card\" content=\"summary_large_image\" \/>\n<meta name=\"twitter:creator\" content=\"@RESGroup\" \/>\n<meta name=\"twitter:site\" content=\"@RESGroup\" \/>\n<meta name=\"twitter:label1\" content=\"Yazan:\" \/>\n\t<meta name=\"twitter:data1\" content=\"RES\" \/>\n\t<meta name=\"twitter:label2\" content=\"Tahmini okuma s\u00fcresi\" \/>\n\t<meta name=\"twitter:data2\" content=\"7 dakika\" \/>\n<script type=\"application\/ld+json\" class=\"yoast-schema-graph\">{\"@context\":\"https:\/\/schema.org\",\"@graph\":[{\"@type\":\"Article\",\"@id\":\"https:\/\/www.res-group.com\/tr\/resources\/blog\/rise-up-for-pride\/#article\",\"isPartOf\":{\"@id\":\"https:\/\/www.res-group.com\/tr\/resources\/blog\/rise-up-for-pride\/\"},\"author\":{\"name\":\"RES\",\"@id\":\"https:\/\/www.res-group.com\/tr\/#\/schema\/person\/e4578b8414d75c1237c6dae6f38318a2\"},\"headline\":\"RiSE, ONUR Y\u00fckseli\u015fi\",\"datePublished\":\"2024-06-07T14:23:18+00:00\",\"dateModified\":\"2024-06-12T10:04:09+00:00\",\"mainEntityOfPage\":{\"@id\":\"https:\/\/www.res-group.com\/tr\/resources\/blog\/rise-up-for-pride\/\"},\"wordCount\":1446,\"commentCount\":0,\"publisher\":{\"@id\":\"https:\/\/www.res-group.com\/tr\/#organization\"},\"image\":{\"@id\":\"https:\/\/www.res-group.com\/tr\/resources\/blog\/rise-up-for-pride\/#primaryimage\"},\"thumbnailUrl\":\"https:\/\/www.res-group.com\/wp-content\/uploads\/2023\/08\/pride.jpg\",\"articleSection\":[\"People\"],\"inLanguage\":\"tr\",\"potentialAction\":[{\"@type\":\"CommentAction\",\"name\":\"Comment\",\"target\":[\"https:\/\/www.res-group.com\/tr\/resources\/blog\/rise-up-for-pride\/#respond\"]}]},{\"@type\":\"WebPage\",\"@id\":\"https:\/\/www.res-group.com\/tr\/resources\/blog\/rise-up-for-pride\/\",\"url\":\"https:\/\/www.res-group.com\/tr\/resources\/blog\/rise-up-for-pride\/\",\"name\":\"RiSE, ONUR Y\u00fckseli\u015fi - RES\",\"isPartOf\":{\"@id\":\"https:\/\/www.res-group.com\/tr\/#website\"},\"primaryImageOfPage\":{\"@id\":\"https:\/\/www.res-group.com\/tr\/resources\/blog\/rise-up-for-pride\/#primaryimage\"},\"image\":{\"@id\":\"https:\/\/www.res-group.com\/tr\/resources\/blog\/rise-up-for-pride\/#primaryimage\"},\"thumbnailUrl\":\"https:\/\/www.res-group.com\/wp-content\/uploads\/2023\/08\/pride.jpg\",\"datePublished\":\"2024-06-07T14:23:18+00:00\",\"dateModified\":\"2024-06-12T10:04:09+00:00\",\"breadcrumb\":{\"@id\":\"https:\/\/www.res-group.com\/tr\/resources\/blog\/rise-up-for-pride\/#breadcrumb\"},\"inLanguage\":\"tr\",\"potentialAction\":[{\"@type\":\"ReadAction\",\"target\":[\"https:\/\/www.res-group.com\/tr\/resources\/blog\/rise-up-for-pride\/\"]}]},{\"@type\":\"ImageObject\",\"inLanguage\":\"tr\",\"@id\":\"https:\/\/www.res-group.com\/tr\/resources\/blog\/rise-up-for-pride\/#primaryimage\",\"url\":\"https:\/\/www.res-group.com\/wp-content\/uploads\/2023\/08\/pride.jpg\",\"contentUrl\":\"https:\/\/www.res-group.com\/wp-content\/uploads\/2023\/08\/pride.jpg\",\"width\":1362,\"height\":900,\"caption\":\"RES supports PRIDE and diversity\"},{\"@type\":\"BreadcrumbList\",\"@id\":\"https:\/\/www.res-group.com\/tr\/resources\/blog\/rise-up-for-pride\/#breadcrumb\",\"itemListElement\":[{\"@type\":\"ListItem\",\"position\":1,\"name\":\"In\u00edcio\",\"item\":\"https:\/\/www.res-group.com\/tr\/\"},{\"@type\":\"ListItem\",\"position\":2,\"name\":\"RiSE, ONUR Y\u00fckseli\u015fi\"}]},{\"@type\":\"WebSite\",\"@id\":\"https:\/\/www.res-group.com\/tr\/#website\",\"url\":\"https:\/\/www.res-group.com\/tr\/\",\"name\":\"res-group.com\",\"description\":\"The power behind a clean energy future\",\"publisher\":{\"@id\":\"https:\/\/www.res-group.com\/tr\/#organization\"},\"potentialAction\":[{\"@type\":\"SearchAction\",\"target\":{\"@type\":\"EntryPoint\",\"urlTemplate\":\"https:\/\/www.res-group.com\/tr\/?s={search_term_string}\"},\"query-input\":{\"@type\":\"PropertyValueSpecification\",\"valueRequired\":true,\"valueName\":\"search_term_string\"}}],\"inLanguage\":\"tr\"},{\"@type\":\"Organization\",\"@id\":\"https:\/\/www.res-group.com\/tr\/#organization\",\"name\":\"RES\",\"url\":\"https:\/\/www.res-group.com\/tr\/\",\"logo\":{\"@type\":\"ImageObject\",\"inLanguage\":\"tr\",\"@id\":\"https:\/\/www.res-group.com\/tr\/#\/schema\/logo\/image\/\",\"url\":\"https:\/\/www.res-group.com\/wp-content\/uploads\/2023\/05\/header-logo.svg\",\"contentUrl\":\"https:\/\/www.res-group.com\/wp-content\/uploads\/2023\/05\/header-logo.svg\",\"width\":82.634,\"height\":38,\"caption\":\"RES\"},\"image\":{\"@id\":\"https:\/\/www.res-group.com\/tr\/#\/schema\/logo\/image\/\"},\"sameAs\":[\"https:\/\/x.com\/RESGroup\",\"https:\/\/www.instagram.com\/res_powerforgood\",\"https:\/\/www.linkedin.com\/company\/res-group\/\",\"https:\/\/vimeo.com\/resgroup\"]},{\"@type\":\"Person\",\"@id\":\"https:\/\/www.res-group.com\/tr\/#\/schema\/person\/e4578b8414d75c1237c6dae6f38318a2\",\"name\":\"RES\",\"image\":{\"@type\":\"ImageObject\",\"inLanguage\":\"tr\",\"@id\":\"https:\/\/secure.gravatar.com\/avatar\/053fca53b00a810e8929097a40153a54ea325f90ee6ae9b45eb23c7a467d8d65?s=96&d=mm&r=g\",\"url\":\"https:\/\/secure.gravatar.com\/avatar\/053fca53b00a810e8929097a40153a54ea325f90ee6ae9b45eb23c7a467d8d65?s=96&d=mm&r=g\",\"contentUrl\":\"https:\/\/secure.gravatar.com\/avatar\/053fca53b00a810e8929097a40153a54ea325f90ee6ae9b45eb23c7a467d8d65?s=96&d=mm&r=g\",\"caption\":\"RES\"},\"sameAs\":[\"http:\/\/res\"],\"url\":\"https:\/\/www.res-group.com\/tr\/author\/manageruser\/\"}]}<\/script>\n<!-- \/ Yoast SEO Premium plugin. -->","yoast_head_json":{"title":"RiSE, ONUR Y\u00fckseli\u015fi - RES","robots":{"index":"index","follow":"follow","max-snippet":"max-snippet:-1","max-image-preview":"max-image-preview:large","max-video-preview":"max-video-preview:-1"},"canonical":"https:\/\/www.res-group.com\/tr\/resources\/blog\/rise-up-for-pride\/","og_locale":"tr_TR","og_type":"article","og_title":"RiSE, ONUR Y\u00fckseli\u015fi","og_description":"Her y\u0131l d\u00fcnyan\u0131n d\u00f6rt bir yan\u0131ndan \u015firketler Onur\u2019u kutluyor. Ancak ger\u00e7ek \u015fu ki, LGBTQ+ toplulu\u011fumuz y\u0131lda bir kez yap\u0131lan bir kabulden daha fazlas\u0131n\u0131 bekliyor. De\u011fi\u015fimin gerekli oldu\u011fu yerlerde ger\u00e7ek bir de\u011fi\u015fim yaratmak istiyorlar. UCLA ara\u015ft\u0131rmas\u0131, her 3 LGBT \u00e7al\u0131\u015fandan 1&#8217;inin i\u015fyerlerinde LGBT&#8217;lerin d\u00e2hil edilmemesi nedeniyle i\u015ften ayr\u0131ld\u0131\u011f\u0131n\u0131 belirtmekte. Kapsay\u0131c\u0131l\u0131k taahh\u00fcd\u00fcm\u00fcz,...","og_url":"https:\/\/www.res-group.com\/tr\/resources\/blog\/rise-up-for-pride\/","og_site_name":"RES","article_published_time":"2024-06-07T14:23:18+00:00","article_modified_time":"2024-06-12T10:04:09+00:00","og_image":[{"width":1362,"height":900,"url":"https:\/\/www.res-group.com\/wp-content\/uploads\/2023\/08\/pride.jpg","type":"image\/jpeg"}],"author":"RES","twitter_card":"summary_large_image","twitter_creator":"@RESGroup","twitter_site":"@RESGroup","twitter_misc":{"Yazan:":"RES","Tahmini okuma s\u00fcresi":"7 dakika"},"schema":{"@context":"https:\/\/schema.org","@graph":[{"@type":"Article","@id":"https:\/\/www.res-group.com\/tr\/resources\/blog\/rise-up-for-pride\/#article","isPartOf":{"@id":"https:\/\/www.res-group.com\/tr\/resources\/blog\/rise-up-for-pride\/"},"author":{"name":"RES","@id":"https:\/\/www.res-group.com\/tr\/#\/schema\/person\/e4578b8414d75c1237c6dae6f38318a2"},"headline":"RiSE, ONUR Y\u00fckseli\u015fi","datePublished":"2024-06-07T14:23:18+00:00","dateModified":"2024-06-12T10:04:09+00:00","mainEntityOfPage":{"@id":"https:\/\/www.res-group.com\/tr\/resources\/blog\/rise-up-for-pride\/"},"wordCount":1446,"commentCount":0,"publisher":{"@id":"https:\/\/www.res-group.com\/tr\/#organization"},"image":{"@id":"https:\/\/www.res-group.com\/tr\/resources\/blog\/rise-up-for-pride\/#primaryimage"},"thumbnailUrl":"https:\/\/www.res-group.com\/wp-content\/uploads\/2023\/08\/pride.jpg","articleSection":["People"],"inLanguage":"tr","potentialAction":[{"@type":"CommentAction","name":"Comment","target":["https:\/\/www.res-group.com\/tr\/resources\/blog\/rise-up-for-pride\/#respond"]}]},{"@type":"WebPage","@id":"https:\/\/www.res-group.com\/tr\/resources\/blog\/rise-up-for-pride\/","url":"https:\/\/www.res-group.com\/tr\/resources\/blog\/rise-up-for-pride\/","name":"RiSE, ONUR Y\u00fckseli\u015fi - RES","isPartOf":{"@id":"https:\/\/www.res-group.com\/tr\/#website"},"primaryImageOfPage":{"@id":"https:\/\/www.res-group.com\/tr\/resources\/blog\/rise-up-for-pride\/#primaryimage"},"image":{"@id":"https:\/\/www.res-group.com\/tr\/resources\/blog\/rise-up-for-pride\/#primaryimage"},"thumbnailUrl":"https:\/\/www.res-group.com\/wp-content\/uploads\/2023\/08\/pride.jpg","datePublished":"2024-06-07T14:23:18+00:00","dateModified":"2024-06-12T10:04:09+00:00","breadcrumb":{"@id":"https:\/\/www.res-group.com\/tr\/resources\/blog\/rise-up-for-pride\/#breadcrumb"},"inLanguage":"tr","potentialAction":[{"@type":"ReadAction","target":["https:\/\/www.res-group.com\/tr\/resources\/blog\/rise-up-for-pride\/"]}]},{"@type":"ImageObject","inLanguage":"tr","@id":"https:\/\/www.res-group.com\/tr\/resources\/blog\/rise-up-for-pride\/#primaryimage","url":"https:\/\/www.res-group.com\/wp-content\/uploads\/2023\/08\/pride.jpg","contentUrl":"https:\/\/www.res-group.com\/wp-content\/uploads\/2023\/08\/pride.jpg","width":1362,"height":900,"caption":"RES supports PRIDE and diversity"},{"@type":"BreadcrumbList","@id":"https:\/\/www.res-group.com\/tr\/resources\/blog\/rise-up-for-pride\/#breadcrumb","itemListElement":[{"@type":"ListItem","position":1,"name":"In\u00edcio","item":"https:\/\/www.res-group.com\/tr\/"},{"@type":"ListItem","position":2,"name":"RiSE, ONUR Y\u00fckseli\u015fi"}]},{"@type":"WebSite","@id":"https:\/\/www.res-group.com\/tr\/#website","url":"https:\/\/www.res-group.com\/tr\/","name":"res-group.com","description":"The power behind a clean energy future","publisher":{"@id":"https:\/\/www.res-group.com\/tr\/#organization"},"potentialAction":[{"@type":"SearchAction","target":{"@type":"EntryPoint","urlTemplate":"https:\/\/www.res-group.com\/tr\/?s={search_term_string}"},"query-input":{"@type":"PropertyValueSpecification","valueRequired":true,"valueName":"search_term_string"}}],"inLanguage":"tr"},{"@type":"Organization","@id":"https:\/\/www.res-group.com\/tr\/#organization","name":"RES","url":"https:\/\/www.res-group.com\/tr\/","logo":{"@type":"ImageObject","inLanguage":"tr","@id":"https:\/\/www.res-group.com\/tr\/#\/schema\/logo\/image\/","url":"https:\/\/www.res-group.com\/wp-content\/uploads\/2023\/05\/header-logo.svg","contentUrl":"https:\/\/www.res-group.com\/wp-content\/uploads\/2023\/05\/header-logo.svg","width":82.634,"height":38,"caption":"RES"},"image":{"@id":"https:\/\/www.res-group.com\/tr\/#\/schema\/logo\/image\/"},"sameAs":["https:\/\/x.com\/RESGroup","https:\/\/www.instagram.com\/res_powerforgood","https:\/\/www.linkedin.com\/company\/res-group\/","https:\/\/vimeo.com\/resgroup"]},{"@type":"Person","@id":"https:\/\/www.res-group.com\/tr\/#\/schema\/person\/e4578b8414d75c1237c6dae6f38318a2","name":"RES","image":{"@type":"ImageObject","inLanguage":"tr","@id":"https:\/\/secure.gravatar.com\/avatar\/053fca53b00a810e8929097a40153a54ea325f90ee6ae9b45eb23c7a467d8d65?s=96&d=mm&r=g","url":"https:\/\/secure.gravatar.com\/avatar\/053fca53b00a810e8929097a40153a54ea325f90ee6ae9b45eb23c7a467d8d65?s=96&d=mm&r=g","contentUrl":"https:\/\/secure.gravatar.com\/avatar\/053fca53b00a810e8929097a40153a54ea325f90ee6ae9b45eb23c7a467d8d65?s=96&d=mm&r=g","caption":"RES"},"sameAs":["http:\/\/res"],"url":"https:\/\/www.res-group.com\/tr\/author\/manageruser\/"}]}},"_links":{"self":[{"href":"https:\/\/www.res-group.com\/tr\/wp-json\/wp\/v2\/posts\/25995","targetHints":{"allow":["GET"]}}],"collection":[{"href":"https:\/\/www.res-group.com\/tr\/wp-json\/wp\/v2\/posts"}],"about":[{"href":"https:\/\/www.res-group.com\/tr\/wp-json\/wp\/v2\/types\/post"}],"author":[{"embeddable":true,"href":"https:\/\/www.res-group.com\/tr\/wp-json\/wp\/v2\/users\/1"}],"replies":[{"embeddable":true,"href":"https:\/\/www.res-group.com\/tr\/wp-json\/wp\/v2\/comments?post=25995"}],"version-history":[{"count":0,"href":"https:\/\/www.res-group.com\/tr\/wp-json\/wp\/v2\/posts\/25995\/revisions"}],"wp:featuredmedia":[{"embeddable":true,"href":"https:\/\/www.res-group.com\/tr\/wp-json\/wp\/v2\/media\/18134"}],"wp:attachment":[{"href":"https:\/\/www.res-group.com\/tr\/wp-json\/wp\/v2\/media?parent=25995"}],"wp:term":[{"taxonomy":"category","embeddable":true,"href":"https:\/\/www.res-group.com\/tr\/wp-json\/wp\/v2\/categories?post=25995"},{"taxonomy":"post_tag","embeddable":true,"href":"https:\/\/www.res-group.com\/tr\/wp-json\/wp\/v2\/tags?post=25995"},{"taxonomy":"region","embeddable":true,"href":"https:\/\/www.res-group.com\/tr\/wp-json\/wp\/v2\/region?post=25995"},{"taxonomy":"content_type","embeddable":true,"href":"https:\/\/www.res-group.com\/tr\/wp-json\/wp\/v2\/content_type?post=25995"}],"curies":[{"name":"wp","href":"https:\/\/api.w.org\/{rel}","templated":true}]}}