{"id":25770,"date":"2024-04-30T09:22:30","date_gmt":"2024-04-30T08:22:30","guid":{"rendered":"https:\/\/www.res-group.com\/?p=25770"},"modified":"2024-04-30T10:24:13","modified_gmt":"2024-04-30T09:24:13","slug":"sveriges-storsta-batteripark-ar-nu-i-drift","status":"publish","type":"post","link":"https:\/\/www.res-group.com\/sv\/resources\/nyheter\/sveriges-storsta-batteripark-ar-nu-i-drift\/","title":{"rendered":"Sveriges st\u00f6rsta batteripark \u00e4r nu i drift!"},"content":{"rendered":"\n<p><em>Bild: Axpo<\/em><\/p>\n\n\n\n<p><strong>I Landskrona st\u00e5r nu Sveriges st\u00f6rsta batterilager, Elektra, f\u00e4rdigt. Ett projekt som RES har utvecklat, tillhandah\u00e5llit byggledningstj\u00e4nster i och nu driftar. Under de senaste veckorna har slutgiltiga tester genomf\u00f6rts och batterilagringen \u00e4r nu redo f\u00f6r att anv\u00e4ndas och st\u00f6tta eln\u00e4tet med sina 20 MW\/ 20 MWh i kapacitet &#8211; vilket motsvarar en tredjedel av Landskronas uttag.\u00a0<\/strong><\/p>\n\n\n\n<p>Efterfr\u00e5gan p\u00e5 batterilagring har \u00f6kat drastiskt och \u00e4r en utpekad effektiv metod f\u00f6r stabilisering och balansering av eln\u00e4tet i den f\u00f6rnybara energimixen.<\/p>\n\n\n\n<p>\u2013 Vi \u00e4r v\u00e4ldigt glada f\u00f6r att se Elektra f\u00e4rdigbyggt. Fr\u00e5n utveckling till byggnation och drifts\u00e4ttning har det g\u00e5tt snabbt och det \u00e4r vi v\u00e4ldigt glada och stolta \u00f6ver. Elektra \u00e4r ett viktigt projekt f\u00f6r s\u00e5v\u00e4l Landskrona som det svenska eln\u00e4tet i stort. Projekt som detta hj\u00e4lper v\u00e5rt eln\u00e4t att bli mindre k\u00e4nsligt f\u00f6r str\u00f6mavbrott, s\u00e4ger Emelie Glave, RES projektledare f\u00f6r Elektra.<\/p>\n\n\n\n<p>RES \u00e4r en erfaren akt\u00f6r inom f\u00f6rnybar energi som funnits i \u00f6ver 40 \u00e5r. RES utvecklar, bygger och driftar projekt inom batterilagring, solenergi, vindkraft och gr\u00f6n v\u00e4tgas. Den ackumulerade kunskap och kompetens som finns inom organisationen skapar stora m\u00f6jligheter att skr\u00e4ddarsy l\u00f6sningar f\u00f6r lokala energibehov.<\/p>\n\n\n\n<p>\u2013 Elektra \u00e4r RES f\u00f6rsta f\u00e4rdiga batteriprojekt i Norden men vi \u00e4r en global organisation med kompetenta kollegor v\u00e4rlden \u00f6ver som jobbat med BESS-projekt i m\u00e5nga \u00e5r. Den interna kunskapsdelningen m\u00f6jligg\u00f6r att vi kan utveckla storskaliga batteriprojekt d\u00e4r de g\u00f6r mest nytta, s\u00e4ger Fredrik \u00c5kerman, RES projektutvecklare.<\/p>\n\n\n\n<p>Elektra \u00e4r ocks\u00e5 den f\u00f6rsta anl\u00e4ggningen i raden av batteri- och solcellsparker som RES tar \u00f6ver i Norden, och ansvarar f\u00f6r drift och underh\u00e5ll. Det finns ett stort behov av en komplett partner f\u00f6r drift och underh\u00e5ll av det v\u00e4xande antalet storskaliga batteri- och solcellsanl\u00e4ggningar, vilket RES levererat under m\u00e5nga \u00e5r till kunder i andra regioner. I RES drift och underh\u00e5lls\u00e5tagande ing\u00e5r, f\u00f6rutom f\u00f6rebyggande och \u00e5tg\u00e4rdande underh\u00e5ll, konstant \u00f6vervakning fr\u00e5n RES \u00f6vervakningscentral 24\/7\/365, och eskalering, driftuppf\u00f6ljning och rapportering av de systemkritiska st\u00f6dtj\u00e4nsterna anl\u00e4ggningarna levererar.<\/p>\n\n\n\n<p>I dagsl\u00e4get \u00e4r Elektra Sveriges st\u00f6rsta batteriprojekt, men antagligen inte l\u00e4nge till. N\u00e5got som RES ser positivt p\u00e5.<\/p>\n\n\n\n<p>\u2013 Det \u00e4r sj\u00e4lvklart positivt att energilagringen g\u00e5r fram\u00e5t i Sverige och vi ser det som en \u00e4ra och ett n\u00f6je att vara med och driva den utvecklingen fram\u00e5t. Batteriprojekt som Elektra \u00e4r en bra st\u00f6dtj\u00e4nst som m\u00f6jligg\u00f6r j\u00e4mnare elf\u00f6rs\u00f6rjning av den f\u00f6rnybara energimixen. N\u00e5got som i sin tur inneb\u00e4r att det \u00e4r en m\u00f6jligg\u00f6rare f\u00f6r att fasa ut fossila energik\u00e4llor, S\u00e4ger Fredrik \u00c5kerman.<\/p>\n\n\n\n<p>Elektra \u00e4r utvecklat av RES och SCR. Det f\u00f6rv\u00e4rvades sedan av Axpo Group som byggt projektet med byggledningstj\u00e4nster fr\u00e5n RES. Batterier, v\u00e4xelriktare och transformatorer kommer fr\u00e5n Sungrow medan st\u00e4llverksbyggnad, st\u00e4llverk, ledningar och transformator levererats av Omexom. SCADA-designen \u00e4r gjord av Proelektro och anv\u00e4ndandet av RES energiledningssystem RESolve, har definitivt underl\u00e4ttat den snabba drifts\u00e4ttningen. Det \u00e4r en innovativ och effektiv programvara som utvecklats av interna experter hos RES f\u00f6r att maximera potentiella int\u00e4ktsstr\u00f6mmar.<\/p>\n\n\n\n<figure class=\"wp-block-image size-large\"><img decoding=\"async\" width=\"1024\" height=\"683\" data-src=\"https:\/\/www.res-group.com\/wp-content\/smush-webp\/2024\/04\/David-Elg-Moob-battery-park-37-1024x683.png.webp\" alt=\"\" class=\"wp-image-25779 lazyload\" data-srcset=\"https:\/\/www.res-group.com\/wp-content\/smush-webp\/2024\/04\/David-Elg-Moob-battery-park-37-1024x683.png.webp 1024w, https:\/\/www.res-group.com\/wp-content\/smush-webp\/2024\/04\/David-Elg-Moob-battery-park-37-300x200.png.webp 300w, https:\/\/www.res-group.com\/wp-content\/smush-webp\/2024\/04\/David-Elg-Moob-battery-park-37-768x512.png.webp 768w, https:\/\/www.res-group.com\/wp-content\/smush-webp\/2024\/04\/David-Elg-Moob-battery-park-37-806x539.png.webp 806w, https:\/\/www.res-group.com\/wp-content\/smush-webp\/2024\/04\/David-Elg-Moob-battery-park-37.png.webp 1500w\" data-sizes=\"(max-width: 1024px) 100vw, 1024px\" src=\"data:image\/svg+xml;base64,PHN2ZyB3aWR0aD0iMSIgaGVpZ2h0PSIxIiB4bWxucz0iaHR0cDovL3d3dy53My5vcmcvMjAwMC9zdmciPjwvc3ZnPg==\" style=\"--smush-placeholder-width: 1024px; --smush-placeholder-aspect-ratio: 1024\/683;\" \/><\/figure>\n\n\n\n<p><em>Bild: Axpo<\/em><\/p>\n","protected":false},"excerpt":{"rendered":"<p>Bild: Axpo I Landskrona st\u00e5r nu Sveriges st\u00f6rsta batterilager, Elektra, f\u00e4rdigt. Ett projekt som RES har utvecklat, tillhandah\u00e5llit byggledningstj\u00e4nster i och nu driftar. Under de senaste veckorna har slutgiltiga tester genomf\u00f6rts och batterilagringen \u00e4r nu redo f\u00f6r att anv\u00e4ndas och st\u00f6tta eln\u00e4tet med sina 20 MW\/ 20 MWh i kapacitet&#8230;<\/p>\n","protected":false},"author":1,"featured_media":25771,"comment_status":"open","ping_status":"open","sticky":false,"template":"","format":"standard","meta":{"_acf_changed":false,"footnotes":""},"categories":[647],"tags":[],"region":[332],"content_type":[243],"class_list":["post-25770","post","type-post","status-publish","format-standard","has-post-thumbnail","hentry","category-batterilagring","region-nordics-sv","content_type-nyheter"],"acf":[],"yoast_head":"<!-- This site is optimized with the Yoast SEO Premium plugin v27.2 (Yoast SEO v27.2) - https:\/\/yoast.com\/product\/yoast-seo-premium-wordpress\/ -->\n<title>Sveriges st\u00f6rsta batteripark \u00e4r nu i drift! - RES<\/title>\n<meta name=\"robots\" content=\"index, follow, max-snippet:-1, max-image-preview:large, max-video-preview:-1\" \/>\n<link rel=\"canonical\" href=\"https:\/\/www.res-group.com\/sv\/resources\/nyheter\/sveriges-storsta-batteripark-ar-nu-i-drift\/\" \/>\n<meta property=\"og:locale\" content=\"sv_SE\" \/>\n<meta property=\"og:type\" content=\"article\" \/>\n<meta property=\"og:title\" content=\"Sveriges st\u00f6rsta batteripark \u00e4r nu i drift!\" \/>\n<meta property=\"og:description\" content=\"Bild: Axpo I Landskrona st\u00e5r nu Sveriges st\u00f6rsta batterilager, Elektra, f\u00e4rdigt. Ett projekt som RES har utvecklat, tillhandah\u00e5llit byggledningstj\u00e4nster i och nu driftar. Under de senaste veckorna har slutgiltiga tester genomf\u00f6rts och batterilagringen \u00e4r nu redo f\u00f6r att anv\u00e4ndas och st\u00f6tta eln\u00e4tet med sina 20 MW\/ 20 MWh i kapacitet...\" \/>\n<meta property=\"og:url\" content=\"https:\/\/www.res-group.com\/sv\/resources\/nyheter\/sveriges-storsta-batteripark-ar-nu-i-drift\/\" \/>\n<meta property=\"og:site_name\" content=\"RES\" \/>\n<meta property=\"article:published_time\" content=\"2024-04-30T08:22:30+00:00\" \/>\n<meta property=\"article:modified_time\" content=\"2024-04-30T09:24:13+00:00\" \/>\n<meta property=\"og:image\" content=\"https:\/\/www.res-group.com\/wp-content\/uploads\/2024\/04\/LA-Energi-batteri-dronare-1-1024x575.png\" \/>\n\t<meta property=\"og:image:width\" content=\"1024\" \/>\n\t<meta property=\"og:image:height\" content=\"575\" \/>\n\t<meta property=\"og:image:type\" content=\"image\/png\" \/>\n<meta name=\"author\" content=\"RES\" \/>\n<meta name=\"twitter:card\" content=\"summary_large_image\" \/>\n<meta name=\"twitter:creator\" content=\"@RESGroup\" \/>\n<meta name=\"twitter:site\" content=\"@RESGroup\" \/>\n<meta name=\"twitter:label1\" content=\"Skriven av\" \/>\n\t<meta name=\"twitter:data1\" content=\"RES\" \/>\n\t<meta name=\"twitter:label2\" content=\"Ber\u00e4knad l\u00e4stid\" \/>\n\t<meta name=\"twitter:data2\" content=\"3 minuter\" \/>\n<script type=\"application\/ld+json\" class=\"yoast-schema-graph\">{\"@context\":\"https:\/\/schema.org\",\"@graph\":[{\"@type\":\"Article\",\"@id\":\"https:\/\/www.res-group.com\/sv\/resources\/nyheter\/sveriges-storsta-batteripark-ar-nu-i-drift\/#article\",\"isPartOf\":{\"@id\":\"https:\/\/www.res-group.com\/sv\/resources\/nyheter\/sveriges-storsta-batteripark-ar-nu-i-drift\/\"},\"author\":{\"name\":\"RES\",\"@id\":\"https:\/\/www.res-group.com\/sv\/#\/schema\/person\/e4578b8414d75c1237c6dae6f38318a2\"},\"headline\":\"Sveriges st\u00f6rsta batteripark \u00e4r nu i drift!\",\"datePublished\":\"2024-04-30T08:22:30+00:00\",\"dateModified\":\"2024-04-30T09:24:13+00:00\",\"mainEntityOfPage\":{\"@id\":\"https:\/\/www.res-group.com\/sv\/resources\/nyheter\/sveriges-storsta-batteripark-ar-nu-i-drift\/\"},\"wordCount\":584,\"commentCount\":0,\"publisher\":{\"@id\":\"https:\/\/www.res-group.com\/sv\/#organization\"},\"image\":{\"@id\":\"https:\/\/www.res-group.com\/sv\/resources\/nyheter\/sveriges-storsta-batteripark-ar-nu-i-drift\/#primaryimage\"},\"thumbnailUrl\":\"https:\/\/www.res-group.com\/wp-content\/uploads\/2024\/04\/LA-Energi-batteri-dronare-1.png\",\"articleSection\":[\"Batterilagring\"],\"inLanguage\":\"sv-SE\",\"potentialAction\":[{\"@type\":\"CommentAction\",\"name\":\"Comment\",\"target\":[\"https:\/\/www.res-group.com\/sv\/resources\/nyheter\/sveriges-storsta-batteripark-ar-nu-i-drift\/#respond\"]}]},{\"@type\":\"WebPage\",\"@id\":\"https:\/\/www.res-group.com\/sv\/resources\/nyheter\/sveriges-storsta-batteripark-ar-nu-i-drift\/\",\"url\":\"https:\/\/www.res-group.com\/sv\/resources\/nyheter\/sveriges-storsta-batteripark-ar-nu-i-drift\/\",\"name\":\"Sveriges st\u00f6rsta batteripark \u00e4r nu i drift! - RES\",\"isPartOf\":{\"@id\":\"https:\/\/www.res-group.com\/sv\/#website\"},\"primaryImageOfPage\":{\"@id\":\"https:\/\/www.res-group.com\/sv\/resources\/nyheter\/sveriges-storsta-batteripark-ar-nu-i-drift\/#primaryimage\"},\"image\":{\"@id\":\"https:\/\/www.res-group.com\/sv\/resources\/nyheter\/sveriges-storsta-batteripark-ar-nu-i-drift\/#primaryimage\"},\"thumbnailUrl\":\"https:\/\/www.res-group.com\/wp-content\/uploads\/2024\/04\/LA-Energi-batteri-dronare-1.png\",\"datePublished\":\"2024-04-30T08:22:30+00:00\",\"dateModified\":\"2024-04-30T09:24:13+00:00\",\"breadcrumb\":{\"@id\":\"https:\/\/www.res-group.com\/sv\/resources\/nyheter\/sveriges-storsta-batteripark-ar-nu-i-drift\/#breadcrumb\"},\"inLanguage\":\"sv-SE\",\"potentialAction\":[{\"@type\":\"ReadAction\",\"target\":[\"https:\/\/www.res-group.com\/sv\/resources\/nyheter\/sveriges-storsta-batteripark-ar-nu-i-drift\/\"]}]},{\"@type\":\"ImageObject\",\"inLanguage\":\"sv-SE\",\"@id\":\"https:\/\/www.res-group.com\/sv\/resources\/nyheter\/sveriges-storsta-batteripark-ar-nu-i-drift\/#primaryimage\",\"url\":\"https:\/\/www.res-group.com\/wp-content\/uploads\/2024\/04\/LA-Energi-batteri-dronare-1.png\",\"contentUrl\":\"https:\/\/www.res-group.com\/wp-content\/uploads\/2024\/04\/LA-Energi-batteri-dronare-1.png\",\"width\":1500,\"height\":843},{\"@type\":\"BreadcrumbList\",\"@id\":\"https:\/\/www.res-group.com\/sv\/resources\/nyheter\/sveriges-storsta-batteripark-ar-nu-i-drift\/#breadcrumb\",\"itemListElement\":[{\"@type\":\"ListItem\",\"position\":1,\"name\":\"In\u00edcio\",\"item\":\"https:\/\/www.res-group.com\/sv\/\"},{\"@type\":\"ListItem\",\"position\":2,\"name\":\"Sveriges st\u00f6rsta batteripark \u00e4r nu i drift!\"}]},{\"@type\":\"WebSite\",\"@id\":\"https:\/\/www.res-group.com\/sv\/#website\",\"url\":\"https:\/\/www.res-group.com\/sv\/\",\"name\":\"res-group.com\",\"description\":\"The power behind a clean energy future\",\"publisher\":{\"@id\":\"https:\/\/www.res-group.com\/sv\/#organization\"},\"potentialAction\":[{\"@type\":\"SearchAction\",\"target\":{\"@type\":\"EntryPoint\",\"urlTemplate\":\"https:\/\/www.res-group.com\/sv\/?s={search_term_string}\"},\"query-input\":{\"@type\":\"PropertyValueSpecification\",\"valueRequired\":true,\"valueName\":\"search_term_string\"}}],\"inLanguage\":\"sv-SE\"},{\"@type\":\"Organization\",\"@id\":\"https:\/\/www.res-group.com\/sv\/#organization\",\"name\":\"RES\",\"url\":\"https:\/\/www.res-group.com\/sv\/\",\"logo\":{\"@type\":\"ImageObject\",\"inLanguage\":\"sv-SE\",\"@id\":\"https:\/\/www.res-group.com\/sv\/#\/schema\/logo\/image\/\",\"url\":\"https:\/\/www.res-group.com\/wp-content\/uploads\/2023\/05\/header-logo.svg\",\"contentUrl\":\"https:\/\/www.res-group.com\/wp-content\/uploads\/2023\/05\/header-logo.svg\",\"width\":82.634,\"height\":38,\"caption\":\"RES\"},\"image\":{\"@id\":\"https:\/\/www.res-group.com\/sv\/#\/schema\/logo\/image\/\"},\"sameAs\":[\"https:\/\/x.com\/RESGroup\",\"https:\/\/www.instagram.com\/res_powerforgood\",\"https:\/\/www.linkedin.com\/company\/res-group\/\",\"https:\/\/vimeo.com\/resgroup\"]},{\"@type\":\"Person\",\"@id\":\"https:\/\/www.res-group.com\/sv\/#\/schema\/person\/e4578b8414d75c1237c6dae6f38318a2\",\"name\":\"RES\",\"image\":{\"@type\":\"ImageObject\",\"inLanguage\":\"sv-SE\",\"@id\":\"https:\/\/secure.gravatar.com\/avatar\/053fca53b00a810e8929097a40153a54ea325f90ee6ae9b45eb23c7a467d8d65?s=96&d=mm&r=g\",\"url\":\"https:\/\/secure.gravatar.com\/avatar\/053fca53b00a810e8929097a40153a54ea325f90ee6ae9b45eb23c7a467d8d65?s=96&d=mm&r=g\",\"contentUrl\":\"https:\/\/secure.gravatar.com\/avatar\/053fca53b00a810e8929097a40153a54ea325f90ee6ae9b45eb23c7a467d8d65?s=96&d=mm&r=g\",\"caption\":\"RES\"},\"sameAs\":[\"http:\/\/res\"],\"url\":\"https:\/\/www.res-group.com\/sv\/author\/manageruser\/\"}]}<\/script>\n<!-- \/ Yoast SEO Premium plugin. -->","yoast_head_json":{"title":"Sveriges st\u00f6rsta batteripark \u00e4r nu i drift! - RES","robots":{"index":"index","follow":"follow","max-snippet":"max-snippet:-1","max-image-preview":"max-image-preview:large","max-video-preview":"max-video-preview:-1"},"canonical":"https:\/\/www.res-group.com\/sv\/resources\/nyheter\/sveriges-storsta-batteripark-ar-nu-i-drift\/","og_locale":"sv_SE","og_type":"article","og_title":"Sveriges st\u00f6rsta batteripark \u00e4r nu i drift!","og_description":"Bild: Axpo I Landskrona st\u00e5r nu Sveriges st\u00f6rsta batterilager, Elektra, f\u00e4rdigt. Ett projekt som RES har utvecklat, tillhandah\u00e5llit byggledningstj\u00e4nster i och nu driftar. Under de senaste veckorna har slutgiltiga tester genomf\u00f6rts och batterilagringen \u00e4r nu redo f\u00f6r att anv\u00e4ndas och st\u00f6tta eln\u00e4tet med sina 20 MW\/ 20 MWh i kapacitet...","og_url":"https:\/\/www.res-group.com\/sv\/resources\/nyheter\/sveriges-storsta-batteripark-ar-nu-i-drift\/","og_site_name":"RES","article_published_time":"2024-04-30T08:22:30+00:00","article_modified_time":"2024-04-30T09:24:13+00:00","og_image":[{"width":1024,"height":575,"url":"https:\/\/www.res-group.com\/wp-content\/uploads\/2024\/04\/LA-Energi-batteri-dronare-1-1024x575.png","type":"image\/png"}],"author":"RES","twitter_card":"summary_large_image","twitter_creator":"@RESGroup","twitter_site":"@RESGroup","twitter_misc":{"Skriven av":"RES","Ber\u00e4knad l\u00e4stid":"3 minuter"},"schema":{"@context":"https:\/\/schema.org","@graph":[{"@type":"Article","@id":"https:\/\/www.res-group.com\/sv\/resources\/nyheter\/sveriges-storsta-batteripark-ar-nu-i-drift\/#article","isPartOf":{"@id":"https:\/\/www.res-group.com\/sv\/resources\/nyheter\/sveriges-storsta-batteripark-ar-nu-i-drift\/"},"author":{"name":"RES","@id":"https:\/\/www.res-group.com\/sv\/#\/schema\/person\/e4578b8414d75c1237c6dae6f38318a2"},"headline":"Sveriges st\u00f6rsta batteripark \u00e4r nu i drift!","datePublished":"2024-04-30T08:22:30+00:00","dateModified":"2024-04-30T09:24:13+00:00","mainEntityOfPage":{"@id":"https:\/\/www.res-group.com\/sv\/resources\/nyheter\/sveriges-storsta-batteripark-ar-nu-i-drift\/"},"wordCount":584,"commentCount":0,"publisher":{"@id":"https:\/\/www.res-group.com\/sv\/#organization"},"image":{"@id":"https:\/\/www.res-group.com\/sv\/resources\/nyheter\/sveriges-storsta-batteripark-ar-nu-i-drift\/#primaryimage"},"thumbnailUrl":"https:\/\/www.res-group.com\/wp-content\/uploads\/2024\/04\/LA-Energi-batteri-dronare-1.png","articleSection":["Batterilagring"],"inLanguage":"sv-SE","potentialAction":[{"@type":"CommentAction","name":"Comment","target":["https:\/\/www.res-group.com\/sv\/resources\/nyheter\/sveriges-storsta-batteripark-ar-nu-i-drift\/#respond"]}]},{"@type":"WebPage","@id":"https:\/\/www.res-group.com\/sv\/resources\/nyheter\/sveriges-storsta-batteripark-ar-nu-i-drift\/","url":"https:\/\/www.res-group.com\/sv\/resources\/nyheter\/sveriges-storsta-batteripark-ar-nu-i-drift\/","name":"Sveriges st\u00f6rsta batteripark \u00e4r nu i drift! - RES","isPartOf":{"@id":"https:\/\/www.res-group.com\/sv\/#website"},"primaryImageOfPage":{"@id":"https:\/\/www.res-group.com\/sv\/resources\/nyheter\/sveriges-storsta-batteripark-ar-nu-i-drift\/#primaryimage"},"image":{"@id":"https:\/\/www.res-group.com\/sv\/resources\/nyheter\/sveriges-storsta-batteripark-ar-nu-i-drift\/#primaryimage"},"thumbnailUrl":"https:\/\/www.res-group.com\/wp-content\/uploads\/2024\/04\/LA-Energi-batteri-dronare-1.png","datePublished":"2024-04-30T08:22:30+00:00","dateModified":"2024-04-30T09:24:13+00:00","breadcrumb":{"@id":"https:\/\/www.res-group.com\/sv\/resources\/nyheter\/sveriges-storsta-batteripark-ar-nu-i-drift\/#breadcrumb"},"inLanguage":"sv-SE","potentialAction":[{"@type":"ReadAction","target":["https:\/\/www.res-group.com\/sv\/resources\/nyheter\/sveriges-storsta-batteripark-ar-nu-i-drift\/"]}]},{"@type":"ImageObject","inLanguage":"sv-SE","@id":"https:\/\/www.res-group.com\/sv\/resources\/nyheter\/sveriges-storsta-batteripark-ar-nu-i-drift\/#primaryimage","url":"https:\/\/www.res-group.com\/wp-content\/uploads\/2024\/04\/LA-Energi-batteri-dronare-1.png","contentUrl":"https:\/\/www.res-group.com\/wp-content\/uploads\/2024\/04\/LA-Energi-batteri-dronare-1.png","width":1500,"height":843},{"@type":"BreadcrumbList","@id":"https:\/\/www.res-group.com\/sv\/resources\/nyheter\/sveriges-storsta-batteripark-ar-nu-i-drift\/#breadcrumb","itemListElement":[{"@type":"ListItem","position":1,"name":"In\u00edcio","item":"https:\/\/www.res-group.com\/sv\/"},{"@type":"ListItem","position":2,"name":"Sveriges st\u00f6rsta batteripark \u00e4r nu i drift!"}]},{"@type":"WebSite","@id":"https:\/\/www.res-group.com\/sv\/#website","url":"https:\/\/www.res-group.com\/sv\/","name":"res-group.com","description":"The power behind a clean energy future","publisher":{"@id":"https:\/\/www.res-group.com\/sv\/#organization"},"potentialAction":[{"@type":"SearchAction","target":{"@type":"EntryPoint","urlTemplate":"https:\/\/www.res-group.com\/sv\/?s={search_term_string}"},"query-input":{"@type":"PropertyValueSpecification","valueRequired":true,"valueName":"search_term_string"}}],"inLanguage":"sv-SE"},{"@type":"Organization","@id":"https:\/\/www.res-group.com\/sv\/#organization","name":"RES","url":"https:\/\/www.res-group.com\/sv\/","logo":{"@type":"ImageObject","inLanguage":"sv-SE","@id":"https:\/\/www.res-group.com\/sv\/#\/schema\/logo\/image\/","url":"https:\/\/www.res-group.com\/wp-content\/uploads\/2023\/05\/header-logo.svg","contentUrl":"https:\/\/www.res-group.com\/wp-content\/uploads\/2023\/05\/header-logo.svg","width":82.634,"height":38,"caption":"RES"},"image":{"@id":"https:\/\/www.res-group.com\/sv\/#\/schema\/logo\/image\/"},"sameAs":["https:\/\/x.com\/RESGroup","https:\/\/www.instagram.com\/res_powerforgood","https:\/\/www.linkedin.com\/company\/res-group\/","https:\/\/vimeo.com\/resgroup"]},{"@type":"Person","@id":"https:\/\/www.res-group.com\/sv\/#\/schema\/person\/e4578b8414d75c1237c6dae6f38318a2","name":"RES","image":{"@type":"ImageObject","inLanguage":"sv-SE","@id":"https:\/\/secure.gravatar.com\/avatar\/053fca53b00a810e8929097a40153a54ea325f90ee6ae9b45eb23c7a467d8d65?s=96&d=mm&r=g","url":"https:\/\/secure.gravatar.com\/avatar\/053fca53b00a810e8929097a40153a54ea325f90ee6ae9b45eb23c7a467d8d65?s=96&d=mm&r=g","contentUrl":"https:\/\/secure.gravatar.com\/avatar\/053fca53b00a810e8929097a40153a54ea325f90ee6ae9b45eb23c7a467d8d65?s=96&d=mm&r=g","caption":"RES"},"sameAs":["http:\/\/res"],"url":"https:\/\/www.res-group.com\/sv\/author\/manageruser\/"}]}},"_links":{"self":[{"href":"https:\/\/www.res-group.com\/sv\/wp-json\/wp\/v2\/posts\/25770","targetHints":{"allow":["GET"]}}],"collection":[{"href":"https:\/\/www.res-group.com\/sv\/wp-json\/wp\/v2\/posts"}],"about":[{"href":"https:\/\/www.res-group.com\/sv\/wp-json\/wp\/v2\/types\/post"}],"author":[{"embeddable":true,"href":"https:\/\/www.res-group.com\/sv\/wp-json\/wp\/v2\/users\/1"}],"replies":[{"embeddable":true,"href":"https:\/\/www.res-group.com\/sv\/wp-json\/wp\/v2\/comments?post=25770"}],"version-history":[{"count":0,"href":"https:\/\/www.res-group.com\/sv\/wp-json\/wp\/v2\/posts\/25770\/revisions"}],"wp:featuredmedia":[{"embeddable":true,"href":"https:\/\/www.res-group.com\/sv\/wp-json\/wp\/v2\/media\/25771"}],"wp:attachment":[{"href":"https:\/\/www.res-group.com\/sv\/wp-json\/wp\/v2\/media?parent=25770"}],"wp:term":[{"taxonomy":"category","embeddable":true,"href":"https:\/\/www.res-group.com\/sv\/wp-json\/wp\/v2\/categories?post=25770"},{"taxonomy":"post_tag","embeddable":true,"href":"https:\/\/www.res-group.com\/sv\/wp-json\/wp\/v2\/tags?post=25770"},{"taxonomy":"region","embeddable":true,"href":"https:\/\/www.res-group.com\/sv\/wp-json\/wp\/v2\/region?post=25770"},{"taxonomy":"content_type","embeddable":true,"href":"https:\/\/www.res-group.com\/sv\/wp-json\/wp\/v2\/content_type?post=25770"}],"curies":[{"name":"wp","href":"https:\/\/api.w.org\/{rel}","templated":true}]}}