{"id":34226,"date":"2024-11-15T14:44:56","date_gmt":"2024-11-15T14:44:56","guid":{"rendered":"https:\/\/www.res-group.com\/empowering-first-nations-communities-2\/"},"modified":"2025-04-16T12:06:33","modified_gmt":"2025-04-16T11:06:33","slug":"empowering-first-nations-communities","status":"publish","type":"post","link":"https:\/\/www.res-group.com\/no\/ressurser\/casestudier\/styrking-av-first-nations-samfunn\/","title":{"rendered":"Styrking av First Nations-samfunn"},"content":{"rendered":"\n<h3 class=\"wp-block-heading\" id=\"h-res-i-spissen-for-fornybar-energi-og-kulturell-vekst\">RES i spissen for fornybar energi og kulturell vekst<\/h3>\n\n\n\n<p>I RES mener vi at det \u00e5 bygge en b\u00e6rekraftig fremtid handler om mer enn bare \u00e5 utnytte fornybar energi &#8211; det handler om \u00e5 styrke lokalsamfunnene vi jobber i. Et av de mest spennende initiativene v\u00e5re i det siste er sponsingen av Jerilderie Jeithi Keeping Place and Cultural Centre, et prosjekt som kombinerer kulturbevaring med samfunnsutvikling for \u00e5 skape meningsfulle, langsiktige endringer i n\u00e6romr\u00e5det til Argoon vindpark.<\/p>\n\n\n\n<p><strong>Et knutepunkt for kultur og samfunn<\/strong><\/p>\n\n\n\n<p>Jerilderie Jeithi Keeping Place and Cultural Centre vil fungere som et viktig knutepunkt for First Nations-kultur, utdanning og sysselsetting. Dette senteret vil blant annet inneholde:<\/p>\n\n\n\n<p>En kaf\u00e9 som skal v\u00e6re et innbydende sted for bes\u00f8kende og gi lokale innbyggere jobbmuligheter.<br>Et Cultural Ranger Program, som skal engasjere og l\u00e6re opp lokale First Nations-folk til \u00e5 lede kulturelle omvisninger og utdanningsprogrammer, noe som vil \u00f8ke forst\u00e5elsen for deres historie og tilknytning til landet.<br>Cultural Competency Training for bedrifter og bes\u00f8kende, for \u00e5 fremme respekt for og bevissthet om First Nations-kulturen.<\/p>\n\n\n\n<p>Senteret skal v\u00e6re mer enn bare et sted for kulturell feiring &#8211; det skal ogs\u00e5 fungere som et knutepunkt for turisme og utvikling av arbeidsstyrken, tiltrekke seg bes\u00f8kende og skape b\u00e6rekraftige sysselsettingsmuligheter for lokalsamfunnet.<\/p>\n\n\n\n<p><strong>Stipend for en lysere fremtid<\/strong><\/p>\n\n\n\n<p>Som en del av v\u00e5re forpliktelser overfor regionen gjennom Argoon vindpark, planlegger RES \u00e5 etablere et stipendprogram for First Nations-folket. Programmet, som skal administreres av det lokale r\u00e5det i samr\u00e5d med de tradisjonelle eierne, er utformet for \u00e5 gi muligheter for utdanning og oppl\u00e6ring innen omr\u00e5der som bidrar til fornybar energisektoren og videre.<\/p>\n\n\n\n<p>Stipendprogrammet omfatter blant annet f\u00f8lgende hovedelementer:<\/p>\n\n\n\n<ul class=\"wp-block-list\">\n<li><strong>Kvalifisering: <\/strong>\u00c5pent for alle First Nations-studenter i regionen, med en preferanse for dem som studerer innen STEM, elektrofag, utdanning, milj\u00f8studier eller fornybar energirelaterte fag.<\/li>\n\n\n\n<li><strong>Samfunnseffekt:<\/strong> Ved \u00e5 st\u00f8tte studenter som \u00f8nsker \u00e5 ta utdanning lokalt, \u00f8nsker vi \u00e5 bidra til \u00e5 skape en pipeline av dyktige fagfolk som kan bidra til regionens utvikling og velstand.<\/li>\n\n\n\n<li>I tillegg har RES til hensikt \u00e5 samarbeide med Murrumbidgee Council for \u00e5 skape et bredere stipendinitiativ som ogs\u00e5 st\u00f8tter l\u00e6rlingeplasser og kadettplasser. Dette programmet vil samarbeide tett med lokale bedrifter og oppl\u00e6ringsinstitusjoner for \u00e5 sikre at studentene ikke bare f\u00e5r utdanning, men ogs\u00e5 f\u00e5r verkt\u00f8yene og mulighetene de trenger for \u00e5 trives i den regionale arbeidsstyrken.<\/li>\n<\/ul>\n\n\n\n<p><strong>Drivkraft for regional og kulturell vekst<\/strong><\/p>\n\n\n\n<p>I RES ser vi p\u00e5 Jerilderie Jeithi Keeping Place and Cultural Centre som et bevis p\u00e5 hva som kan oppn\u00e5s n\u00e5r industri og lokalsamfunn g\u00e5r sammen. Ved \u00e5 investere i kultur-, utdannings- og sysselsettingsinitiativer er vi stolte av \u00e5 bidra til \u00e5 skape en mer inkluderende og b\u00e6rekraftig fremtid som kommer alle til gode.<\/p>\n\n\n\n<p>Dette prosjektet er et godt eksempel p\u00e5 v\u00e5r tro p\u00e5 at utvikling av fornybar energi alltid b\u00f8r g\u00e5 h\u00e5nd i h\u00e5nd med vekst i lokalsamfunnet. Ved \u00e5 integrere fornybar energi med kultur- og arbeidsstyrkeutvikling viser vi at overgangen til en fremtid med ren energi kan &#8211; og b\u00f8r &#8211; l\u00f8fte lokalsamfunn.<\/p>\n\n\n\n<figure class=\"wp-block-image size-large\"><img decoding=\"async\" width=\"1024\" height=\"683\" data-src=\"https:\/\/www.res-group.com\/wp-content\/smush-webp\/2024\/11\/023A1193-1024x683.jpg.webp\" alt=\"Jerilderie Jeithi Group\" class=\"wp-image-31589 lazyload\" data-srcset=\"https:\/\/www.res-group.com\/wp-content\/smush-webp\/2024\/11\/023A1193-1024x683.jpg.webp 1024w, https:\/\/www.res-group.com\/wp-content\/smush-webp\/2024\/11\/023A1193-300x200.jpg.webp 300w, https:\/\/www.res-group.com\/wp-content\/smush-webp\/2024\/11\/023A1193-768x512.jpg.webp 768w, https:\/\/www.res-group.com\/wp-content\/smush-webp\/2024\/11\/023A1193-1536x1024.jpg.webp 1536w, https:\/\/www.res-group.com\/wp-content\/smush-webp\/2024\/11\/023A1193-2048x1365.jpg.webp 2048w, https:\/\/www.res-group.com\/wp-content\/smush-webp\/2024\/11\/023A1193-806x539.jpg.webp 806w\" data-sizes=\"(max-width: 1024px) 100vw, 1024px\" src=\"data:image\/svg+xml;base64,PHN2ZyB3aWR0aD0iMSIgaGVpZ2h0PSIxIiB4bWxucz0iaHR0cDovL3d3dy53My5vcmcvMjAwMC9zdmciPjwvc3ZnPg==\" style=\"--smush-placeholder-width: 1024px; --smush-placeholder-aspect-ratio: 1024\/683;\" \/><\/figure>\n","protected":false},"excerpt":{"rendered":"<p>RES i spissen for fornybar energi og kulturell vekst I RES mener vi at det \u00e5 bygge en b\u00e6rekraftig fremtid handler om mer enn bare \u00e5 utnytte fornybar energi &#8211; det handler om \u00e5 styrke lokalsamfunnene vi jobber i. Et av de mest spennende initiativene v\u00e5re i det siste er&#8230;<\/p>\n","protected":false},"author":1,"featured_media":31587,"comment_status":"open","ping_status":"open","sticky":false,"template":"","format":"standard","meta":{"_acf_changed":false,"footnotes":""},"categories":[699],"tags":[],"region":[717],"content_type":[],"class_list":["post-34226","post","type-post","status-publish","format-standard","has-post-thumbnail","hentry","category-mennesker","region-australia-no"],"acf":[],"yoast_head":"<!-- This site is optimized with the Yoast SEO Premium plugin v27.2 (Yoast SEO v27.2) - https:\/\/yoast.com\/product\/yoast-seo-premium-wordpress\/ -->\n<title>Styrking av First Nations-samfunn - RES<\/title>\n<meta name=\"robots\" content=\"index, follow, max-snippet:-1, max-image-preview:large, max-video-preview:-1\" \/>\n<link rel=\"canonical\" href=\"https:\/\/www.res-group.com\/no\/ressurser\/casestudier\/styrking-av-first-nations-samfunn\/\" \/>\n<meta property=\"og:locale\" content=\"nb_NO\" \/>\n<meta property=\"og:type\" content=\"article\" \/>\n<meta property=\"og:title\" content=\"Styrking av First Nations-samfunn\" \/>\n<meta property=\"og:description\" content=\"RES i spissen for fornybar energi og kulturell vekst I RES mener vi at det \u00e5 bygge en b\u00e6rekraftig fremtid handler om mer enn bare \u00e5 utnytte fornybar energi &#8211; det handler om \u00e5 styrke lokalsamfunnene vi jobber i. Et av de mest spennende initiativene v\u00e5re i det siste er...\" \/>\n<meta property=\"og:url\" content=\"https:\/\/www.res-group.com\/no\/ressurser\/casestudier\/styrking-av-first-nations-samfunn\/\" \/>\n<meta property=\"og:site_name\" content=\"RES\" \/>\n<meta property=\"article:published_time\" content=\"2024-11-15T14:44:56+00:00\" \/>\n<meta property=\"article:modified_time\" content=\"2025-04-16T11:06:33+00:00\" \/>\n<meta property=\"og:image\" content=\"https:\/\/www.res-group.com\/wp-content\/uploads\/2024\/11\/023A1210-scaled.jpg\" \/>\n\t<meta property=\"og:image:width\" content=\"2560\" \/>\n\t<meta property=\"og:image:height\" content=\"1707\" \/>\n\t<meta property=\"og:image:type\" content=\"image\/jpeg\" \/>\n<meta name=\"author\" content=\"RES\" \/>\n<meta name=\"twitter:card\" content=\"summary_large_image\" \/>\n<meta name=\"twitter:creator\" content=\"@RESGroup\" \/>\n<meta name=\"twitter:site\" content=\"@RESGroup\" \/>\n<meta name=\"twitter:label1\" content=\"Written by\" \/>\n\t<meta name=\"twitter:data1\" content=\"RES\" \/>\n\t<meta name=\"twitter:label2\" content=\"Est. reading time\" \/>\n\t<meta name=\"twitter:data2\" content=\"3 minutter\" \/>\n<script type=\"application\/ld+json\" class=\"yoast-schema-graph\">{\"@context\":\"https:\/\/schema.org\",\"@graph\":[{\"@type\":\"Article\",\"@id\":\"https:\/\/www.res-group.com\/no\/ressurser\/casestudier\/styrking-av-first-nations-samfunn\/#article\",\"isPartOf\":{\"@id\":\"https:\/\/www.res-group.com\/no\/ressurser\/casestudier\/styrking-av-first-nations-samfunn\/\"},\"author\":{\"name\":\"RES\",\"@id\":\"https:\/\/www.res-group.com\/no\/#\/schema\/person\/e4578b8414d75c1237c6dae6f38318a2\"},\"headline\":\"Styrking av First Nations-samfunn\",\"datePublished\":\"2024-11-15T14:44:56+00:00\",\"dateModified\":\"2025-04-16T11:06:33+00:00\",\"mainEntityOfPage\":{\"@id\":\"https:\/\/www.res-group.com\/no\/ressurser\/casestudier\/styrking-av-first-nations-samfunn\/\"},\"wordCount\":513,\"commentCount\":0,\"publisher\":{\"@id\":\"https:\/\/www.res-group.com\/no\/#organization\"},\"image\":{\"@id\":\"https:\/\/www.res-group.com\/no\/ressurser\/casestudier\/styrking-av-first-nations-samfunn\/#primaryimage\"},\"thumbnailUrl\":\"https:\/\/www.res-group.com\/wp-content\/uploads\/2024\/11\/023A1210-scaled.jpg\",\"articleSection\":[\"Mennesker\"],\"inLanguage\":\"nb-NO\",\"potentialAction\":[{\"@type\":\"CommentAction\",\"name\":\"Comment\",\"target\":[\"https:\/\/www.res-group.com\/no\/ressurser\/casestudier\/styrking-av-first-nations-samfunn\/#respond\"]}]},{\"@type\":\"WebPage\",\"@id\":\"https:\/\/www.res-group.com\/no\/ressurser\/casestudier\/styrking-av-first-nations-samfunn\/\",\"url\":\"https:\/\/www.res-group.com\/no\/ressurser\/casestudier\/styrking-av-first-nations-samfunn\/\",\"name\":\"Styrking av First Nations-samfunn - RES\",\"isPartOf\":{\"@id\":\"https:\/\/www.res-group.com\/no\/#website\"},\"primaryImageOfPage\":{\"@id\":\"https:\/\/www.res-group.com\/no\/ressurser\/casestudier\/styrking-av-first-nations-samfunn\/#primaryimage\"},\"image\":{\"@id\":\"https:\/\/www.res-group.com\/no\/ressurser\/casestudier\/styrking-av-first-nations-samfunn\/#primaryimage\"},\"thumbnailUrl\":\"https:\/\/www.res-group.com\/wp-content\/uploads\/2024\/11\/023A1210-scaled.jpg\",\"datePublished\":\"2024-11-15T14:44:56+00:00\",\"dateModified\":\"2025-04-16T11:06:33+00:00\",\"breadcrumb\":{\"@id\":\"https:\/\/www.res-group.com\/no\/ressurser\/casestudier\/styrking-av-first-nations-samfunn\/#breadcrumb\"},\"inLanguage\":\"nb-NO\",\"potentialAction\":[{\"@type\":\"ReadAction\",\"target\":[\"https:\/\/www.res-group.com\/no\/ressurser\/casestudier\/styrking-av-first-nations-samfunn\/\"]}]},{\"@type\":\"ImageObject\",\"inLanguage\":\"nb-NO\",\"@id\":\"https:\/\/www.res-group.com\/no\/ressurser\/casestudier\/styrking-av-first-nations-samfunn\/#primaryimage\",\"url\":\"https:\/\/www.res-group.com\/wp-content\/uploads\/2024\/11\/023A1210-scaled.jpg\",\"contentUrl\":\"https:\/\/www.res-group.com\/wp-content\/uploads\/2024\/11\/023A1210-scaled.jpg\",\"width\":2560,\"height\":1707,\"caption\":\"A group of seven people stands in an art gallery, smiling at the camera. A large, colourful artwork is laid out on the floor.\"},{\"@type\":\"BreadcrumbList\",\"@id\":\"https:\/\/www.res-group.com\/no\/ressurser\/casestudier\/styrking-av-first-nations-samfunn\/#breadcrumb\",\"itemListElement\":[{\"@type\":\"ListItem\",\"position\":1,\"name\":\"Hjem\",\"item\":\"https:\/\/www.res-group.com\/no\/\"},{\"@type\":\"ListItem\",\"position\":2,\"name\":\"Styrking av First Nations-samfunn\"}]},{\"@type\":\"WebSite\",\"@id\":\"https:\/\/www.res-group.com\/no\/#website\",\"url\":\"https:\/\/www.res-group.com\/no\/\",\"name\":\"res-group.com\",\"description\":\"The power behind a clean energy future\",\"publisher\":{\"@id\":\"https:\/\/www.res-group.com\/no\/#organization\"},\"potentialAction\":[{\"@type\":\"SearchAction\",\"target\":{\"@type\":\"EntryPoint\",\"urlTemplate\":\"https:\/\/www.res-group.com\/no\/?s={search_term_string}\"},\"query-input\":{\"@type\":\"PropertyValueSpecification\",\"valueRequired\":true,\"valueName\":\"search_term_string\"}}],\"inLanguage\":\"nb-NO\"},{\"@type\":\"Organization\",\"@id\":\"https:\/\/www.res-group.com\/no\/#organization\",\"name\":\"RES\",\"url\":\"https:\/\/www.res-group.com\/no\/\",\"logo\":{\"@type\":\"ImageObject\",\"inLanguage\":\"nb-NO\",\"@id\":\"https:\/\/www.res-group.com\/no\/#\/schema\/logo\/image\/\",\"url\":\"https:\/\/www.res-group.com\/wp-content\/uploads\/2023\/05\/header-logo.svg\",\"contentUrl\":\"https:\/\/www.res-group.com\/wp-content\/uploads\/2023\/05\/header-logo.svg\",\"width\":82.634,\"height\":38,\"caption\":\"RES\"},\"image\":{\"@id\":\"https:\/\/www.res-group.com\/no\/#\/schema\/logo\/image\/\"},\"sameAs\":[\"https:\/\/x.com\/RESGroup\",\"https:\/\/www.instagram.com\/res_powerforgood\",\"https:\/\/www.linkedin.com\/company\/res-group\/\",\"https:\/\/vimeo.com\/resgroup\"]},{\"@type\":\"Person\",\"@id\":\"https:\/\/www.res-group.com\/no\/#\/schema\/person\/e4578b8414d75c1237c6dae6f38318a2\",\"name\":\"RES\",\"image\":{\"@type\":\"ImageObject\",\"inLanguage\":\"nb-NO\",\"@id\":\"https:\/\/secure.gravatar.com\/avatar\/053fca53b00a810e8929097a40153a54ea325f90ee6ae9b45eb23c7a467d8d65?s=96&d=mm&r=g\",\"url\":\"https:\/\/secure.gravatar.com\/avatar\/053fca53b00a810e8929097a40153a54ea325f90ee6ae9b45eb23c7a467d8d65?s=96&d=mm&r=g\",\"contentUrl\":\"https:\/\/secure.gravatar.com\/avatar\/053fca53b00a810e8929097a40153a54ea325f90ee6ae9b45eb23c7a467d8d65?s=96&d=mm&r=g\",\"caption\":\"RES\"},\"sameAs\":[\"http:\/\/res\"],\"url\":\"https:\/\/www.res-group.com\/no\/author\/manageruser\/\"}]}<\/script>\n<!-- \/ Yoast SEO Premium plugin. -->","yoast_head_json":{"title":"Styrking av First Nations-samfunn - RES","robots":{"index":"index","follow":"follow","max-snippet":"max-snippet:-1","max-image-preview":"max-image-preview:large","max-video-preview":"max-video-preview:-1"},"canonical":"https:\/\/www.res-group.com\/no\/ressurser\/casestudier\/styrking-av-first-nations-samfunn\/","og_locale":"nb_NO","og_type":"article","og_title":"Styrking av First Nations-samfunn","og_description":"RES i spissen for fornybar energi og kulturell vekst I RES mener vi at det \u00e5 bygge en b\u00e6rekraftig fremtid handler om mer enn bare \u00e5 utnytte fornybar energi &#8211; det handler om \u00e5 styrke lokalsamfunnene vi jobber i. Et av de mest spennende initiativene v\u00e5re i det siste er...","og_url":"https:\/\/www.res-group.com\/no\/ressurser\/casestudier\/styrking-av-first-nations-samfunn\/","og_site_name":"RES","article_published_time":"2024-11-15T14:44:56+00:00","article_modified_time":"2025-04-16T11:06:33+00:00","og_image":[{"width":2560,"height":1707,"url":"https:\/\/www.res-group.com\/wp-content\/uploads\/2024\/11\/023A1210-scaled.jpg","type":"image\/jpeg"}],"author":"RES","twitter_card":"summary_large_image","twitter_creator":"@RESGroup","twitter_site":"@RESGroup","twitter_misc":{"Written by":"RES","Est. reading time":"3 minutter"},"schema":{"@context":"https:\/\/schema.org","@graph":[{"@type":"Article","@id":"https:\/\/www.res-group.com\/no\/ressurser\/casestudier\/styrking-av-first-nations-samfunn\/#article","isPartOf":{"@id":"https:\/\/www.res-group.com\/no\/ressurser\/casestudier\/styrking-av-first-nations-samfunn\/"},"author":{"name":"RES","@id":"https:\/\/www.res-group.com\/no\/#\/schema\/person\/e4578b8414d75c1237c6dae6f38318a2"},"headline":"Styrking av First Nations-samfunn","datePublished":"2024-11-15T14:44:56+00:00","dateModified":"2025-04-16T11:06:33+00:00","mainEntityOfPage":{"@id":"https:\/\/www.res-group.com\/no\/ressurser\/casestudier\/styrking-av-first-nations-samfunn\/"},"wordCount":513,"commentCount":0,"publisher":{"@id":"https:\/\/www.res-group.com\/no\/#organization"},"image":{"@id":"https:\/\/www.res-group.com\/no\/ressurser\/casestudier\/styrking-av-first-nations-samfunn\/#primaryimage"},"thumbnailUrl":"https:\/\/www.res-group.com\/wp-content\/uploads\/2024\/11\/023A1210-scaled.jpg","articleSection":["Mennesker"],"inLanguage":"nb-NO","potentialAction":[{"@type":"CommentAction","name":"Comment","target":["https:\/\/www.res-group.com\/no\/ressurser\/casestudier\/styrking-av-first-nations-samfunn\/#respond"]}]},{"@type":"WebPage","@id":"https:\/\/www.res-group.com\/no\/ressurser\/casestudier\/styrking-av-first-nations-samfunn\/","url":"https:\/\/www.res-group.com\/no\/ressurser\/casestudier\/styrking-av-first-nations-samfunn\/","name":"Styrking av First Nations-samfunn - RES","isPartOf":{"@id":"https:\/\/www.res-group.com\/no\/#website"},"primaryImageOfPage":{"@id":"https:\/\/www.res-group.com\/no\/ressurser\/casestudier\/styrking-av-first-nations-samfunn\/#primaryimage"},"image":{"@id":"https:\/\/www.res-group.com\/no\/ressurser\/casestudier\/styrking-av-first-nations-samfunn\/#primaryimage"},"thumbnailUrl":"https:\/\/www.res-group.com\/wp-content\/uploads\/2024\/11\/023A1210-scaled.jpg","datePublished":"2024-11-15T14:44:56+00:00","dateModified":"2025-04-16T11:06:33+00:00","breadcrumb":{"@id":"https:\/\/www.res-group.com\/no\/ressurser\/casestudier\/styrking-av-first-nations-samfunn\/#breadcrumb"},"inLanguage":"nb-NO","potentialAction":[{"@type":"ReadAction","target":["https:\/\/www.res-group.com\/no\/ressurser\/casestudier\/styrking-av-first-nations-samfunn\/"]}]},{"@type":"ImageObject","inLanguage":"nb-NO","@id":"https:\/\/www.res-group.com\/no\/ressurser\/casestudier\/styrking-av-first-nations-samfunn\/#primaryimage","url":"https:\/\/www.res-group.com\/wp-content\/uploads\/2024\/11\/023A1210-scaled.jpg","contentUrl":"https:\/\/www.res-group.com\/wp-content\/uploads\/2024\/11\/023A1210-scaled.jpg","width":2560,"height":1707,"caption":"A group of seven people stands in an art gallery, smiling at the camera. A large, colourful artwork is laid out on the floor."},{"@type":"BreadcrumbList","@id":"https:\/\/www.res-group.com\/no\/ressurser\/casestudier\/styrking-av-first-nations-samfunn\/#breadcrumb","itemListElement":[{"@type":"ListItem","position":1,"name":"Hjem","item":"https:\/\/www.res-group.com\/no\/"},{"@type":"ListItem","position":2,"name":"Styrking av First Nations-samfunn"}]},{"@type":"WebSite","@id":"https:\/\/www.res-group.com\/no\/#website","url":"https:\/\/www.res-group.com\/no\/","name":"res-group.com","description":"The power behind a clean energy future","publisher":{"@id":"https:\/\/www.res-group.com\/no\/#organization"},"potentialAction":[{"@type":"SearchAction","target":{"@type":"EntryPoint","urlTemplate":"https:\/\/www.res-group.com\/no\/?s={search_term_string}"},"query-input":{"@type":"PropertyValueSpecification","valueRequired":true,"valueName":"search_term_string"}}],"inLanguage":"nb-NO"},{"@type":"Organization","@id":"https:\/\/www.res-group.com\/no\/#organization","name":"RES","url":"https:\/\/www.res-group.com\/no\/","logo":{"@type":"ImageObject","inLanguage":"nb-NO","@id":"https:\/\/www.res-group.com\/no\/#\/schema\/logo\/image\/","url":"https:\/\/www.res-group.com\/wp-content\/uploads\/2023\/05\/header-logo.svg","contentUrl":"https:\/\/www.res-group.com\/wp-content\/uploads\/2023\/05\/header-logo.svg","width":82.634,"height":38,"caption":"RES"},"image":{"@id":"https:\/\/www.res-group.com\/no\/#\/schema\/logo\/image\/"},"sameAs":["https:\/\/x.com\/RESGroup","https:\/\/www.instagram.com\/res_powerforgood","https:\/\/www.linkedin.com\/company\/res-group\/","https:\/\/vimeo.com\/resgroup"]},{"@type":"Person","@id":"https:\/\/www.res-group.com\/no\/#\/schema\/person\/e4578b8414d75c1237c6dae6f38318a2","name":"RES","image":{"@type":"ImageObject","inLanguage":"nb-NO","@id":"https:\/\/secure.gravatar.com\/avatar\/053fca53b00a810e8929097a40153a54ea325f90ee6ae9b45eb23c7a467d8d65?s=96&d=mm&r=g","url":"https:\/\/secure.gravatar.com\/avatar\/053fca53b00a810e8929097a40153a54ea325f90ee6ae9b45eb23c7a467d8d65?s=96&d=mm&r=g","contentUrl":"https:\/\/secure.gravatar.com\/avatar\/053fca53b00a810e8929097a40153a54ea325f90ee6ae9b45eb23c7a467d8d65?s=96&d=mm&r=g","caption":"RES"},"sameAs":["http:\/\/res"],"url":"https:\/\/www.res-group.com\/no\/author\/manageruser\/"}]}},"_links":{"self":[{"href":"https:\/\/www.res-group.com\/no\/wp-json\/wp\/v2\/posts\/34226","targetHints":{"allow":["GET"]}}],"collection":[{"href":"https:\/\/www.res-group.com\/no\/wp-json\/wp\/v2\/posts"}],"about":[{"href":"https:\/\/www.res-group.com\/no\/wp-json\/wp\/v2\/types\/post"}],"author":[{"embeddable":true,"href":"https:\/\/www.res-group.com\/no\/wp-json\/wp\/v2\/users\/1"}],"replies":[{"embeddable":true,"href":"https:\/\/www.res-group.com\/no\/wp-json\/wp\/v2\/comments?post=34226"}],"version-history":[{"count":0,"href":"https:\/\/www.res-group.com\/no\/wp-json\/wp\/v2\/posts\/34226\/revisions"}],"wp:featuredmedia":[{"embeddable":true,"href":"https:\/\/www.res-group.com\/no\/wp-json\/wp\/v2\/media\/31587"}],"wp:attachment":[{"href":"https:\/\/www.res-group.com\/no\/wp-json\/wp\/v2\/media?parent=34226"}],"wp:term":[{"taxonomy":"category","embeddable":true,"href":"https:\/\/www.res-group.com\/no\/wp-json\/wp\/v2\/categories?post=34226"},{"taxonomy":"post_tag","embeddable":true,"href":"https:\/\/www.res-group.com\/no\/wp-json\/wp\/v2\/tags?post=34226"},{"taxonomy":"region","embeddable":true,"href":"https:\/\/www.res-group.com\/no\/wp-json\/wp\/v2\/region?post=34226"},{"taxonomy":"content_type","embeddable":true,"href":"https:\/\/www.res-group.com\/no\/wp-json\/wp\/v2\/content_type?post=34226"}],"curies":[{"name":"wp","href":"https:\/\/api.w.org\/{rel}","templated":true}]}}