{"id":30370,"date":"2024-11-19T14:23:56","date_gmt":"2024-11-19T14:23:56","guid":{"rendered":"https:\/\/www.res-group.com\/quo_vadis_conference-copy-copy\/"},"modified":"2024-11-19T14:35:46","modified_gmt":"2024-11-19T14:35:46","slug":"quo_vadis_conference-copy-copy","status":"publish","type":"post","link":"https:\/\/www.res-group.com\/fr\/resources\/events\/quo_vadis_conference-copy-copy\/","title":{"rendered":"Energa\u00efa 2024"},"content":{"rendered":"\n<p>Cette ann\u00e9e encore, l&#8217;\u00e9quipe RES sera pr\u00e9sente au salon Energa\u00efa \u00e0 Montpellier, \u00e9v\u00e8nement majeur des \u00e9nergies solaires. R\u00e9unissant 450 exposants et 17 000 participants pendant 2 jours, ce salon est un \u00e9v\u00e8nement incontournable pour tous les acteurs de la fili\u00e8re des \u00e9nergies renouvelables.<\/p>\n\n\n\n<p>Venez nous rencontrer au stand E46, au hall A2.<\/p>\n\n\n\n<p><strong>Date:<\/strong> 11 \u2013 12 D\u00e9cembre 2024<\/p>\n\n\n\n<p><strong>Lieu:\u00a0<\/strong>Montpellier, France<\/p>\n\n\n\n<p><strong>Emplacement du stand de RES: <\/strong>Hall A2, stand E46<\/p>\n\n\n\n<p><strong>Site internet de l\u2019\u00e9v\u00e8nement\u202f:<\/strong> <a href=\"https:\/\/www.worldhydrogenweek.com\/event\/249bfbeb-416c-4d31-9776-1b968ca70174\/summary\"> <\/a><a href=\"https:\/\/www.energaia.fr\/\">Accueil &#8211; EnerGa\u00efa, le Forum des \u00c9nergies Renouvelables<\/a><\/p>\n\n\n\n<hr class=\"wp-block-separator has-alpha-channel-opacity\"\/>\n\n\n\n<p><\/p>\n","protected":false},"excerpt":{"rendered":"<p>Cette ann\u00e9e encore, l&#8217;\u00e9quipe RES sera pr\u00e9sente au salon Energa\u00efa \u00e0 Montpellier, \u00e9v\u00e8nement majeur des \u00e9nergies solaires. R\u00e9unissant 450 exposants et 17 000 participants pendant 2 jours, ce salon est un \u00e9v\u00e8nement incontournable pour tous les acteurs de la fili\u00e8re des \u00e9nergies renouvelables. Venez nous rencontrer au stand E46, au&#8230;<\/p>\n","protected":false},"author":18,"featured_media":30364,"comment_status":"open","ping_status":"open","sticky":false,"template":"","format":"standard","meta":{"_acf_changed":false,"footnotes":""},"categories":[258],"tags":[],"region":[378],"content_type":[48],"class_list":["post-30370","post","type-post","status-publish","format-standard","has-post-thumbnail","hentry","category-solaire-2-fr","region-france-fr","content_type-events-fr"],"acf":[],"yoast_head":"<!-- This site is optimized with the Yoast SEO Premium plugin v27.2 (Yoast SEO v27.2) - https:\/\/yoast.com\/product\/yoast-seo-premium-wordpress\/ -->\n<title>Energa\u00efa 2024 - RES<\/title>\n<meta name=\"description\" content=\"RES will be attending this event with Marco Perona, CEO EMEA, speaking on panel - The Hydrogen Horizon \u2013 The Key to Decarbonising European Industry?\" \/>\n<meta name=\"robots\" content=\"index, follow, max-snippet:-1, max-image-preview:large, max-video-preview:-1\" \/>\n<link rel=\"canonical\" href=\"https:\/\/www.res-group.com\/fr\/resources\/events\/quo_vadis_conference-copy-copy\/\" \/>\n<meta property=\"og:locale\" content=\"fr_FR\" \/>\n<meta property=\"og:type\" content=\"article\" \/>\n<meta property=\"og:title\" content=\"Energa\u00efa 2024\" \/>\n<meta property=\"og:description\" content=\"RES will be attending this event with Marco Perona, CEO EMEA, speaking on panel - The Hydrogen Horizon \u2013 The Key to Decarbonising European Industry?\" \/>\n<meta property=\"og:url\" content=\"https:\/\/www.res-group.com\/fr\/resources\/events\/quo_vadis_conference-copy-copy\/\" \/>\n<meta property=\"og:site_name\" content=\"RES\" \/>\n<meta property=\"article:published_time\" content=\"2024-11-19T14:23:56+00:00\" \/>\n<meta property=\"article:modified_time\" content=\"2024-11-19T14:35:46+00:00\" \/>\n<meta property=\"og:image\" content=\"https:\/\/www.res-group.com\/wp-content\/uploads\/2024\/11\/energaia-event_FR.png\" \/>\n\t<meta property=\"og:image:width\" content=\"1024\" \/>\n\t<meta property=\"og:image:height\" content=\"648\" \/>\n\t<meta property=\"og:image:type\" content=\"image\/png\" \/>\n<meta name=\"author\" content=\"Michelle Whittington\" \/>\n<meta name=\"twitter:card\" content=\"summary_large_image\" \/>\n<meta name=\"twitter:creator\" content=\"@RESGroup\" \/>\n<meta name=\"twitter:site\" content=\"@RESGroup\" \/>\n<meta name=\"twitter:label1\" content=\"\u00c9crit par\" \/>\n\t<meta name=\"twitter:data1\" content=\"Michelle Whittington\" \/>\n\t<meta name=\"twitter:label2\" content=\"Dur\u00e9e de lecture estim\u00e9e\" \/>\n\t<meta name=\"twitter:data2\" content=\"1 minute\" \/>\n<script type=\"application\/ld+json\" class=\"yoast-schema-graph\">{\"@context\":\"https:\/\/schema.org\",\"@graph\":[{\"@type\":\"Article\",\"@id\":\"https:\/\/www.res-group.com\/fr\/resources\/events\/quo_vadis_conference-copy-copy\/#article\",\"isPartOf\":{\"@id\":\"https:\/\/www.res-group.com\/fr\/resources\/events\/quo_vadis_conference-copy-copy\/\"},\"author\":{\"name\":\"Michelle Whittington\",\"@id\":\"https:\/\/www.res-group.com\/fr\/#\/schema\/person\/9a353e8d988e6a763f08fc0f8883159d\"},\"headline\":\"Energa\u00efa 2024\",\"datePublished\":\"2024-11-19T14:23:56+00:00\",\"dateModified\":\"2024-11-19T14:35:46+00:00\",\"mainEntityOfPage\":{\"@id\":\"https:\/\/www.res-group.com\/fr\/resources\/events\/quo_vadis_conference-copy-copy\/\"},\"wordCount\":87,\"commentCount\":0,\"publisher\":{\"@id\":\"https:\/\/www.res-group.com\/fr\/#organization\"},\"image\":{\"@id\":\"https:\/\/www.res-group.com\/fr\/resources\/events\/quo_vadis_conference-copy-copy\/#primaryimage\"},\"thumbnailUrl\":\"https:\/\/www.res-group.com\/wp-content\/uploads\/2024\/11\/energaia-event_FR.png\",\"articleSection\":[\"Solaire\"],\"inLanguage\":\"fr-FR\",\"potentialAction\":[{\"@type\":\"CommentAction\",\"name\":\"Comment\",\"target\":[\"https:\/\/www.res-group.com\/fr\/resources\/events\/quo_vadis_conference-copy-copy\/#respond\"]}]},{\"@type\":\"WebPage\",\"@id\":\"https:\/\/www.res-group.com\/fr\/resources\/events\/quo_vadis_conference-copy-copy\/\",\"url\":\"https:\/\/www.res-group.com\/fr\/resources\/events\/quo_vadis_conference-copy-copy\/\",\"name\":\"Energa\u00efa 2024 - RES\",\"isPartOf\":{\"@id\":\"https:\/\/www.res-group.com\/fr\/#website\"},\"primaryImageOfPage\":{\"@id\":\"https:\/\/www.res-group.com\/fr\/resources\/events\/quo_vadis_conference-copy-copy\/#primaryimage\"},\"image\":{\"@id\":\"https:\/\/www.res-group.com\/fr\/resources\/events\/quo_vadis_conference-copy-copy\/#primaryimage\"},\"thumbnailUrl\":\"https:\/\/www.res-group.com\/wp-content\/uploads\/2024\/11\/energaia-event_FR.png\",\"datePublished\":\"2024-11-19T14:23:56+00:00\",\"dateModified\":\"2024-11-19T14:35:46+00:00\",\"description\":\"RES will be attending this event with Marco Perona, CEO EMEA, speaking on panel - The Hydrogen Horizon \u2013 The Key to Decarbonising European Industry?\",\"breadcrumb\":{\"@id\":\"https:\/\/www.res-group.com\/fr\/resources\/events\/quo_vadis_conference-copy-copy\/#breadcrumb\"},\"inLanguage\":\"fr-FR\",\"potentialAction\":[{\"@type\":\"ReadAction\",\"target\":[\"https:\/\/www.res-group.com\/fr\/resources\/events\/quo_vadis_conference-copy-copy\/\"]}]},{\"@type\":\"ImageObject\",\"inLanguage\":\"fr-FR\",\"@id\":\"https:\/\/www.res-group.com\/fr\/resources\/events\/quo_vadis_conference-copy-copy\/#primaryimage\",\"url\":\"https:\/\/www.res-group.com\/wp-content\/uploads\/2024\/11\/energaia-event_FR.png\",\"contentUrl\":\"https:\/\/www.res-group.com\/wp-content\/uploads\/2024\/11\/energaia-event_FR.png\",\"width\":1024,\"height\":648,\"caption\":\"EnerGaia banner\"},{\"@type\":\"BreadcrumbList\",\"@id\":\"https:\/\/www.res-group.com\/fr\/resources\/events\/quo_vadis_conference-copy-copy\/#breadcrumb\",\"itemListElement\":[{\"@type\":\"ListItem\",\"position\":1,\"name\":\"In\u00edcio\",\"item\":\"https:\/\/www.res-group.com\/fr\/\"},{\"@type\":\"ListItem\",\"position\":2,\"name\":\"Energa\u00efa 2024\"}]},{\"@type\":\"WebSite\",\"@id\":\"https:\/\/www.res-group.com\/fr\/#website\",\"url\":\"https:\/\/www.res-group.com\/fr\/\",\"name\":\"res-group.com\",\"description\":\"The power behind a clean energy future\",\"publisher\":{\"@id\":\"https:\/\/www.res-group.com\/fr\/#organization\"},\"potentialAction\":[{\"@type\":\"SearchAction\",\"target\":{\"@type\":\"EntryPoint\",\"urlTemplate\":\"https:\/\/www.res-group.com\/fr\/?s={search_term_string}\"},\"query-input\":{\"@type\":\"PropertyValueSpecification\",\"valueRequired\":true,\"valueName\":\"search_term_string\"}}],\"inLanguage\":\"fr-FR\"},{\"@type\":\"Organization\",\"@id\":\"https:\/\/www.res-group.com\/fr\/#organization\",\"name\":\"RES\",\"url\":\"https:\/\/www.res-group.com\/fr\/\",\"logo\":{\"@type\":\"ImageObject\",\"inLanguage\":\"fr-FR\",\"@id\":\"https:\/\/www.res-group.com\/fr\/#\/schema\/logo\/image\/\",\"url\":\"https:\/\/www.res-group.com\/wp-content\/uploads\/2023\/05\/header-logo.svg\",\"contentUrl\":\"https:\/\/www.res-group.com\/wp-content\/uploads\/2023\/05\/header-logo.svg\",\"width\":82.634,\"height\":38,\"caption\":\"RES\"},\"image\":{\"@id\":\"https:\/\/www.res-group.com\/fr\/#\/schema\/logo\/image\/\"},\"sameAs\":[\"https:\/\/x.com\/RESGroup\",\"https:\/\/www.instagram.com\/res_powerforgood\",\"https:\/\/www.linkedin.com\/company\/res-group\/\",\"https:\/\/vimeo.com\/resgroup\"]},{\"@type\":\"Person\",\"@id\":\"https:\/\/www.res-group.com\/fr\/#\/schema\/person\/9a353e8d988e6a763f08fc0f8883159d\",\"name\":\"Michelle Whittington\",\"image\":{\"@type\":\"ImageObject\",\"inLanguage\":\"fr-FR\",\"@id\":\"https:\/\/secure.gravatar.com\/avatar\/323140a1cce9976261b840fee64a55e883e644485c5aa6745ac045723f5c99d5?s=96&d=mm&r=g\",\"url\":\"https:\/\/secure.gravatar.com\/avatar\/323140a1cce9976261b840fee64a55e883e644485c5aa6745ac045723f5c99d5?s=96&d=mm&r=g\",\"contentUrl\":\"https:\/\/secure.gravatar.com\/avatar\/323140a1cce9976261b840fee64a55e883e644485c5aa6745ac045723f5c99d5?s=96&d=mm&r=g\",\"caption\":\"Michelle Whittington\"},\"url\":\"https:\/\/www.res-group.com\/fr\/author\/michelle-whittington\/\"}]}<\/script>\n<!-- \/ Yoast SEO Premium plugin. -->","yoast_head_json":{"title":"Energa\u00efa 2024 - RES","description":"RES will be attending this event with Marco Perona, CEO EMEA, speaking on panel - The Hydrogen Horizon \u2013 The Key to Decarbonising European Industry?","robots":{"index":"index","follow":"follow","max-snippet":"max-snippet:-1","max-image-preview":"max-image-preview:large","max-video-preview":"max-video-preview:-1"},"canonical":"https:\/\/www.res-group.com\/fr\/resources\/events\/quo_vadis_conference-copy-copy\/","og_locale":"fr_FR","og_type":"article","og_title":"Energa\u00efa 2024","og_description":"RES will be attending this event with Marco Perona, CEO EMEA, speaking on panel - The Hydrogen Horizon \u2013 The Key to Decarbonising European Industry?","og_url":"https:\/\/www.res-group.com\/fr\/resources\/events\/quo_vadis_conference-copy-copy\/","og_site_name":"RES","article_published_time":"2024-11-19T14:23:56+00:00","article_modified_time":"2024-11-19T14:35:46+00:00","og_image":[{"width":1024,"height":648,"url":"https:\/\/www.res-group.com\/wp-content\/uploads\/2024\/11\/energaia-event_FR.png","type":"image\/png"}],"author":"Michelle Whittington","twitter_card":"summary_large_image","twitter_creator":"@RESGroup","twitter_site":"@RESGroup","twitter_misc":{"\u00c9crit par":"Michelle Whittington","Dur\u00e9e de lecture estim\u00e9e":"1 minute"},"schema":{"@context":"https:\/\/schema.org","@graph":[{"@type":"Article","@id":"https:\/\/www.res-group.com\/fr\/resources\/events\/quo_vadis_conference-copy-copy\/#article","isPartOf":{"@id":"https:\/\/www.res-group.com\/fr\/resources\/events\/quo_vadis_conference-copy-copy\/"},"author":{"name":"Michelle Whittington","@id":"https:\/\/www.res-group.com\/fr\/#\/schema\/person\/9a353e8d988e6a763f08fc0f8883159d"},"headline":"Energa\u00efa 2024","datePublished":"2024-11-19T14:23:56+00:00","dateModified":"2024-11-19T14:35:46+00:00","mainEntityOfPage":{"@id":"https:\/\/www.res-group.com\/fr\/resources\/events\/quo_vadis_conference-copy-copy\/"},"wordCount":87,"commentCount":0,"publisher":{"@id":"https:\/\/www.res-group.com\/fr\/#organization"},"image":{"@id":"https:\/\/www.res-group.com\/fr\/resources\/events\/quo_vadis_conference-copy-copy\/#primaryimage"},"thumbnailUrl":"https:\/\/www.res-group.com\/wp-content\/uploads\/2024\/11\/energaia-event_FR.png","articleSection":["Solaire"],"inLanguage":"fr-FR","potentialAction":[{"@type":"CommentAction","name":"Comment","target":["https:\/\/www.res-group.com\/fr\/resources\/events\/quo_vadis_conference-copy-copy\/#respond"]}]},{"@type":"WebPage","@id":"https:\/\/www.res-group.com\/fr\/resources\/events\/quo_vadis_conference-copy-copy\/","url":"https:\/\/www.res-group.com\/fr\/resources\/events\/quo_vadis_conference-copy-copy\/","name":"Energa\u00efa 2024 - RES","isPartOf":{"@id":"https:\/\/www.res-group.com\/fr\/#website"},"primaryImageOfPage":{"@id":"https:\/\/www.res-group.com\/fr\/resources\/events\/quo_vadis_conference-copy-copy\/#primaryimage"},"image":{"@id":"https:\/\/www.res-group.com\/fr\/resources\/events\/quo_vadis_conference-copy-copy\/#primaryimage"},"thumbnailUrl":"https:\/\/www.res-group.com\/wp-content\/uploads\/2024\/11\/energaia-event_FR.png","datePublished":"2024-11-19T14:23:56+00:00","dateModified":"2024-11-19T14:35:46+00:00","description":"RES will be attending this event with Marco Perona, CEO EMEA, speaking on panel - The Hydrogen Horizon \u2013 The Key to Decarbonising European Industry?","breadcrumb":{"@id":"https:\/\/www.res-group.com\/fr\/resources\/events\/quo_vadis_conference-copy-copy\/#breadcrumb"},"inLanguage":"fr-FR","potentialAction":[{"@type":"ReadAction","target":["https:\/\/www.res-group.com\/fr\/resources\/events\/quo_vadis_conference-copy-copy\/"]}]},{"@type":"ImageObject","inLanguage":"fr-FR","@id":"https:\/\/www.res-group.com\/fr\/resources\/events\/quo_vadis_conference-copy-copy\/#primaryimage","url":"https:\/\/www.res-group.com\/wp-content\/uploads\/2024\/11\/energaia-event_FR.png","contentUrl":"https:\/\/www.res-group.com\/wp-content\/uploads\/2024\/11\/energaia-event_FR.png","width":1024,"height":648,"caption":"EnerGaia banner"},{"@type":"BreadcrumbList","@id":"https:\/\/www.res-group.com\/fr\/resources\/events\/quo_vadis_conference-copy-copy\/#breadcrumb","itemListElement":[{"@type":"ListItem","position":1,"name":"In\u00edcio","item":"https:\/\/www.res-group.com\/fr\/"},{"@type":"ListItem","position":2,"name":"Energa\u00efa 2024"}]},{"@type":"WebSite","@id":"https:\/\/www.res-group.com\/fr\/#website","url":"https:\/\/www.res-group.com\/fr\/","name":"res-group.com","description":"The power behind a clean energy future","publisher":{"@id":"https:\/\/www.res-group.com\/fr\/#organization"},"potentialAction":[{"@type":"SearchAction","target":{"@type":"EntryPoint","urlTemplate":"https:\/\/www.res-group.com\/fr\/?s={search_term_string}"},"query-input":{"@type":"PropertyValueSpecification","valueRequired":true,"valueName":"search_term_string"}}],"inLanguage":"fr-FR"},{"@type":"Organization","@id":"https:\/\/www.res-group.com\/fr\/#organization","name":"RES","url":"https:\/\/www.res-group.com\/fr\/","logo":{"@type":"ImageObject","inLanguage":"fr-FR","@id":"https:\/\/www.res-group.com\/fr\/#\/schema\/logo\/image\/","url":"https:\/\/www.res-group.com\/wp-content\/uploads\/2023\/05\/header-logo.svg","contentUrl":"https:\/\/www.res-group.com\/wp-content\/uploads\/2023\/05\/header-logo.svg","width":82.634,"height":38,"caption":"RES"},"image":{"@id":"https:\/\/www.res-group.com\/fr\/#\/schema\/logo\/image\/"},"sameAs":["https:\/\/x.com\/RESGroup","https:\/\/www.instagram.com\/res_powerforgood","https:\/\/www.linkedin.com\/company\/res-group\/","https:\/\/vimeo.com\/resgroup"]},{"@type":"Person","@id":"https:\/\/www.res-group.com\/fr\/#\/schema\/person\/9a353e8d988e6a763f08fc0f8883159d","name":"Michelle Whittington","image":{"@type":"ImageObject","inLanguage":"fr-FR","@id":"https:\/\/secure.gravatar.com\/avatar\/323140a1cce9976261b840fee64a55e883e644485c5aa6745ac045723f5c99d5?s=96&d=mm&r=g","url":"https:\/\/secure.gravatar.com\/avatar\/323140a1cce9976261b840fee64a55e883e644485c5aa6745ac045723f5c99d5?s=96&d=mm&r=g","contentUrl":"https:\/\/secure.gravatar.com\/avatar\/323140a1cce9976261b840fee64a55e883e644485c5aa6745ac045723f5c99d5?s=96&d=mm&r=g","caption":"Michelle Whittington"},"url":"https:\/\/www.res-group.com\/fr\/author\/michelle-whittington\/"}]}},"_links":{"self":[{"href":"https:\/\/www.res-group.com\/fr\/wp-json\/wp\/v2\/posts\/30370","targetHints":{"allow":["GET"]}}],"collection":[{"href":"https:\/\/www.res-group.com\/fr\/wp-json\/wp\/v2\/posts"}],"about":[{"href":"https:\/\/www.res-group.com\/fr\/wp-json\/wp\/v2\/types\/post"}],"author":[{"embeddable":true,"href":"https:\/\/www.res-group.com\/fr\/wp-json\/wp\/v2\/users\/18"}],"replies":[{"embeddable":true,"href":"https:\/\/www.res-group.com\/fr\/wp-json\/wp\/v2\/comments?post=30370"}],"version-history":[{"count":0,"href":"https:\/\/www.res-group.com\/fr\/wp-json\/wp\/v2\/posts\/30370\/revisions"}],"wp:featuredmedia":[{"embeddable":true,"href":"https:\/\/www.res-group.com\/fr\/wp-json\/wp\/v2\/media\/30364"}],"wp:attachment":[{"href":"https:\/\/www.res-group.com\/fr\/wp-json\/wp\/v2\/media?parent=30370"}],"wp:term":[{"taxonomy":"category","embeddable":true,"href":"https:\/\/www.res-group.com\/fr\/wp-json\/wp\/v2\/categories?post=30370"},{"taxonomy":"post_tag","embeddable":true,"href":"https:\/\/www.res-group.com\/fr\/wp-json\/wp\/v2\/tags?post=30370"},{"taxonomy":"region","embeddable":true,"href":"https:\/\/www.res-group.com\/fr\/wp-json\/wp\/v2\/region?post=30370"},{"taxonomy":"content_type","embeddable":true,"href":"https:\/\/www.res-group.com\/fr\/wp-json\/wp\/v2\/content_type?post=30370"}],"curies":[{"name":"wp","href":"https:\/\/api.w.org\/{rel}","templated":true}]}}