{"id":26683,"date":"2024-08-02T12:57:07","date_gmt":"2024-08-02T11:57:07","guid":{"rendered":"https:\/\/www.res-group.com\/mexico-windpower-2\/"},"modified":"2024-08-02T14:03:41","modified_gmt":"2024-08-02T13:03:41","slug":"mexico-windpower","status":"publish","type":"post","link":"https:\/\/www.res-group.com\/es\/resources\/events-es\/mexico-windpower\/","title":{"rendered":"Mexico WindPower\u00ae\u00a02024\u00a0"},"content":{"rendered":"\n<p>Del 27 al 28 de agosto, Mexico WindPower 2024 se reafirma como el CONGRESO l\u00edder del sector e\u00f3lico en M\u00e9xico, impulsando el desarrollo de la energ\u00eda e\u00f3lica en el pa\u00eds. Organizado por el Consejo Global de Energ\u00eda E\u00f3lica (GWEC, por sus siglas en ingl\u00e9s) y la Asociaci\u00f3n Mexicana de Energ\u00eda E\u00f3lica (AMDEE), en colaboraci\u00f3n con Informa Markets.<\/p>\n\n\n\n<p><strong>Fecha del evento:<\/strong>&nbsp;27 al 28 de agosto de 2024<\/p>\n\n\n\n<p><strong>Ubicaci\u00f3n:&nbsp;<\/strong>Ciudad de M\u00e9xico<\/p>\n\n\n\n<p><strong>Oradores de RES:<\/strong> &nbsp;<a href=\"https:\/\/www.linkedin.com\/in\/juan-de-dios-platero-g%C3%B3mez-b0005234\/\">Juan de Dios Platero<\/a>, Country Manager Mexico<\/p>\n\n\n\n<p><strong>Sitio web del evento:<\/strong> <a href=\"https:\/\/www.mexicowindpower.com.mx\/es\" target=\"_blank\" rel=\"noreferrer noopener\"><strong>https:\/\/www.mexicowindpower.com.mx\/es<\/strong><\/a><\/p>\n\n\n\n<p><\/p>\n\n\n\n<hr class=\"wp-block-separator has-alpha-channel-opacity\"\/>\n\n\n\n<p><strong>Panelista de RES:<\/strong><\/p>\n\n\n\n<p>Mi\u00e9rcoles, 28 de Agosto de 2024 de 15:00<\/p>\n\n\n\n<p><strong>T\u00edtulo de la sesi\u00f3n:&nbsp;<\/strong>Operaci\u00f3n y Mantenimiento: Retos en M\u00e9xico<\/p>\n\n\n\n<p>La madurez del sector e\u00f3lico en M\u00e9xico hace necesario preguntarnos qu\u00e9 retos enfrentaremos los pr\u00f3ximos a\u00f1os,<\/p>\n\n\n\n<p>\u00bfQu\u00e9 mecanismos son necesarios implementar en los parques e\u00f3licos para avanzar en el desmantelamiento al final de su vida \u00fatil? \u00bfQu\u00e9 elementos t\u00e9cnicos se requieren para anticipar fallas? \u00bfHacia d\u00f3nde debe migrar la O&amp;M de parques e\u00f3licos?<\/p>\n\n\n\n<ul class=\"wp-block-list\">\n<li>Extensi\u00f3n de vida \u00fatil<\/li>\n\n\n\n<li>Desmontaje de proyectos e\u00f3licos<\/li>\n\n\n\n<li>Aspectos t\u00e9cnicos en O&amp;M<\/li>\n\n\n\n<li>Aceptaci\u00f3n social y retos en seguridad<\/li>\n<\/ul>\n\n\n\n<p><strong>Oradores<\/strong>: Fernando Alvarez, Head of Operations &#8211; Hispanic LATAM,&nbsp;Siemens Gamesa; Gabriel Liendro, Power &amp; Utilities Technical Manager,&nbsp;SGS Latinoam\u00e9rica; Marco Ceriotto, Team Leader for Wind Engineering and Due Diligence, Latin America,&nbsp;DNV; Jos\u00e9 Luis S\u00e1nchez, Gerente de Control de Operaciones M\u00e9xico&nbsp;Centroam\u00e9rica &amp; Caribe, Acciona Energ\u00eda; <a href=\"https:\/\/www.linkedin.com\/in\/juan-de-dios-platero-g%C3%B3mez-b0005234\/\">Juan de Dios Platero, Country Manager&nbsp;RES Group M\u00e9xico<\/a>; Carlos Salas, Co-Fundador&nbsp;Biaani\u00b4 Energy Mexico (moderador).<\/p>\n\n\n\n<p>Para m\u00e1s informaci\u00f3n, consulte el programa completo de la conferencia&nbsp;<a href=\"https:\/\/www.mexicowindpower.com.mx\/es\/programa\" target=\"_blank\" rel=\"noreferrer noopener\"><strong>aqu\u00ed<\/strong><\/a>.<\/p>\n","protected":false},"excerpt":{"rendered":"<p>Del 27 al 28 de agosto, Mexico WindPower 2024 se reafirma como el CONGRESO l\u00edder del sector e\u00f3lico en M\u00e9xico, impulsando el desarrollo de la energ\u00eda e\u00f3lica en el pa\u00eds. Organizado por el Consejo Global de Energ\u00eda E\u00f3lica (GWEC, por sus siglas en ingl\u00e9s) y la Asociaci\u00f3n Mexicana de Energ\u00eda&#8230;<\/p>\n","protected":false},"author":1,"featured_media":26667,"comment_status":"open","ping_status":"open","sticky":false,"template":"","format":"standard","meta":{"_acf_changed":false,"footnotes":""},"categories":[188],"tags":[],"region":[608,584],"content_type":[624],"class_list":["post-26683","post","type-post","status-publish","format-standard","has-post-thumbnail","hentry","category-corporate","region-nordics-es","region-uki-es","content_type-events-es"],"acf":[],"yoast_head":"<!-- This site is optimized with the Yoast SEO Premium plugin v27.2 (Yoast SEO v27.2) - https:\/\/yoast.com\/product\/yoast-seo-premium-wordpress\/ -->\n<title>Mexico WindPower\u00ae\u00a02024\u00a0 - RES<\/title>\n<meta name=\"description\" content=\"RES will be attending this event with Marco Perona, CEO EMEA, speaking on panel - The Hydrogen Horizon \u2013 The Key to Decarbonising European Industry?\" \/>\n<meta name=\"robots\" content=\"index, follow, max-snippet:-1, max-image-preview:large, max-video-preview:-1\" \/>\n<link rel=\"canonical\" href=\"https:\/\/www.res-group.com\/es\/resources\/events-es\/mexico-windpower\/\" \/>\n<meta property=\"og:locale\" content=\"es_ES\" \/>\n<meta property=\"og:type\" content=\"article\" \/>\n<meta property=\"og:title\" content=\"Mexico WindPower\u00ae\u00a02024\u00a0\" \/>\n<meta property=\"og:description\" content=\"RES will be attending this event with Marco Perona, CEO EMEA, speaking on panel - The Hydrogen Horizon \u2013 The Key to Decarbonising European Industry?\" \/>\n<meta property=\"og:url\" content=\"https:\/\/www.res-group.com\/es\/resources\/events-es\/mexico-windpower\/\" \/>\n<meta property=\"og:site_name\" content=\"RES\" \/>\n<meta property=\"article:published_time\" content=\"2024-08-02T11:57:07+00:00\" \/>\n<meta property=\"article:modified_time\" content=\"2024-08-02T13:03:41+00:00\" \/>\n<meta property=\"og:image\" content=\"https:\/\/www.res-group.com\/wp-content\/uploads\/2024\/08\/Banner_RES-e1722593169577.jpg\" \/>\n\t<meta property=\"og:image:width\" content=\"750\" \/>\n\t<meta property=\"og:image:height\" content=\"406\" \/>\n\t<meta property=\"og:image:type\" content=\"image\/jpeg\" \/>\n<meta name=\"author\" content=\"RES\" \/>\n<meta name=\"twitter:card\" content=\"summary_large_image\" \/>\n<meta name=\"twitter:creator\" content=\"@RESGroup\" \/>\n<meta name=\"twitter:site\" content=\"@RESGroup\" \/>\n<meta name=\"twitter:label1\" content=\"Escrito por\" \/>\n\t<meta name=\"twitter:data1\" content=\"RES\" \/>\n\t<meta name=\"twitter:label2\" content=\"Tiempo de lectura\" \/>\n\t<meta name=\"twitter:data2\" content=\"2 minutos\" \/>\n<script type=\"application\/ld+json\" class=\"yoast-schema-graph\">{\"@context\":\"https:\/\/schema.org\",\"@graph\":[{\"@type\":\"Article\",\"@id\":\"https:\/\/www.res-group.com\/es\/resources\/events-es\/mexico-windpower\/#article\",\"isPartOf\":{\"@id\":\"https:\/\/www.res-group.com\/es\/resources\/events-es\/mexico-windpower\/\"},\"author\":{\"name\":\"RES\",\"@id\":\"https:\/\/www.res-group.com\/es\/#\/schema\/person\/e4578b8414d75c1237c6dae6f38318a2\"},\"headline\":\"Mexico WindPower\u00ae\u00a02024\u00a0\",\"datePublished\":\"2024-08-02T11:57:07+00:00\",\"dateModified\":\"2024-08-02T13:03:41+00:00\",\"mainEntityOfPage\":{\"@id\":\"https:\/\/www.res-group.com\/es\/resources\/events-es\/mexico-windpower\/\"},\"wordCount\":305,\"commentCount\":0,\"publisher\":{\"@id\":\"https:\/\/www.res-group.com\/es\/#organization\"},\"image\":{\"@id\":\"https:\/\/www.res-group.com\/es\/resources\/events-es\/mexico-windpower\/#primaryimage\"},\"thumbnailUrl\":\"https:\/\/www.res-group.com\/wp-content\/uploads\/2024\/08\/Banner_RES-e1722593169577.jpg\",\"articleSection\":[\"Corporate\"],\"inLanguage\":\"es\",\"potentialAction\":[{\"@type\":\"CommentAction\",\"name\":\"Comment\",\"target\":[\"https:\/\/www.res-group.com\/es\/resources\/events-es\/mexico-windpower\/#respond\"]}]},{\"@type\":\"WebPage\",\"@id\":\"https:\/\/www.res-group.com\/es\/resources\/events-es\/mexico-windpower\/\",\"url\":\"https:\/\/www.res-group.com\/es\/resources\/events-es\/mexico-windpower\/\",\"name\":\"Mexico WindPower\u00ae\u00a02024\u00a0 - RES\",\"isPartOf\":{\"@id\":\"https:\/\/www.res-group.com\/es\/#website\"},\"primaryImageOfPage\":{\"@id\":\"https:\/\/www.res-group.com\/es\/resources\/events-es\/mexico-windpower\/#primaryimage\"},\"image\":{\"@id\":\"https:\/\/www.res-group.com\/es\/resources\/events-es\/mexico-windpower\/#primaryimage\"},\"thumbnailUrl\":\"https:\/\/www.res-group.com\/wp-content\/uploads\/2024\/08\/Banner_RES-e1722593169577.jpg\",\"datePublished\":\"2024-08-02T11:57:07+00:00\",\"dateModified\":\"2024-08-02T13:03:41+00:00\",\"description\":\"RES will be attending this event with Marco Perona, CEO EMEA, speaking on panel - The Hydrogen Horizon \u2013 The Key to Decarbonising European Industry?\",\"breadcrumb\":{\"@id\":\"https:\/\/www.res-group.com\/es\/resources\/events-es\/mexico-windpower\/#breadcrumb\"},\"inLanguage\":\"es\",\"potentialAction\":[{\"@type\":\"ReadAction\",\"target\":[\"https:\/\/www.res-group.com\/es\/resources\/events-es\/mexico-windpower\/\"]}]},{\"@type\":\"ImageObject\",\"inLanguage\":\"es\",\"@id\":\"https:\/\/www.res-group.com\/es\/resources\/events-es\/mexico-windpower\/#primaryimage\",\"url\":\"https:\/\/www.res-group.com\/wp-content\/uploads\/2024\/08\/Banner_RES-e1722593169577.jpg\",\"contentUrl\":\"https:\/\/www.res-group.com\/wp-content\/uploads\/2024\/08\/Banner_RES-e1722593169577.jpg\",\"width\":750,\"height\":406},{\"@type\":\"BreadcrumbList\",\"@id\":\"https:\/\/www.res-group.com\/es\/resources\/events-es\/mexico-windpower\/#breadcrumb\",\"itemListElement\":[{\"@type\":\"ListItem\",\"position\":1,\"name\":\"In\u00edcio\",\"item\":\"https:\/\/www.res-group.com\/es\/\"},{\"@type\":\"ListItem\",\"position\":2,\"name\":\"Mexico WindPower\u00ae\u00a02024\u00a0\"}]},{\"@type\":\"WebSite\",\"@id\":\"https:\/\/www.res-group.com\/es\/#website\",\"url\":\"https:\/\/www.res-group.com\/es\/\",\"name\":\"res-group.com\",\"description\":\"The power behind a clean energy future\",\"publisher\":{\"@id\":\"https:\/\/www.res-group.com\/es\/#organization\"},\"potentialAction\":[{\"@type\":\"SearchAction\",\"target\":{\"@type\":\"EntryPoint\",\"urlTemplate\":\"https:\/\/www.res-group.com\/es\/?s={search_term_string}\"},\"query-input\":{\"@type\":\"PropertyValueSpecification\",\"valueRequired\":true,\"valueName\":\"search_term_string\"}}],\"inLanguage\":\"es\"},{\"@type\":\"Organization\",\"@id\":\"https:\/\/www.res-group.com\/es\/#organization\",\"name\":\"RES\",\"url\":\"https:\/\/www.res-group.com\/es\/\",\"logo\":{\"@type\":\"ImageObject\",\"inLanguage\":\"es\",\"@id\":\"https:\/\/www.res-group.com\/es\/#\/schema\/logo\/image\/\",\"url\":\"https:\/\/www.res-group.com\/wp-content\/uploads\/2023\/05\/header-logo.svg\",\"contentUrl\":\"https:\/\/www.res-group.com\/wp-content\/uploads\/2023\/05\/header-logo.svg\",\"width\":82.634,\"height\":38,\"caption\":\"RES\"},\"image\":{\"@id\":\"https:\/\/www.res-group.com\/es\/#\/schema\/logo\/image\/\"},\"sameAs\":[\"https:\/\/x.com\/RESGroup\",\"https:\/\/www.instagram.com\/res_powerforgood\",\"https:\/\/www.linkedin.com\/company\/res-group\/\",\"https:\/\/vimeo.com\/resgroup\"]},{\"@type\":\"Person\",\"@id\":\"https:\/\/www.res-group.com\/es\/#\/schema\/person\/e4578b8414d75c1237c6dae6f38318a2\",\"name\":\"RES\",\"image\":{\"@type\":\"ImageObject\",\"inLanguage\":\"es\",\"@id\":\"https:\/\/secure.gravatar.com\/avatar\/053fca53b00a810e8929097a40153a54ea325f90ee6ae9b45eb23c7a467d8d65?s=96&d=mm&r=g\",\"url\":\"https:\/\/secure.gravatar.com\/avatar\/053fca53b00a810e8929097a40153a54ea325f90ee6ae9b45eb23c7a467d8d65?s=96&d=mm&r=g\",\"contentUrl\":\"https:\/\/secure.gravatar.com\/avatar\/053fca53b00a810e8929097a40153a54ea325f90ee6ae9b45eb23c7a467d8d65?s=96&d=mm&r=g\",\"caption\":\"RES\"},\"sameAs\":[\"http:\/\/res\"],\"url\":\"https:\/\/www.res-group.com\/es\/author\/manageruser\/\"}]}<\/script>\n<!-- \/ Yoast SEO Premium plugin. -->","yoast_head_json":{"title":"Mexico WindPower\u00ae\u00a02024\u00a0 - RES","description":"RES will be attending this event with Marco Perona, CEO EMEA, speaking on panel - The Hydrogen Horizon \u2013 The Key to Decarbonising European Industry?","robots":{"index":"index","follow":"follow","max-snippet":"max-snippet:-1","max-image-preview":"max-image-preview:large","max-video-preview":"max-video-preview:-1"},"canonical":"https:\/\/www.res-group.com\/es\/resources\/events-es\/mexico-windpower\/","og_locale":"es_ES","og_type":"article","og_title":"Mexico WindPower\u00ae\u00a02024\u00a0","og_description":"RES will be attending this event with Marco Perona, CEO EMEA, speaking on panel - The Hydrogen Horizon \u2013 The Key to Decarbonising European Industry?","og_url":"https:\/\/www.res-group.com\/es\/resources\/events-es\/mexico-windpower\/","og_site_name":"RES","article_published_time":"2024-08-02T11:57:07+00:00","article_modified_time":"2024-08-02T13:03:41+00:00","og_image":[{"width":750,"height":406,"url":"https:\/\/www.res-group.com\/wp-content\/uploads\/2024\/08\/Banner_RES-e1722593169577.jpg","type":"image\/jpeg"}],"author":"RES","twitter_card":"summary_large_image","twitter_creator":"@RESGroup","twitter_site":"@RESGroup","twitter_misc":{"Escrito por":"RES","Tiempo de lectura":"2 minutos"},"schema":{"@context":"https:\/\/schema.org","@graph":[{"@type":"Article","@id":"https:\/\/www.res-group.com\/es\/resources\/events-es\/mexico-windpower\/#article","isPartOf":{"@id":"https:\/\/www.res-group.com\/es\/resources\/events-es\/mexico-windpower\/"},"author":{"name":"RES","@id":"https:\/\/www.res-group.com\/es\/#\/schema\/person\/e4578b8414d75c1237c6dae6f38318a2"},"headline":"Mexico WindPower\u00ae\u00a02024\u00a0","datePublished":"2024-08-02T11:57:07+00:00","dateModified":"2024-08-02T13:03:41+00:00","mainEntityOfPage":{"@id":"https:\/\/www.res-group.com\/es\/resources\/events-es\/mexico-windpower\/"},"wordCount":305,"commentCount":0,"publisher":{"@id":"https:\/\/www.res-group.com\/es\/#organization"},"image":{"@id":"https:\/\/www.res-group.com\/es\/resources\/events-es\/mexico-windpower\/#primaryimage"},"thumbnailUrl":"https:\/\/www.res-group.com\/wp-content\/uploads\/2024\/08\/Banner_RES-e1722593169577.jpg","articleSection":["Corporate"],"inLanguage":"es","potentialAction":[{"@type":"CommentAction","name":"Comment","target":["https:\/\/www.res-group.com\/es\/resources\/events-es\/mexico-windpower\/#respond"]}]},{"@type":"WebPage","@id":"https:\/\/www.res-group.com\/es\/resources\/events-es\/mexico-windpower\/","url":"https:\/\/www.res-group.com\/es\/resources\/events-es\/mexico-windpower\/","name":"Mexico WindPower\u00ae\u00a02024\u00a0 - RES","isPartOf":{"@id":"https:\/\/www.res-group.com\/es\/#website"},"primaryImageOfPage":{"@id":"https:\/\/www.res-group.com\/es\/resources\/events-es\/mexico-windpower\/#primaryimage"},"image":{"@id":"https:\/\/www.res-group.com\/es\/resources\/events-es\/mexico-windpower\/#primaryimage"},"thumbnailUrl":"https:\/\/www.res-group.com\/wp-content\/uploads\/2024\/08\/Banner_RES-e1722593169577.jpg","datePublished":"2024-08-02T11:57:07+00:00","dateModified":"2024-08-02T13:03:41+00:00","description":"RES will be attending this event with Marco Perona, CEO EMEA, speaking on panel - The Hydrogen Horizon \u2013 The Key to Decarbonising European Industry?","breadcrumb":{"@id":"https:\/\/www.res-group.com\/es\/resources\/events-es\/mexico-windpower\/#breadcrumb"},"inLanguage":"es","potentialAction":[{"@type":"ReadAction","target":["https:\/\/www.res-group.com\/es\/resources\/events-es\/mexico-windpower\/"]}]},{"@type":"ImageObject","inLanguage":"es","@id":"https:\/\/www.res-group.com\/es\/resources\/events-es\/mexico-windpower\/#primaryimage","url":"https:\/\/www.res-group.com\/wp-content\/uploads\/2024\/08\/Banner_RES-e1722593169577.jpg","contentUrl":"https:\/\/www.res-group.com\/wp-content\/uploads\/2024\/08\/Banner_RES-e1722593169577.jpg","width":750,"height":406},{"@type":"BreadcrumbList","@id":"https:\/\/www.res-group.com\/es\/resources\/events-es\/mexico-windpower\/#breadcrumb","itemListElement":[{"@type":"ListItem","position":1,"name":"In\u00edcio","item":"https:\/\/www.res-group.com\/es\/"},{"@type":"ListItem","position":2,"name":"Mexico WindPower\u00ae\u00a02024\u00a0"}]},{"@type":"WebSite","@id":"https:\/\/www.res-group.com\/es\/#website","url":"https:\/\/www.res-group.com\/es\/","name":"res-group.com","description":"The power behind a clean energy future","publisher":{"@id":"https:\/\/www.res-group.com\/es\/#organization"},"potentialAction":[{"@type":"SearchAction","target":{"@type":"EntryPoint","urlTemplate":"https:\/\/www.res-group.com\/es\/?s={search_term_string}"},"query-input":{"@type":"PropertyValueSpecification","valueRequired":true,"valueName":"search_term_string"}}],"inLanguage":"es"},{"@type":"Organization","@id":"https:\/\/www.res-group.com\/es\/#organization","name":"RES","url":"https:\/\/www.res-group.com\/es\/","logo":{"@type":"ImageObject","inLanguage":"es","@id":"https:\/\/www.res-group.com\/es\/#\/schema\/logo\/image\/","url":"https:\/\/www.res-group.com\/wp-content\/uploads\/2023\/05\/header-logo.svg","contentUrl":"https:\/\/www.res-group.com\/wp-content\/uploads\/2023\/05\/header-logo.svg","width":82.634,"height":38,"caption":"RES"},"image":{"@id":"https:\/\/www.res-group.com\/es\/#\/schema\/logo\/image\/"},"sameAs":["https:\/\/x.com\/RESGroup","https:\/\/www.instagram.com\/res_powerforgood","https:\/\/www.linkedin.com\/company\/res-group\/","https:\/\/vimeo.com\/resgroup"]},{"@type":"Person","@id":"https:\/\/www.res-group.com\/es\/#\/schema\/person\/e4578b8414d75c1237c6dae6f38318a2","name":"RES","image":{"@type":"ImageObject","inLanguage":"es","@id":"https:\/\/secure.gravatar.com\/avatar\/053fca53b00a810e8929097a40153a54ea325f90ee6ae9b45eb23c7a467d8d65?s=96&d=mm&r=g","url":"https:\/\/secure.gravatar.com\/avatar\/053fca53b00a810e8929097a40153a54ea325f90ee6ae9b45eb23c7a467d8d65?s=96&d=mm&r=g","contentUrl":"https:\/\/secure.gravatar.com\/avatar\/053fca53b00a810e8929097a40153a54ea325f90ee6ae9b45eb23c7a467d8d65?s=96&d=mm&r=g","caption":"RES"},"sameAs":["http:\/\/res"],"url":"https:\/\/www.res-group.com\/es\/author\/manageruser\/"}]}},"_links":{"self":[{"href":"https:\/\/www.res-group.com\/es\/wp-json\/wp\/v2\/posts\/26683","targetHints":{"allow":["GET"]}}],"collection":[{"href":"https:\/\/www.res-group.com\/es\/wp-json\/wp\/v2\/posts"}],"about":[{"href":"https:\/\/www.res-group.com\/es\/wp-json\/wp\/v2\/types\/post"}],"author":[{"embeddable":true,"href":"https:\/\/www.res-group.com\/es\/wp-json\/wp\/v2\/users\/1"}],"replies":[{"embeddable":true,"href":"https:\/\/www.res-group.com\/es\/wp-json\/wp\/v2\/comments?post=26683"}],"version-history":[{"count":0,"href":"https:\/\/www.res-group.com\/es\/wp-json\/wp\/v2\/posts\/26683\/revisions"}],"wp:featuredmedia":[{"embeddable":true,"href":"https:\/\/www.res-group.com\/es\/wp-json\/wp\/v2\/media\/26667"}],"wp:attachment":[{"href":"https:\/\/www.res-group.com\/es\/wp-json\/wp\/v2\/media?parent=26683"}],"wp:term":[{"taxonomy":"category","embeddable":true,"href":"https:\/\/www.res-group.com\/es\/wp-json\/wp\/v2\/categories?post=26683"},{"taxonomy":"post_tag","embeddable":true,"href":"https:\/\/www.res-group.com\/es\/wp-json\/wp\/v2\/tags?post=26683"},{"taxonomy":"region","embeddable":true,"href":"https:\/\/www.res-group.com\/es\/wp-json\/wp\/v2\/region?post=26683"},{"taxonomy":"content_type","embeddable":true,"href":"https:\/\/www.res-group.com\/es\/wp-json\/wp\/v2\/content_type?post=26683"}],"curies":[{"name":"wp","href":"https:\/\/api.w.org\/{rel}","templated":true}]}}