{"id":25993,"date":"2024-06-07T15:23:18","date_gmt":"2024-06-07T14:23:18","guid":{"rendered":"https:\/\/www.res-group.com\/rise-up-for-pride\/"},"modified":"2024-06-12T10:44:00","modified_gmt":"2024-06-12T09:44:00","slug":"rise-up-for-pride","status":"publish","type":"post","link":"https:\/\/www.res-group.com\/es\/resources\/blog\/rise-up-for-pride\/","title":{"rendered":"RiSE up for PRIDE"},"content":{"rendered":"\n<h2 class=\"wp-block-heading\" style=\"color:#E87511\">Todos los a\u00f1os, empresas de todo el mundo muestran su reconocimiento en el Mes del Orgullo. Pero la realidad es que nuestra comunidad LGBTQ+ espera algo m\u00e1s que un reconocimiento anual. Quiere impulsar un cambio real, all\u00ed donde es necesario.<\/h2>\n\n\n\n<p>Una investigaci\u00f3n de la UCLA afirma que 1 de cada 3 empleados LGBT ha abandonado un trabajo debido a la falta de inclusi\u00f3n de la comunidad en el \u00e1mbito laboral.<\/p>\n\n\n\n<p>Nuestro compromiso con la inclusi\u00f3n aspira a crear un entorno de trabajo en el que cada uno de nuestros empleados sienta que puede rezar, ser padre, asociarse o participar sin miedo ni inquietud. Ser ellos mismos y prosperar profesional y personalmente.<\/p>\n\n\n\n<p>Nuestras Redes de afinidad, creadas en 2020, contribuyen en gran medida en darle forma a nuestra cultura y a la experiencia de nuestros empleados durante todo el a\u00f1o. Las redes est\u00e1n gestionadas internamente por una estructura autosostenida de compa\u00f1eros dedicados, que ofrecen voluntariamente su tiempo.<\/p>\n\n\n\n<p>El tiempo, la pasi\u00f3n y el compromiso de los miembros de nuestra red RiSE han impulsado un progreso incre\u00edble hasta la fecha.<\/p>\n\n\n\n<p>Este mes de junio, en el que reconocemos y celebramos el Orgullo, destacamos los esfuerzos de nuestra red RiSE y los avances que han impulsado. Nuestro equipo comparti\u00f3 m\u00e1s informaci\u00f3n sobre c\u00f3mo sentirse seguro en el trabajo, impulsar el cambio all\u00ed donde m\u00e1s importa y qu\u00e9 significa para ellos el reconocimiento de la Comunidad.<\/p>\n\n\n\n<h2 class=\"wp-block-heading\"><strong>Impulso del cambio y el progreso internamente<\/strong><\/h2>\n\n\n\n<p>El impulso de RES para inspirar y cultivar el cambio trasciende no solo nuestra misi\u00f3n con el medioambiente, sino tambi\u00e9n la responsabilidad social que tenemos con nuestra gente.<\/p>\n\n\n\n<p>El trabajo de RiSE ha repercutido en nuestros colegas, redes, regiones y empresas. RiSE tiene una misi\u00f3n clara: garantizar que los empleados LGBTQ+ sean escuchados, respetados y aceptados para que todos alcancen su m\u00e1ximo potencial en RES. RiSE arroja luz sobre las cuestiones y campa\u00f1as que m\u00e1s importan.<\/p>\n\n\n\n<h2 class=\"wp-block-heading\">Desde la creaci\u00f3n de las redes, nuestros avances incluyen:<\/h2>\n\n\n\n<ul class=\"wp-block-list\">\n<li>Nueva pol\u00edtica de adopci\u00f3n, disponible en algunos de nuestros centros<\/li>\n\n\n\n<li>Actualizaci\u00f3n de la pol\u00edtica de licencias por enfermedad familiar (FMLA), para incluir a las parejas de hecho.<\/li>\n\n\n\n<li>Participaci\u00f3n en actos del Orgullo en los Estados Unidos, Australia y Europa<\/li>\n\n\n\n<li>Pol\u00edtica de afirmaci\u00f3n de g\u00e9nero, elaboraci\u00f3n de una gu\u00eda de alianzas y educaci\u00f3n sobre pronombres<\/li>\n\n\n\n<li>Participaci\u00f3n en el \u00cdndice de Igualdad de Derechos Humanos y en el \u00cdndice Australiano de Igualdad en el Trabajo<\/li>\n\n\n\n<li>Sesiones educativas y &#8220;almuerzos de trabajo&#8221; con oradores externos de la comunidad LGBTQ+.<\/li>\n\n\n\n<li>La implementaci\u00f3n de ba\u00f1os de uso \u00fanico y g\u00e9nero neutro en varias de nuestras oficinas.<\/li>\n<\/ul>\n\n\n\n<p>Gracias a los esfuerzos proactivos de RiSE con el apoyo del equipo de Personas y Cultura, obtuvimos una puntuaci\u00f3n de 75 sobre 100 en el \u00cdndice de Igualdad Corporativa (CEI) 2023-2024 de la Fundaci\u00f3n para la Campa\u00f1a de Derechos Humanos (HRC). Y este a\u00f1o nos hemos propuesto como objetivo alcanzar una puntuaci\u00f3n de 90: una validaci\u00f3n de los esfuerzos de nuestro equipo.<\/p>\n\n\n\n<figure class=\"wp-block-image size-full is-style-default\"><img decoding=\"async\" width=\"667\" height=\"463\" data-src=\"https:\/\/www.res-group.com\/wp-content\/smush-webp\/2023\/08\/pride_small.jpg.webp\" alt=\"Pride in RES\" class=\"wp-image-18136 lazyload\" data-srcset=\"https:\/\/www.res-group.com\/wp-content\/smush-webp\/2023\/08\/pride_small.jpg.webp 667w, https:\/\/www.res-group.com\/wp-content\/smush-webp\/2023\/08\/pride_small-300x208.jpg.webp 300w\" data-sizes=\"(max-width: 667px) 100vw, 667px\" src=\"data:image\/svg+xml;base64,PHN2ZyB3aWR0aD0iMSIgaGVpZ2h0PSIxIiB4bWxucz0iaHR0cDovL3d3dy53My5vcmcvMjAwMC9zdmciPjwvc3ZnPg==\" style=\"--smush-placeholder-width: 667px; --smush-placeholder-aspect-ratio: 667\/463;\" \/><\/figure>\n\n\n\n<p>El compromiso con RiSE, no solo de sus miembros sino de toda la organizaci\u00f3n, ha tenido un impacto duradero en las personas de RES.<\/p>\n\n\n\n<p>Steve coment\u00f3:<\/p>\n\n\n<figure class=\"wp-block-image size-large is-resized\"><img decoding=\"async\" class=\"alignleft lazyload\" style=\"--smush-placeholder-width: 30px; --smush-placeholder-aspect-ratio: 30\/25;border-radius: 0px; width: 30px;\" data-src=\"https:\/\/www.res-group.com\/wp-content\/themes\/res\/img\/resources-single\/quote.png\" alt=\"Quote\" width=\"30\" height=\"25\" src=\"data:image\/svg+xml;base64,PHN2ZyB3aWR0aD0iMSIgaGVpZ2h0PSIxIiB4bWxucz0iaHR0cDovL3d3dy53My5vcmcvMjAwMC9zdmciPjwvc3ZnPg==\" \/><\/figure>\n\n\n<p style=\"font-size:1.67em\"><strong><em>\u201cmi vida laboral ha mejorado al saber que estamos creando -activamente- una cultura de diversidad e inclusi\u00f3n.\u00a0 He aprendido mucho de la red, lo que ha mejorado mis habilidades como directivo, colega, amigo de y padre.\u201d<\/em><\/strong><\/p>\n\n\n\n<h2 class=\"wp-block-heading\"><strong>Un espacio seguro<\/strong><\/h2>\n\n\n\n<p>Este a\u00f1o hemos introducido auto identificadores voluntarios en nuestra encuesta global sobre el compromiso de los empleados. Estos datos proporcionaron informaci\u00f3n valiosa sobre las comunidades espec\u00edficas que forman nuestro equipo RES. La experiencia de nuestros empleados LGBTQ+ fue abrumadoramente positiva, superando la referencia de nuestra empresa. Desde el primer d\u00eda, muchas personas sintieron que RES era un lugar donde pod\u00edan ser ellos mismos<\/p>\n\n\n\n<p>Nicole coment\u00f3:<\/p>\n\n\n<figure class=\"wp-block-image size-large is-resized\"><img decoding=\"async\" class=\"alignleft lazyload\" style=\"--smush-placeholder-width: 30px; --smush-placeholder-aspect-ratio: 30\/25;border-radius: 0px; width: 30px;\" data-src=\"https:\/\/www.res-group.com\/wp-content\/themes\/res\/img\/resources-single\/quote.png\" alt=\"Quote\" width=\"30\" height=\"25\" src=\"data:image\/svg+xml;base64,PHN2ZyB3aWR0aD0iMSIgaGVpZ2h0PSIxIiB4bWxucz0iaHR0cDovL3d3dy53My5vcmcvMjAwMC9zdmciPjwvc3ZnPg==\" \/><\/figure>\n\n\n<p style=\"font-size:1.67em\"><strong><em>\u201ctuve una integraci\u00f3n que me produjo mucha menos ansiedad de lo que esperaba debido a la visibilidad de los listones arco iris, la capacitaci\u00f3n de apoyo LGBT y la existencia de RiSE. Despu\u00e9s de unirme a la Red, conoc\u00ed a mucha gente que de otra manera no habr\u00eda conocido y me lo pas\u00e9 muy bien hablando con otras personas queer dentro de RES.\u201d<\/em><\/strong><\/p>\n\n\n\n<p>Desde nuestra presencia en las marchas del Orgullo, las banderas arco iris visibles en nuestras oficinas y las pol\u00edticas de inclusi\u00f3n de la empresa, la conversaci\u00f3n en RES nunca ha sido m\u00e1s abierta.<\/p>\n\n\n\n<p>Sabrina comparti\u00f3:<\/p>\n\n\n<figure class=\"wp-block-image size-large is-resized\"><img decoding=\"async\" class=\"alignleft lazyload\" style=\"--smush-placeholder-width: 30px; --smush-placeholder-aspect-ratio: 30\/25;border-radius: 0px; width: 30px;\" data-src=\"https:\/\/www.res-group.com\/wp-content\/themes\/res\/img\/resources-single\/quote.png\" alt=\"Quote\" width=\"30\" height=\"25\" src=\"data:image\/svg+xml;base64,PHN2ZyB3aWR0aD0iMSIgaGVpZ2h0PSIxIiB4bWxucz0iaHR0cDovL3d3dy53My5vcmcvMjAwMC9zdmciPjwvc3ZnPg==\" \/><\/figure>\n\n\n<p style=\"font-size:1.67em\"><em>\u201c<strong>encontr\u00e9 un lugar en el que me siento c\u00f3moda y segura sobre mi decisi\u00f3n de expresarme sobre mi sexualidad con mis compa\u00f1eros, adem\u00e1s de formar parte de una red que no solo promueve, sino que sigue mejorando las formas de recibir y abrazar a nuevos y futuros compa\u00f1eros de trabajo.\u201d<\/strong><\/em><\/p>\n\n\n\n<h2 class=\"wp-block-heading\"><strong>Salida del armario en el trabajo<\/strong><\/h2>\n\n\n\n<p>Salir del armario en el trabajo es importante para muchos, pero menos de la mitad lo hace con todos sus compa\u00f1eros, seg\u00fan el informe Deloitte Global 2023 LGBT+ Inclusion @ Work.<\/p>\n\n\n\n<p>Este acto puede ser una experiencia profundamente personal y transformadora. Pero tambi\u00e9n, puede ser incre\u00edblemente desalentadora: una cultura de trabajo solidaria puede abrir las puertas al apoyo, la comprensi\u00f3n y la aceptaci\u00f3n. Nuestro equipo comparti\u00f3 el impacto de tener compromisos LGBTQ+ visibles a trav\u00e9s de la red y de nuestras pol\u00edticas inclusivas.<\/p>\n\n\n\n<p>Patrick expres\u00f3:<em><strong> <\/strong><\/em><\/p>\n\n\n<figure class=\"wp-block-image size-large is-resized\"><img decoding=\"async\" class=\"alignleft lazyload\" style=\"--smush-placeholder-width: 30px; --smush-placeholder-aspect-ratio: 30\/25;border-radius: 0px; width: 30px;\" data-src=\"https:\/\/www.res-group.com\/wp-content\/themes\/res\/img\/resources-single\/quote.png\" alt=\"Quote\" width=\"30\" height=\"25\" src=\"data:image\/svg+xml;base64,PHN2ZyB3aWR0aD0iMSIgaGVpZ2h0PSIxIiB4bWxucz0iaHR0cDovL3d3dy53My5vcmcvMjAwMC9zdmciPjwvc3ZnPg==\" \/><\/figure>\n\n\n<p style=\"font-size:1.67em\"><em><strong>\u201ccuando empec\u00e9 en RES, me sent\u00ed aliviado al o\u00edr hablar de RiSE. El hecho de que existiera un grupo as\u00ed me tranquiliz\u00f3 para salir del armario en el trabajo sin miedo a consecuencias negativas. Hacerlo en un nuevo lugar de trabajo puede ser una experiencia estresante. La visibilidad de RiSE me ayud\u00f3 a disminuir parte del estr\u00e9s del proceso.\u201d<\/strong><\/em><\/p>\n\n\n\n<p>Cuando se les pregunt\u00f3, muchos compartieron que RES fue el primer lugar en el que se sintieron realmente c\u00f3modos para ser ellos mismos en el trabajo<\/p>\n\n\n\n<p>Otro miembro de la red coment\u00f3:<\/p>\n\n\n<figure class=\"wp-block-image size-large is-resized\"><img decoding=\"async\" class=\"alignleft lazyload\" style=\"--smush-placeholder-width: 30px; --smush-placeholder-aspect-ratio: 30\/25;border-radius: 0px; width: 30px;\" data-src=\"https:\/\/www.res-group.com\/wp-content\/themes\/res\/img\/resources-single\/quote.png\" alt=\"Quote\" width=\"30\" height=\"25\" src=\"data:image\/svg+xml;base64,PHN2ZyB3aWR0aD0iMSIgaGVpZ2h0PSIxIiB4bWxucz0iaHR0cDovL3d3dy53My5vcmcvMjAwMC9zdmciPjwvc3ZnPg==\" \/><\/figure>\n\n\n<p class=\"has-text-align-left\" style=\"font-size:1.67em\"><strong><em>\u201ces la primera vez en mi vida laboral que me he sentido apoyado y animado a ser completamente yo mismo en el trabajo. Mi &#8216;homosexualidad&#8217; es una parte de m\u00ed que no hago p\u00fablica. Sin embargo, no eludo ser yo mismo: la cultura de RES afirma y apoya mi individualidad\u201d<\/em><\/strong><\/p>\n\n\n\n<h2 class=\"wp-block-heading\"><strong>El simbolismo importa: cambio de nuestro logotipo por el Orgullo<\/strong><\/h2>\n\n\n\n<p>En un mundo en el que la visibilidad y la representaci\u00f3n tienen una gran importancia, cambiar el logotipo de nuestra empresa para celebrar el Mes del Orgullo se convierte en una poderosa declaraci\u00f3n de solidaridad y apoyo a la comunidad LGBTQ+.<\/p>\n\n\n\n<p>Cuando preguntamos a la red qu\u00e9 significaba para ellos el cambio del logotipo de RES, muchos compartieron que era algo m\u00e1s que un simple lavado de cara social: si las organizaciones que participan est\u00e1n llevando a cabo un cambio real.<\/p>\n\n\n<figure class=\"wp-block-image size-large is-resized\"><img decoding=\"async\" class=\"alignleft lazyload\" style=\"--smush-placeholder-width: 30px; --smush-placeholder-aspect-ratio: 30\/25;border-radius: 0px; width: 30px;\" data-src=\"https:\/\/www.res-group.com\/wp-content\/themes\/res\/img\/resources-single\/quote.png\" alt=\"Quote\" width=\"30\" height=\"25\" src=\"data:image\/svg+xml;base64,PHN2ZyB3aWR0aD0iMSIgaGVpZ2h0PSIxIiB4bWxucz0iaHR0cDovL3d3dy53My5vcmcvMjAwMC9zdmciPjwvc3ZnPg==\" \/><\/figure>\n\n\n<blockquote class=\"wp-block-quote is-layout-flow wp-block-quote-is-layout-flow\">\n<p class=\"has-text-align-left\" style=\"font-size:1.67em\"><em><strong>La acci\u00f3n por s\u00ed sola suena vac\u00eda si la empresa que est\u00e1 detr\u00e1s de ella no est\u00e1 haciendo un trabajo significativo para nuestra comunidad. RES, por otro lado, est\u00e1 haciendo lo que debe<\/strong>.<\/em><\/p>\n<cite>se\u00f1al\u00f3 Patrick<\/cite><\/blockquote>\n\n\n\n<p class=\"has-text-align-left\">Sabrina reflexion\u00f3 al respecto:<\/p>\n\n\n<figure class=\"wp-block-image size-large is-resized\"><img decoding=\"async\" class=\"alignleft lazyload\" style=\"--smush-placeholder-width: 30px; --smush-placeholder-aspect-ratio: 30\/25;border-radius: 0px; width: 30px;\" data-src=\"https:\/\/www.res-group.com\/wp-content\/themes\/res\/img\/resources-single\/quote.png\" alt=\"Quote\" width=\"30\" height=\"25\" src=\"data:image\/svg+xml;base64,PHN2ZyB3aWR0aD0iMSIgaGVpZ2h0PSIxIiB4bWxucz0iaHR0cDovL3d3dy53My5vcmcvMjAwMC9zdmciPjwvc3ZnPg==\" \/><\/figure>\n\n\n<p class=\"has-text-align-left\" style=\"font-size:1.67em\"><em><strong>Ahora, trabajando para RES y habiendo experimentado la cultura, \u00e9sta representa un buque insignia para la transparencia, para que los empleados se sientan bien en su espacio de trabajo, para que sepan que en esta empresa hay espacio para compartir y ser escuchados<\/strong>.<\/em><\/p>\n\n\n\n<p>Estamos orgullosos de los pasos positivos dados en los \u00faltimos a\u00f1os. Pero a\u00fan queda mucho por hacer, ya que las nuevas generaciones se incorporar\u00e1n al mundo laboral y las necesidades de nuestros colegas seguir\u00e1n evolucionando.<\/p>\n\n\n\n<p>Ethan comparti\u00f3:<\/p>\n\n\n<figure class=\"wp-block-image size-large is-resized\"><img decoding=\"async\" class=\"alignleft lazyload\" style=\"--smush-placeholder-width: 30px; --smush-placeholder-aspect-ratio: 30\/25;border-radius: 0px; width: 30px;\" data-src=\"https:\/\/www.res-group.com\/wp-content\/themes\/res\/img\/resources-single\/quote.png\" alt=\"Quote\" width=\"30\" height=\"25\" src=\"data:image\/svg+xml;base64,PHN2ZyB3aWR0aD0iMSIgaGVpZ2h0PSIxIiB4bWxucz0iaHR0cDovL3d3dy53My5vcmcvMjAwMC9zdmciPjwvc3ZnPg==\" \/><\/figure>\n\n\n<p class=\"has-text-align-left\" style=\"font-size:1.67em\"><em><strong>estoy orgulloso cuando un miembro de la comunidad LGBTQ + comunica lo bienvenido que se siente en RES. Muchos han venido a decir que esta es la primera empresa en la que han salido del armario en el lugar de trabajo. Hace un par de semanas, un compa\u00f1ero comparti\u00f3: &#8221; llevo aqu\u00ed casi un a\u00f1o, el modo de c\u00f3mo RES apoya a nuestra comunidad es notable&#8217;. Por eso hacemos lo que hacemos<\/strong><\/em><\/p>\n","protected":false},"excerpt":{"rendered":"<p>Todos los a\u00f1os, empresas de todo el mundo muestran su reconocimiento en el Mes del Orgullo. Pero la realidad es que nuestra comunidad LGBTQ+ espera algo m\u00e1s que un reconocimiento anual. Quiere impulsar un cambio real, all\u00ed donde es necesario. Una investigaci\u00f3n de la UCLA afirma que 1 de cada&#8230;<\/p>\n","protected":false},"author":1,"featured_media":23753,"comment_status":"open","ping_status":"open","sticky":false,"template":"","format":"standard","meta":{"_acf_changed":false,"footnotes":""},"categories":[592],"tags":[],"region":[],"content_type":[591],"class_list":["post-25993","post","type-post","status-publish","format-standard","has-post-thumbnail","hentry","category-personas","content_type-blog-es"],"acf":[],"yoast_head":"<!-- This site is optimized with the Yoast SEO Premium plugin v27.2 (Yoast SEO v27.2) - https:\/\/yoast.com\/product\/yoast-seo-premium-wordpress\/ -->\n<title>RiSE up for PRIDE - RES<\/title>\n<meta name=\"robots\" content=\"index, follow, max-snippet:-1, max-image-preview:large, max-video-preview:-1\" \/>\n<link rel=\"canonical\" href=\"https:\/\/www.res-group.com\/es\/resources\/blog\/rise-up-for-pride\/\" \/>\n<meta property=\"og:locale\" content=\"es_ES\" \/>\n<meta property=\"og:type\" content=\"article\" \/>\n<meta property=\"og:title\" content=\"RiSE up for PRIDE\" \/>\n<meta property=\"og:description\" content=\"Todos los a\u00f1os, empresas de todo el mundo muestran su reconocimiento en el Mes del Orgullo. Pero la realidad es que nuestra comunidad LGBTQ+ espera algo m\u00e1s que un reconocimiento anual. Quiere impulsar un cambio real, all\u00ed donde es necesario. Una investigaci\u00f3n de la UCLA afirma que 1 de cada...\" \/>\n<meta property=\"og:url\" content=\"https:\/\/www.res-group.com\/es\/resources\/blog\/rise-up-for-pride\/\" \/>\n<meta property=\"og:site_name\" content=\"RES\" \/>\n<meta property=\"article:published_time\" content=\"2024-06-07T14:23:18+00:00\" \/>\n<meta property=\"article:modified_time\" content=\"2024-06-12T09:44:00+00:00\" \/>\n<meta property=\"og:image\" content=\"https:\/\/www.res-group.com\/wp-content\/uploads\/2023\/08\/pride.jpg\" \/>\n\t<meta property=\"og:image:width\" content=\"1362\" \/>\n\t<meta property=\"og:image:height\" content=\"900\" \/>\n\t<meta property=\"og:image:type\" content=\"image\/jpeg\" \/>\n<meta name=\"author\" content=\"RES\" \/>\n<meta name=\"twitter:card\" content=\"summary_large_image\" \/>\n<meta name=\"twitter:creator\" content=\"@RESGroup\" \/>\n<meta name=\"twitter:site\" content=\"@RESGroup\" \/>\n<meta name=\"twitter:label1\" content=\"Escrito por\" \/>\n\t<meta name=\"twitter:data1\" content=\"RES\" \/>\n\t<meta name=\"twitter:label2\" content=\"Tiempo de lectura\" \/>\n\t<meta name=\"twitter:data2\" content=\"8 minutos\" \/>\n<script type=\"application\/ld+json\" class=\"yoast-schema-graph\">{\"@context\":\"https:\/\/schema.org\",\"@graph\":[{\"@type\":\"Article\",\"@id\":\"https:\/\/www.res-group.com\/es\/resources\/blog\/rise-up-for-pride\/#article\",\"isPartOf\":{\"@id\":\"https:\/\/www.res-group.com\/es\/resources\/blog\/rise-up-for-pride\/\"},\"author\":{\"name\":\"RES\",\"@id\":\"https:\/\/www.res-group.com\/es\/#\/schema\/person\/e4578b8414d75c1237c6dae6f38318a2\"},\"headline\":\"RiSE up for PRIDE\",\"datePublished\":\"2024-06-07T14:23:18+00:00\",\"dateModified\":\"2024-06-12T09:44:00+00:00\",\"mainEntityOfPage\":{\"@id\":\"https:\/\/www.res-group.com\/es\/resources\/blog\/rise-up-for-pride\/\"},\"wordCount\":1362,\"commentCount\":0,\"publisher\":{\"@id\":\"https:\/\/www.res-group.com\/es\/#organization\"},\"image\":{\"@id\":\"https:\/\/www.res-group.com\/es\/resources\/blog\/rise-up-for-pride\/#primaryimage\"},\"thumbnailUrl\":\"https:\/\/www.res-group.com\/wp-content\/uploads\/2023\/08\/pride.jpg\",\"articleSection\":[\"Personas\"],\"inLanguage\":\"es\",\"potentialAction\":[{\"@type\":\"CommentAction\",\"name\":\"Comment\",\"target\":[\"https:\/\/www.res-group.com\/es\/resources\/blog\/rise-up-for-pride\/#respond\"]}]},{\"@type\":\"WebPage\",\"@id\":\"https:\/\/www.res-group.com\/es\/resources\/blog\/rise-up-for-pride\/\",\"url\":\"https:\/\/www.res-group.com\/es\/resources\/blog\/rise-up-for-pride\/\",\"name\":\"RiSE up for PRIDE - RES\",\"isPartOf\":{\"@id\":\"https:\/\/www.res-group.com\/es\/#website\"},\"primaryImageOfPage\":{\"@id\":\"https:\/\/www.res-group.com\/es\/resources\/blog\/rise-up-for-pride\/#primaryimage\"},\"image\":{\"@id\":\"https:\/\/www.res-group.com\/es\/resources\/blog\/rise-up-for-pride\/#primaryimage\"},\"thumbnailUrl\":\"https:\/\/www.res-group.com\/wp-content\/uploads\/2023\/08\/pride.jpg\",\"datePublished\":\"2024-06-07T14:23:18+00:00\",\"dateModified\":\"2024-06-12T09:44:00+00:00\",\"breadcrumb\":{\"@id\":\"https:\/\/www.res-group.com\/es\/resources\/blog\/rise-up-for-pride\/#breadcrumb\"},\"inLanguage\":\"es\",\"potentialAction\":[{\"@type\":\"ReadAction\",\"target\":[\"https:\/\/www.res-group.com\/es\/resources\/blog\/rise-up-for-pride\/\"]}]},{\"@type\":\"ImageObject\",\"inLanguage\":\"es\",\"@id\":\"https:\/\/www.res-group.com\/es\/resources\/blog\/rise-up-for-pride\/#primaryimage\",\"url\":\"https:\/\/www.res-group.com\/wp-content\/uploads\/2023\/08\/pride.jpg\",\"contentUrl\":\"https:\/\/www.res-group.com\/wp-content\/uploads\/2023\/08\/pride.jpg\",\"width\":1362,\"height\":900,\"caption\":\"RES supports PRIDE and diversity\"},{\"@type\":\"BreadcrumbList\",\"@id\":\"https:\/\/www.res-group.com\/es\/resources\/blog\/rise-up-for-pride\/#breadcrumb\",\"itemListElement\":[{\"@type\":\"ListItem\",\"position\":1,\"name\":\"In\u00edcio\",\"item\":\"https:\/\/www.res-group.com\/es\/\"},{\"@type\":\"ListItem\",\"position\":2,\"name\":\"RiSE up for PRIDE\"}]},{\"@type\":\"WebSite\",\"@id\":\"https:\/\/www.res-group.com\/es\/#website\",\"url\":\"https:\/\/www.res-group.com\/es\/\",\"name\":\"res-group.com\",\"description\":\"The power behind a clean energy future\",\"publisher\":{\"@id\":\"https:\/\/www.res-group.com\/es\/#organization\"},\"potentialAction\":[{\"@type\":\"SearchAction\",\"target\":{\"@type\":\"EntryPoint\",\"urlTemplate\":\"https:\/\/www.res-group.com\/es\/?s={search_term_string}\"},\"query-input\":{\"@type\":\"PropertyValueSpecification\",\"valueRequired\":true,\"valueName\":\"search_term_string\"}}],\"inLanguage\":\"es\"},{\"@type\":\"Organization\",\"@id\":\"https:\/\/www.res-group.com\/es\/#organization\",\"name\":\"RES\",\"url\":\"https:\/\/www.res-group.com\/es\/\",\"logo\":{\"@type\":\"ImageObject\",\"inLanguage\":\"es\",\"@id\":\"https:\/\/www.res-group.com\/es\/#\/schema\/logo\/image\/\",\"url\":\"https:\/\/www.res-group.com\/wp-content\/uploads\/2023\/05\/header-logo.svg\",\"contentUrl\":\"https:\/\/www.res-group.com\/wp-content\/uploads\/2023\/05\/header-logo.svg\",\"width\":82.634,\"height\":38,\"caption\":\"RES\"},\"image\":{\"@id\":\"https:\/\/www.res-group.com\/es\/#\/schema\/logo\/image\/\"},\"sameAs\":[\"https:\/\/x.com\/RESGroup\",\"https:\/\/www.instagram.com\/res_powerforgood\",\"https:\/\/www.linkedin.com\/company\/res-group\/\",\"https:\/\/vimeo.com\/resgroup\"]},{\"@type\":\"Person\",\"@id\":\"https:\/\/www.res-group.com\/es\/#\/schema\/person\/e4578b8414d75c1237c6dae6f38318a2\",\"name\":\"RES\",\"image\":{\"@type\":\"ImageObject\",\"inLanguage\":\"es\",\"@id\":\"https:\/\/secure.gravatar.com\/avatar\/053fca53b00a810e8929097a40153a54ea325f90ee6ae9b45eb23c7a467d8d65?s=96&d=mm&r=g\",\"url\":\"https:\/\/secure.gravatar.com\/avatar\/053fca53b00a810e8929097a40153a54ea325f90ee6ae9b45eb23c7a467d8d65?s=96&d=mm&r=g\",\"contentUrl\":\"https:\/\/secure.gravatar.com\/avatar\/053fca53b00a810e8929097a40153a54ea325f90ee6ae9b45eb23c7a467d8d65?s=96&d=mm&r=g\",\"caption\":\"RES\"},\"sameAs\":[\"http:\/\/res\"],\"url\":\"https:\/\/www.res-group.com\/es\/author\/manageruser\/\"}]}<\/script>\n<!-- \/ Yoast SEO Premium plugin. -->","yoast_head_json":{"title":"RiSE up for PRIDE - RES","robots":{"index":"index","follow":"follow","max-snippet":"max-snippet:-1","max-image-preview":"max-image-preview:large","max-video-preview":"max-video-preview:-1"},"canonical":"https:\/\/www.res-group.com\/es\/resources\/blog\/rise-up-for-pride\/","og_locale":"es_ES","og_type":"article","og_title":"RiSE up for PRIDE","og_description":"Todos los a\u00f1os, empresas de todo el mundo muestran su reconocimiento en el Mes del Orgullo. Pero la realidad es que nuestra comunidad LGBTQ+ espera algo m\u00e1s que un reconocimiento anual. Quiere impulsar un cambio real, all\u00ed donde es necesario. Una investigaci\u00f3n de la UCLA afirma que 1 de cada...","og_url":"https:\/\/www.res-group.com\/es\/resources\/blog\/rise-up-for-pride\/","og_site_name":"RES","article_published_time":"2024-06-07T14:23:18+00:00","article_modified_time":"2024-06-12T09:44:00+00:00","og_image":[{"width":1362,"height":900,"url":"https:\/\/www.res-group.com\/wp-content\/uploads\/2023\/08\/pride.jpg","type":"image\/jpeg"}],"author":"RES","twitter_card":"summary_large_image","twitter_creator":"@RESGroup","twitter_site":"@RESGroup","twitter_misc":{"Escrito por":"RES","Tiempo de lectura":"8 minutos"},"schema":{"@context":"https:\/\/schema.org","@graph":[{"@type":"Article","@id":"https:\/\/www.res-group.com\/es\/resources\/blog\/rise-up-for-pride\/#article","isPartOf":{"@id":"https:\/\/www.res-group.com\/es\/resources\/blog\/rise-up-for-pride\/"},"author":{"name":"RES","@id":"https:\/\/www.res-group.com\/es\/#\/schema\/person\/e4578b8414d75c1237c6dae6f38318a2"},"headline":"RiSE up for PRIDE","datePublished":"2024-06-07T14:23:18+00:00","dateModified":"2024-06-12T09:44:00+00:00","mainEntityOfPage":{"@id":"https:\/\/www.res-group.com\/es\/resources\/blog\/rise-up-for-pride\/"},"wordCount":1362,"commentCount":0,"publisher":{"@id":"https:\/\/www.res-group.com\/es\/#organization"},"image":{"@id":"https:\/\/www.res-group.com\/es\/resources\/blog\/rise-up-for-pride\/#primaryimage"},"thumbnailUrl":"https:\/\/www.res-group.com\/wp-content\/uploads\/2023\/08\/pride.jpg","articleSection":["Personas"],"inLanguage":"es","potentialAction":[{"@type":"CommentAction","name":"Comment","target":["https:\/\/www.res-group.com\/es\/resources\/blog\/rise-up-for-pride\/#respond"]}]},{"@type":"WebPage","@id":"https:\/\/www.res-group.com\/es\/resources\/blog\/rise-up-for-pride\/","url":"https:\/\/www.res-group.com\/es\/resources\/blog\/rise-up-for-pride\/","name":"RiSE up for PRIDE - RES","isPartOf":{"@id":"https:\/\/www.res-group.com\/es\/#website"},"primaryImageOfPage":{"@id":"https:\/\/www.res-group.com\/es\/resources\/blog\/rise-up-for-pride\/#primaryimage"},"image":{"@id":"https:\/\/www.res-group.com\/es\/resources\/blog\/rise-up-for-pride\/#primaryimage"},"thumbnailUrl":"https:\/\/www.res-group.com\/wp-content\/uploads\/2023\/08\/pride.jpg","datePublished":"2024-06-07T14:23:18+00:00","dateModified":"2024-06-12T09:44:00+00:00","breadcrumb":{"@id":"https:\/\/www.res-group.com\/es\/resources\/blog\/rise-up-for-pride\/#breadcrumb"},"inLanguage":"es","potentialAction":[{"@type":"ReadAction","target":["https:\/\/www.res-group.com\/es\/resources\/blog\/rise-up-for-pride\/"]}]},{"@type":"ImageObject","inLanguage":"es","@id":"https:\/\/www.res-group.com\/es\/resources\/blog\/rise-up-for-pride\/#primaryimage","url":"https:\/\/www.res-group.com\/wp-content\/uploads\/2023\/08\/pride.jpg","contentUrl":"https:\/\/www.res-group.com\/wp-content\/uploads\/2023\/08\/pride.jpg","width":1362,"height":900,"caption":"RES supports PRIDE and diversity"},{"@type":"BreadcrumbList","@id":"https:\/\/www.res-group.com\/es\/resources\/blog\/rise-up-for-pride\/#breadcrumb","itemListElement":[{"@type":"ListItem","position":1,"name":"In\u00edcio","item":"https:\/\/www.res-group.com\/es\/"},{"@type":"ListItem","position":2,"name":"RiSE up for PRIDE"}]},{"@type":"WebSite","@id":"https:\/\/www.res-group.com\/es\/#website","url":"https:\/\/www.res-group.com\/es\/","name":"res-group.com","description":"The power behind a clean energy future","publisher":{"@id":"https:\/\/www.res-group.com\/es\/#organization"},"potentialAction":[{"@type":"SearchAction","target":{"@type":"EntryPoint","urlTemplate":"https:\/\/www.res-group.com\/es\/?s={search_term_string}"},"query-input":{"@type":"PropertyValueSpecification","valueRequired":true,"valueName":"search_term_string"}}],"inLanguage":"es"},{"@type":"Organization","@id":"https:\/\/www.res-group.com\/es\/#organization","name":"RES","url":"https:\/\/www.res-group.com\/es\/","logo":{"@type":"ImageObject","inLanguage":"es","@id":"https:\/\/www.res-group.com\/es\/#\/schema\/logo\/image\/","url":"https:\/\/www.res-group.com\/wp-content\/uploads\/2023\/05\/header-logo.svg","contentUrl":"https:\/\/www.res-group.com\/wp-content\/uploads\/2023\/05\/header-logo.svg","width":82.634,"height":38,"caption":"RES"},"image":{"@id":"https:\/\/www.res-group.com\/es\/#\/schema\/logo\/image\/"},"sameAs":["https:\/\/x.com\/RESGroup","https:\/\/www.instagram.com\/res_powerforgood","https:\/\/www.linkedin.com\/company\/res-group\/","https:\/\/vimeo.com\/resgroup"]},{"@type":"Person","@id":"https:\/\/www.res-group.com\/es\/#\/schema\/person\/e4578b8414d75c1237c6dae6f38318a2","name":"RES","image":{"@type":"ImageObject","inLanguage":"es","@id":"https:\/\/secure.gravatar.com\/avatar\/053fca53b00a810e8929097a40153a54ea325f90ee6ae9b45eb23c7a467d8d65?s=96&d=mm&r=g","url":"https:\/\/secure.gravatar.com\/avatar\/053fca53b00a810e8929097a40153a54ea325f90ee6ae9b45eb23c7a467d8d65?s=96&d=mm&r=g","contentUrl":"https:\/\/secure.gravatar.com\/avatar\/053fca53b00a810e8929097a40153a54ea325f90ee6ae9b45eb23c7a467d8d65?s=96&d=mm&r=g","caption":"RES"},"sameAs":["http:\/\/res"],"url":"https:\/\/www.res-group.com\/es\/author\/manageruser\/"}]}},"_links":{"self":[{"href":"https:\/\/www.res-group.com\/es\/wp-json\/wp\/v2\/posts\/25993","targetHints":{"allow":["GET"]}}],"collection":[{"href":"https:\/\/www.res-group.com\/es\/wp-json\/wp\/v2\/posts"}],"about":[{"href":"https:\/\/www.res-group.com\/es\/wp-json\/wp\/v2\/types\/post"}],"author":[{"embeddable":true,"href":"https:\/\/www.res-group.com\/es\/wp-json\/wp\/v2\/users\/1"}],"replies":[{"embeddable":true,"href":"https:\/\/www.res-group.com\/es\/wp-json\/wp\/v2\/comments?post=25993"}],"version-history":[{"count":0,"href":"https:\/\/www.res-group.com\/es\/wp-json\/wp\/v2\/posts\/25993\/revisions"}],"wp:featuredmedia":[{"embeddable":true,"href":"https:\/\/www.res-group.com\/es\/wp-json\/wp\/v2\/media\/23753"}],"wp:attachment":[{"href":"https:\/\/www.res-group.com\/es\/wp-json\/wp\/v2\/media?parent=25993"}],"wp:term":[{"taxonomy":"category","embeddable":true,"href":"https:\/\/www.res-group.com\/es\/wp-json\/wp\/v2\/categories?post=25993"},{"taxonomy":"post_tag","embeddable":true,"href":"https:\/\/www.res-group.com\/es\/wp-json\/wp\/v2\/tags?post=25993"},{"taxonomy":"region","embeddable":true,"href":"https:\/\/www.res-group.com\/es\/wp-json\/wp\/v2\/region?post=25993"},{"taxonomy":"content_type","embeddable":true,"href":"https:\/\/www.res-group.com\/es\/wp-json\/wp\/v2\/content_type?post=25993"}],"curies":[{"name":"wp","href":"https:\/\/api.w.org\/{rel}","templated":true}]}}