{"id":24333,"date":"2024-02-05T20:35:54","date_gmt":"2024-02-05T20:35:54","guid":{"rendered":"https:\/\/www.res-group.com\/intersolar-europe24\/"},"modified":"2024-02-21T14:06:22","modified_gmt":"2024-02-21T14:06:22","slug":"intersolar-europe24","status":"publish","type":"post","link":"https:\/\/www.res-group.com\/es\/recursos\/eventos\/intersolar-europe24\/","title":{"rendered":"Intersolar Europe"},"content":{"rendered":"\n<p>Intersolar Europa tendr\u00e1 lugar del 19 al 21 de junio de 2024, como parte del Polo de innovaci\u00f3n \u201cThe smarter E Europe\u201d (la mayor alianza europea de ferias para la industria energ\u00e9tica) en la Messe M\u00fcnchen.<\/p>\n\n\n\n<p>Los temas de la conferencia incluyen mercados, tecnolog\u00edas y financiaci\u00f3n de proyectos fotovoltaicos. Cada a\u00f1o, adem\u00e1s del desarrollo del mercado en Europa, la atenci\u00f3n se centra en nichos concretos. Otro foco de atenci\u00f3n son las centrales fotovoltaicas a gran escala, especialmente en lo que respecta a la agrofotovoltaica y la fotovoltaica flotante.<\/p>\n\n\n\n<p>Llevaremos nuestro RES Lounge a esta conferencia del sector solar de tres d\u00edas que reunir\u00e1 a fabricantes, proveedores, distribuidores, prestadores de servicios, planificadores y promotores de proyectos de todo el mundo. Nos encantar\u00eda verle all\u00ed. Si acude, pase por nuestro stand y t\u00f3mese un caf\u00e9. Si desea reservar una cita concreta, comun\u00edquese con su representante de RES.<\/p>\n\n\n\n<p><strong>Fecha del evento:<\/strong> 18 al 19 de junio (Conferencia) y 19 al 21 de junio (Exposici\u00f3n)<\/p>\n\n\n\n<p><strong>Ubicaci\u00f3n:&nbsp;<\/strong>M\u00fanich, Alemania<\/p>\n\n\n\n<p><strong>Sitio web del evento:<\/strong> \u00a0<a href=\"https:\/\/www.intersolar.de\/home\" target=\"_blank\" rel=\"noreferrer noopener\">https:\/\/www.intersolar.de\/home<\/a><\/p>\n\n\n\n<p><\/p>\n\n\n\n<p><\/p>\n","protected":false},"excerpt":{"rendered":"<p>Intersolar Europa tendr\u00e1 lugar del 19 al 21 de junio de 2024, como parte del Polo de innovaci\u00f3n \u201cThe smarter E Europe\u201d (la mayor alianza europea de ferias para la industria energ\u00e9tica) en la Messe M\u00fcnchen. Los temas de la conferencia incluyen mercados, tecnolog\u00edas y financiaci\u00f3n de proyectos fotovoltaicos. Cada&#8230;<\/p>\n","protected":false},"author":1,"featured_media":24328,"comment_status":"open","ping_status":"open","sticky":false,"template":"","format":"standard","meta":{"_acf_changed":false,"footnotes":""},"categories":[583],"tags":[],"region":[625],"content_type":[624],"class_list":["post-24333","post","type-post","status-publish","format-standard","has-post-thumbnail","hentry","category-solar-2-es","region-germany-es","content_type-events-es"],"acf":[],"yoast_head":"<!-- This site is optimized with the Yoast SEO Premium plugin v27.2 (Yoast SEO v27.2) - https:\/\/yoast.com\/product\/yoast-seo-premium-wordpress\/ -->\n<title>Intersolar Europe - RES<\/title>\n<meta name=\"description\" content=\"Intersolar Europa tendr\u00e1 lugar del 19 al 21 de junio de 2024, como parte del Polo de innovaci\u00f3n \u201cThe smarter E Europe\u201d (la mayor alianza europea de ferias para la industria energ\u00e9tica) en la Messe M\u00fcnchen.\" \/>\n<meta name=\"robots\" content=\"index, follow, max-snippet:-1, max-image-preview:large, max-video-preview:-1\" \/>\n<link rel=\"canonical\" href=\"https:\/\/www.res-group.com\/es\/recursos\/eventos\/intersolar-europe24\/\" \/>\n<meta property=\"og:locale\" content=\"es_ES\" \/>\n<meta property=\"og:type\" content=\"article\" \/>\n<meta property=\"og:title\" content=\"Intersolar Europe\" \/>\n<meta property=\"og:description\" content=\"Intersolar Europa tendr\u00e1 lugar del 19 al 21 de junio de 2024, como parte del Polo de innovaci\u00f3n \u201cThe smarter E Europe\u201d (la mayor alianza europea de ferias para la industria energ\u00e9tica) en la Messe M\u00fcnchen.\" \/>\n<meta property=\"og:url\" content=\"https:\/\/www.res-group.com\/es\/recursos\/eventos\/intersolar-europe24\/\" \/>\n<meta property=\"og:site_name\" content=\"RES\" \/>\n<meta property=\"article:published_time\" content=\"2024-02-05T20:35:54+00:00\" \/>\n<meta property=\"article:modified_time\" content=\"2024-02-21T14:06:22+00:00\" \/>\n<meta property=\"og:image\" content=\"https:\/\/www.res-group.com\/wp-content\/uploads\/2024\/02\/intersolar24.png\" \/>\n\t<meta property=\"og:image:width\" content=\"1200\" \/>\n\t<meta property=\"og:image:height\" content=\"602\" \/>\n\t<meta property=\"og:image:type\" content=\"image\/png\" \/>\n<meta name=\"author\" content=\"RES\" \/>\n<meta name=\"twitter:card\" content=\"summary_large_image\" \/>\n<meta name=\"twitter:creator\" content=\"@RESGroup\" \/>\n<meta name=\"twitter:site\" content=\"@RESGroup\" \/>\n<meta name=\"twitter:label1\" content=\"Escrito por\" \/>\n\t<meta name=\"twitter:data1\" content=\"RES\" \/>\n\t<meta name=\"twitter:label2\" content=\"Tiempo de lectura\" \/>\n\t<meta name=\"twitter:data2\" content=\"1 minuto\" \/>\n<script type=\"application\/ld+json\" class=\"yoast-schema-graph\">{\"@context\":\"https:\/\/schema.org\",\"@graph\":[{\"@type\":\"Article\",\"@id\":\"https:\/\/www.res-group.com\/es\/recursos\/eventos\/intersolar-europe24\/#article\",\"isPartOf\":{\"@id\":\"https:\/\/www.res-group.com\/es\/recursos\/eventos\/intersolar-europe24\/\"},\"author\":{\"name\":\"RES\",\"@id\":\"https:\/\/www.res-group.com\/es\/#\/schema\/person\/e4578b8414d75c1237c6dae6f38318a2\"},\"headline\":\"Intersolar Europe\",\"datePublished\":\"2024-02-05T20:35:54+00:00\",\"dateModified\":\"2024-02-21T14:06:22+00:00\",\"mainEntityOfPage\":{\"@id\":\"https:\/\/www.res-group.com\/es\/recursos\/eventos\/intersolar-europe24\/\"},\"wordCount\":185,\"commentCount\":0,\"publisher\":{\"@id\":\"https:\/\/www.res-group.com\/es\/#organization\"},\"image\":{\"@id\":\"https:\/\/www.res-group.com\/es\/recursos\/eventos\/intersolar-europe24\/#primaryimage\"},\"thumbnailUrl\":\"https:\/\/www.res-group.com\/wp-content\/uploads\/2024\/02\/intersolar24.png\",\"articleSection\":[\"Solar\"],\"inLanguage\":\"es\",\"potentialAction\":[{\"@type\":\"CommentAction\",\"name\":\"Comment\",\"target\":[\"https:\/\/www.res-group.com\/es\/recursos\/eventos\/intersolar-europe24\/#respond\"]}]},{\"@type\":\"WebPage\",\"@id\":\"https:\/\/www.res-group.com\/es\/recursos\/eventos\/intersolar-europe24\/\",\"url\":\"https:\/\/www.res-group.com\/es\/recursos\/eventos\/intersolar-europe24\/\",\"name\":\"Intersolar Europe - RES\",\"isPartOf\":{\"@id\":\"https:\/\/www.res-group.com\/es\/#website\"},\"primaryImageOfPage\":{\"@id\":\"https:\/\/www.res-group.com\/es\/recursos\/eventos\/intersolar-europe24\/#primaryimage\"},\"image\":{\"@id\":\"https:\/\/www.res-group.com\/es\/recursos\/eventos\/intersolar-europe24\/#primaryimage\"},\"thumbnailUrl\":\"https:\/\/www.res-group.com\/wp-content\/uploads\/2024\/02\/intersolar24.png\",\"datePublished\":\"2024-02-05T20:35:54+00:00\",\"dateModified\":\"2024-02-21T14:06:22+00:00\",\"description\":\"Intersolar Europa tendr\u00e1 lugar del 19 al 21 de junio de 2024, como parte del Polo de innovaci\u00f3n \u201cThe smarter E Europe\u201d (la mayor alianza europea de ferias para la industria energ\u00e9tica) en la Messe M\u00fcnchen.\",\"breadcrumb\":{\"@id\":\"https:\/\/www.res-group.com\/es\/recursos\/eventos\/intersolar-europe24\/#breadcrumb\"},\"inLanguage\":\"es\",\"potentialAction\":[{\"@type\":\"ReadAction\",\"target\":[\"https:\/\/www.res-group.com\/es\/recursos\/eventos\/intersolar-europe24\/\"]}]},{\"@type\":\"ImageObject\",\"inLanguage\":\"es\",\"@id\":\"https:\/\/www.res-group.com\/es\/recursos\/eventos\/intersolar-europe24\/#primaryimage\",\"url\":\"https:\/\/www.res-group.com\/wp-content\/uploads\/2024\/02\/intersolar24.png\",\"contentUrl\":\"https:\/\/www.res-group.com\/wp-content\/uploads\/2024\/02\/intersolar24.png\",\"width\":1200,\"height\":602},{\"@type\":\"BreadcrumbList\",\"@id\":\"https:\/\/www.res-group.com\/es\/recursos\/eventos\/intersolar-europe24\/#breadcrumb\",\"itemListElement\":[{\"@type\":\"ListItem\",\"position\":1,\"name\":\"In\u00edcio\",\"item\":\"https:\/\/www.res-group.com\/es\/\"},{\"@type\":\"ListItem\",\"position\":2,\"name\":\"Intersolar Europe\"}]},{\"@type\":\"WebSite\",\"@id\":\"https:\/\/www.res-group.com\/es\/#website\",\"url\":\"https:\/\/www.res-group.com\/es\/\",\"name\":\"res-group.com\",\"description\":\"The power behind a clean energy future\",\"publisher\":{\"@id\":\"https:\/\/www.res-group.com\/es\/#organization\"},\"potentialAction\":[{\"@type\":\"SearchAction\",\"target\":{\"@type\":\"EntryPoint\",\"urlTemplate\":\"https:\/\/www.res-group.com\/es\/?s={search_term_string}\"},\"query-input\":{\"@type\":\"PropertyValueSpecification\",\"valueRequired\":true,\"valueName\":\"search_term_string\"}}],\"inLanguage\":\"es\"},{\"@type\":\"Organization\",\"@id\":\"https:\/\/www.res-group.com\/es\/#organization\",\"name\":\"RES\",\"url\":\"https:\/\/www.res-group.com\/es\/\",\"logo\":{\"@type\":\"ImageObject\",\"inLanguage\":\"es\",\"@id\":\"https:\/\/www.res-group.com\/es\/#\/schema\/logo\/image\/\",\"url\":\"https:\/\/www.res-group.com\/wp-content\/uploads\/2023\/05\/header-logo.svg\",\"contentUrl\":\"https:\/\/www.res-group.com\/wp-content\/uploads\/2023\/05\/header-logo.svg\",\"width\":82.634,\"height\":38,\"caption\":\"RES\"},\"image\":{\"@id\":\"https:\/\/www.res-group.com\/es\/#\/schema\/logo\/image\/\"},\"sameAs\":[\"https:\/\/x.com\/RESGroup\",\"https:\/\/www.instagram.com\/res_powerforgood\",\"https:\/\/www.linkedin.com\/company\/res-group\/\",\"https:\/\/vimeo.com\/resgroup\"]},{\"@type\":\"Person\",\"@id\":\"https:\/\/www.res-group.com\/es\/#\/schema\/person\/e4578b8414d75c1237c6dae6f38318a2\",\"name\":\"RES\",\"image\":{\"@type\":\"ImageObject\",\"inLanguage\":\"es\",\"@id\":\"https:\/\/secure.gravatar.com\/avatar\/053fca53b00a810e8929097a40153a54ea325f90ee6ae9b45eb23c7a467d8d65?s=96&d=mm&r=g\",\"url\":\"https:\/\/secure.gravatar.com\/avatar\/053fca53b00a810e8929097a40153a54ea325f90ee6ae9b45eb23c7a467d8d65?s=96&d=mm&r=g\",\"contentUrl\":\"https:\/\/secure.gravatar.com\/avatar\/053fca53b00a810e8929097a40153a54ea325f90ee6ae9b45eb23c7a467d8d65?s=96&d=mm&r=g\",\"caption\":\"RES\"},\"sameAs\":[\"http:\/\/res\"],\"url\":\"https:\/\/www.res-group.com\/es\/author\/manageruser\/\"}]}<\/script>\n<!-- \/ Yoast SEO Premium plugin. -->","yoast_head_json":{"title":"Intersolar Europe - RES","description":"Intersolar Europa tendr\u00e1 lugar del 19 al 21 de junio de 2024, como parte del Polo de innovaci\u00f3n \u201cThe smarter E Europe\u201d (la mayor alianza europea de ferias para la industria energ\u00e9tica) en la Messe M\u00fcnchen.","robots":{"index":"index","follow":"follow","max-snippet":"max-snippet:-1","max-image-preview":"max-image-preview:large","max-video-preview":"max-video-preview:-1"},"canonical":"https:\/\/www.res-group.com\/es\/recursos\/eventos\/intersolar-europe24\/","og_locale":"es_ES","og_type":"article","og_title":"Intersolar Europe","og_description":"Intersolar Europa tendr\u00e1 lugar del 19 al 21 de junio de 2024, como parte del Polo de innovaci\u00f3n \u201cThe smarter E Europe\u201d (la mayor alianza europea de ferias para la industria energ\u00e9tica) en la Messe M\u00fcnchen.","og_url":"https:\/\/www.res-group.com\/es\/recursos\/eventos\/intersolar-europe24\/","og_site_name":"RES","article_published_time":"2024-02-05T20:35:54+00:00","article_modified_time":"2024-02-21T14:06:22+00:00","og_image":[{"width":1200,"height":602,"url":"https:\/\/www.res-group.com\/wp-content\/uploads\/2024\/02\/intersolar24.png","type":"image\/png"}],"author":"RES","twitter_card":"summary_large_image","twitter_creator":"@RESGroup","twitter_site":"@RESGroup","twitter_misc":{"Escrito por":"RES","Tiempo de lectura":"1 minuto"},"schema":{"@context":"https:\/\/schema.org","@graph":[{"@type":"Article","@id":"https:\/\/www.res-group.com\/es\/recursos\/eventos\/intersolar-europe24\/#article","isPartOf":{"@id":"https:\/\/www.res-group.com\/es\/recursos\/eventos\/intersolar-europe24\/"},"author":{"name":"RES","@id":"https:\/\/www.res-group.com\/es\/#\/schema\/person\/e4578b8414d75c1237c6dae6f38318a2"},"headline":"Intersolar Europe","datePublished":"2024-02-05T20:35:54+00:00","dateModified":"2024-02-21T14:06:22+00:00","mainEntityOfPage":{"@id":"https:\/\/www.res-group.com\/es\/recursos\/eventos\/intersolar-europe24\/"},"wordCount":185,"commentCount":0,"publisher":{"@id":"https:\/\/www.res-group.com\/es\/#organization"},"image":{"@id":"https:\/\/www.res-group.com\/es\/recursos\/eventos\/intersolar-europe24\/#primaryimage"},"thumbnailUrl":"https:\/\/www.res-group.com\/wp-content\/uploads\/2024\/02\/intersolar24.png","articleSection":["Solar"],"inLanguage":"es","potentialAction":[{"@type":"CommentAction","name":"Comment","target":["https:\/\/www.res-group.com\/es\/recursos\/eventos\/intersolar-europe24\/#respond"]}]},{"@type":"WebPage","@id":"https:\/\/www.res-group.com\/es\/recursos\/eventos\/intersolar-europe24\/","url":"https:\/\/www.res-group.com\/es\/recursos\/eventos\/intersolar-europe24\/","name":"Intersolar Europe - RES","isPartOf":{"@id":"https:\/\/www.res-group.com\/es\/#website"},"primaryImageOfPage":{"@id":"https:\/\/www.res-group.com\/es\/recursos\/eventos\/intersolar-europe24\/#primaryimage"},"image":{"@id":"https:\/\/www.res-group.com\/es\/recursos\/eventos\/intersolar-europe24\/#primaryimage"},"thumbnailUrl":"https:\/\/www.res-group.com\/wp-content\/uploads\/2024\/02\/intersolar24.png","datePublished":"2024-02-05T20:35:54+00:00","dateModified":"2024-02-21T14:06:22+00:00","description":"Intersolar Europa tendr\u00e1 lugar del 19 al 21 de junio de 2024, como parte del Polo de innovaci\u00f3n \u201cThe smarter E Europe\u201d (la mayor alianza europea de ferias para la industria energ\u00e9tica) en la Messe M\u00fcnchen.","breadcrumb":{"@id":"https:\/\/www.res-group.com\/es\/recursos\/eventos\/intersolar-europe24\/#breadcrumb"},"inLanguage":"es","potentialAction":[{"@type":"ReadAction","target":["https:\/\/www.res-group.com\/es\/recursos\/eventos\/intersolar-europe24\/"]}]},{"@type":"ImageObject","inLanguage":"es","@id":"https:\/\/www.res-group.com\/es\/recursos\/eventos\/intersolar-europe24\/#primaryimage","url":"https:\/\/www.res-group.com\/wp-content\/uploads\/2024\/02\/intersolar24.png","contentUrl":"https:\/\/www.res-group.com\/wp-content\/uploads\/2024\/02\/intersolar24.png","width":1200,"height":602},{"@type":"BreadcrumbList","@id":"https:\/\/www.res-group.com\/es\/recursos\/eventos\/intersolar-europe24\/#breadcrumb","itemListElement":[{"@type":"ListItem","position":1,"name":"In\u00edcio","item":"https:\/\/www.res-group.com\/es\/"},{"@type":"ListItem","position":2,"name":"Intersolar Europe"}]},{"@type":"WebSite","@id":"https:\/\/www.res-group.com\/es\/#website","url":"https:\/\/www.res-group.com\/es\/","name":"res-group.com","description":"The power behind a clean energy future","publisher":{"@id":"https:\/\/www.res-group.com\/es\/#organization"},"potentialAction":[{"@type":"SearchAction","target":{"@type":"EntryPoint","urlTemplate":"https:\/\/www.res-group.com\/es\/?s={search_term_string}"},"query-input":{"@type":"PropertyValueSpecification","valueRequired":true,"valueName":"search_term_string"}}],"inLanguage":"es"},{"@type":"Organization","@id":"https:\/\/www.res-group.com\/es\/#organization","name":"RES","url":"https:\/\/www.res-group.com\/es\/","logo":{"@type":"ImageObject","inLanguage":"es","@id":"https:\/\/www.res-group.com\/es\/#\/schema\/logo\/image\/","url":"https:\/\/www.res-group.com\/wp-content\/uploads\/2023\/05\/header-logo.svg","contentUrl":"https:\/\/www.res-group.com\/wp-content\/uploads\/2023\/05\/header-logo.svg","width":82.634,"height":38,"caption":"RES"},"image":{"@id":"https:\/\/www.res-group.com\/es\/#\/schema\/logo\/image\/"},"sameAs":["https:\/\/x.com\/RESGroup","https:\/\/www.instagram.com\/res_powerforgood","https:\/\/www.linkedin.com\/company\/res-group\/","https:\/\/vimeo.com\/resgroup"]},{"@type":"Person","@id":"https:\/\/www.res-group.com\/es\/#\/schema\/person\/e4578b8414d75c1237c6dae6f38318a2","name":"RES","image":{"@type":"ImageObject","inLanguage":"es","@id":"https:\/\/secure.gravatar.com\/avatar\/053fca53b00a810e8929097a40153a54ea325f90ee6ae9b45eb23c7a467d8d65?s=96&d=mm&r=g","url":"https:\/\/secure.gravatar.com\/avatar\/053fca53b00a810e8929097a40153a54ea325f90ee6ae9b45eb23c7a467d8d65?s=96&d=mm&r=g","contentUrl":"https:\/\/secure.gravatar.com\/avatar\/053fca53b00a810e8929097a40153a54ea325f90ee6ae9b45eb23c7a467d8d65?s=96&d=mm&r=g","caption":"RES"},"sameAs":["http:\/\/res"],"url":"https:\/\/www.res-group.com\/es\/author\/manageruser\/"}]}},"_links":{"self":[{"href":"https:\/\/www.res-group.com\/es\/wp-json\/wp\/v2\/posts\/24333","targetHints":{"allow":["GET"]}}],"collection":[{"href":"https:\/\/www.res-group.com\/es\/wp-json\/wp\/v2\/posts"}],"about":[{"href":"https:\/\/www.res-group.com\/es\/wp-json\/wp\/v2\/types\/post"}],"author":[{"embeddable":true,"href":"https:\/\/www.res-group.com\/es\/wp-json\/wp\/v2\/users\/1"}],"replies":[{"embeddable":true,"href":"https:\/\/www.res-group.com\/es\/wp-json\/wp\/v2\/comments?post=24333"}],"version-history":[{"count":0,"href":"https:\/\/www.res-group.com\/es\/wp-json\/wp\/v2\/posts\/24333\/revisions"}],"wp:featuredmedia":[{"embeddable":true,"href":"https:\/\/www.res-group.com\/es\/wp-json\/wp\/v2\/media\/24328"}],"wp:attachment":[{"href":"https:\/\/www.res-group.com\/es\/wp-json\/wp\/v2\/media?parent=24333"}],"wp:term":[{"taxonomy":"category","embeddable":true,"href":"https:\/\/www.res-group.com\/es\/wp-json\/wp\/v2\/categories?post=24333"},{"taxonomy":"post_tag","embeddable":true,"href":"https:\/\/www.res-group.com\/es\/wp-json\/wp\/v2\/tags?post=24333"},{"taxonomy":"region","embeddable":true,"href":"https:\/\/www.res-group.com\/es\/wp-json\/wp\/v2\/region?post=24333"},{"taxonomy":"content_type","embeddable":true,"href":"https:\/\/www.res-group.com\/es\/wp-json\/wp\/v2\/content_type?post=24333"}],"curies":[{"name":"wp","href":"https:\/\/api.w.org\/{rel}","templated":true}]}}