{"id":30804,"date":"2024-12-20T09:42:52","date_gmt":"2024-12-20T09:42:52","guid":{"rendered":"https:\/\/www.res-group.com\/?p=30804"},"modified":"2024-12-20T09:44:27","modified_gmt":"2024-12-20T09:44:27","slug":"windpark-pruem-air-station-auf-ehemaligem-militaergelaende-fertiggestellt","status":"publish","type":"post","link":"https:\/\/www.res-group.com\/de\/resources\/news-de\/windpark-pruem-air-station-auf-ehemaligem-militaergelaende-fertiggestellt\/","title":{"rendered":"Windpark Pr\u00fcm Air Station auf ehemaligem Milit\u00e4rgel\u00e4nde fertiggestellt"},"content":{"rendered":"\n<p><strong>V\u00f6rstetten, 20. Dezember 2024 <\/strong>&#8211; RES und Octopus Energy Generation realisieren gemeinsam nachhaltiges Energieprojekt auf ehemaliger Milit\u00e4rfl\u00e4che in der N\u00e4he der rheinland-pf\u00e4lzischen Stadt Pr\u00fcm.<\/p>\n\n\n\n<p>Es ist ein Erneuerbare-Energie-Projekt an einem au\u00dfergew\u00f6hnlichen Ort in der Eifel: Zwei Windenergieanlagen auf einem ehemaligen amerikanischen Milit\u00e4rgel\u00e4nde in der N\u00e4he der rheinland-pf\u00e4lzischen Stadt Pr\u00fcm. Realisiert wurde der Windpark Pr\u00fcm Air Station vom Erneuerbare-Energien-Unternehmen RES. Seit Mitte August sind die Anlagen in Betrieb. Octopus Energy Generation hat im Auftrag des von ihm verwalteten Sky Fund (ORI SCSp) die Anlagen nach Abschluss der Bauarbeiten von RES \u00fcbernommen und wird den Betrieb als neuer Eigent\u00fcmer steuern. Die Windenergieanlagen verf\u00fcgen \u00fcber eine installierte Leistung von insgesamt 11,4 Megawatt. Die CO<sub>2<\/sub>-Einsparung betr\u00e4gt j\u00e4hrlich etwa 25.000 Tonnen. Rechnerisch k\u00f6nnte der Windpark rund 13.000 Haushalte mit regenerativem Strom versorgen. Die Kommunen profitieren finanziell mit 0,2 Cent pro erzeugter Kilowattstunde gem\u00e4\u00df \u00a7 6 Erneuerbare-Energien-Gesetz.<\/p>\n\n\n\n<p>Im Windpark Pr\u00fcm Air Station ist die Inbetriebnahme und Abnahme der beiden Windenergieanlagen des Typs Nordex N149 erfolgt. <a>Damit ist der Eigent\u00fcmerwechsel und die \u00dcbernahme des Windparks mit einem voraussichtlichen Netto-Energieertrag von rund 36.000 Megawattstunden vollzogen. <\/a>&nbsp;Die Genehmigungs-phase des Erneuerbaren-Energien-Projektes erstreckte sich von Mitte 2020 bis Ende 2022. Die reine Bauzeit betrug 18 Monate.<\/p>\n\n\n\n<p>&nbsp;\u201eRES und Octopus Energy arbeiten seit Jahren international erfolgreich zusammen. Der Windpark Pr\u00fcm ist unser erstes gemeinsames Projekt in Deutschland\u201c, erkl\u00e4rt Gerhard Kienzler, Gesch\u00e4ftsf\u00fchrer bei RES, und erg\u00e4nzt: \u201eBei Projekten mit besonderen Herausforderungen wie hier in Pr\u00fcm ist es wichtig, auf ein starkes Netzwerk und vertrauensvolle Partner bauen zu k\u00f6nnen. Hier ist uns auch unsere jahrelange Erfahrung bei anspruchsvollen Windenergiestandorten zugutegekommen.\u201c RES wird auch weiterhin im Windpark Pr\u00fcm eine aktive Rolle einnehmen. Octopus hat mit RES einen umfassenden Betriebsf\u00fchrungsvertrag abgeschlossen.<\/p>\n\n\n\n<p><strong>Windparkbau auf ehemaliger Milit\u00e4rfl\u00e4che<\/strong><\/p>\n\n\n\n<p>Das Gel\u00e4nde des Windparks Pr\u00fcm Air Station diente urspr\u00fcnglich als amerikanische Radarstation und ist umgeben von denkmalgesch\u00fctzten Bunkeranlagen des Westwalls. Zu den Herausforderungen bei Planung und Bau z\u00e4hlten die versiegelten Fl\u00e4chen, bestehende Infrastruktur sowie m\u00f6gliche Kampfmittel im Untergrund. Zum Schutz der in einer Lagerhalle beheimateten Flederm\u00e4use wurde ein umfassendes Konzept erarbeitet. Das Schutzprogramm beinhaltet unter anderem das Anbringen von Fledermausk\u00e4sten in der unmittelbaren N\u00e4he der Anlagen. Sie dienen den Tieren als erstes Ausweichquartier.<\/p>\n\n\n\n<p>\u201eEine zentrale Aufgabe bei der Umsetzung des Windparks war die optimale Nutzung der bestehenden Infrastruktur,\u201c erl\u00e4utert Jonas Wolf, Projektleiter Construction Wind bei RES. \u201eDie vorhandenen befestigten Fl\u00e4chen des ehemaligen Milit\u00e4rareals konnten wir beispielsweise f\u00fcr die Zuwegung und Schwertransporte nutzen, und auch der R\u00fcckbau der Geb\u00e4udestrukturen erfolgte umsichtig und sorgsam.\u201c Eine weitere Herausforderung war die \u00fcber neun Kilometer lange Trasse, die \u00fcber eine Landesgrenze und durch drei Landkreise verl\u00e4uft \u2013 mit entsprechenden Abstimmungen zwischen insgesamt 17 Eigent\u00fcmerinnen und Eigent\u00fcmer, den jeweiligen Beh\u00f6rden aus Rheinland-Pfalz und Nordrhein-Westfalen f\u00fcr Wasser- und Denkmalschutz, Stra\u00dfenbau, Forst sowie Naturschutz, drei Landkreise und die Gemeinden.<\/p>\n\n\n\n<p>Hinweise f\u00fcr die Redaktionen:<\/p>\n\n\n\n<p><strong>\u00dcber RES<\/strong><\/p>\n\n\n\n<p>RES ist das weltweit gr\u00f6\u00dfte unabh\u00e4ngige Unternehmen f\u00fcr erneuerbare Energien, das in 24 L\u00e4ndern in den Bereichen Windkraft, Solarenergie, Energiespeicherung, Biomasse, Wasserkraft, gr\u00fcner Wasserstoff, \u00dcbertragung und Verteilung t\u00e4tig ist. Mit \u00fcber 40 Jahren Erfahrung hat RES als Innovator der Branche mehr als 27 GW an Projekten f\u00fcr erneuerbare Energien auf der ganzen Welt realisiert und plant, in den n\u00e4chsten f\u00fcnf Jahren mehr als 22 GW an neuen Kapazit\u00e4ten ans Netz zu bringen.<\/p>\n\n\n\n<p>Als Dienstleistungsanbieter verf\u00fcgt RES \u00fcber die Kompetenz und Erfahrung in den Bereichen Anlagenmanagement, Betrieb und Wartung (O&amp;M) sowie \u00fcber Ersatzteile und unterst\u00fctzt 41 GW an erneuerbaren Anlagen an 1.300 Standorten. RES bietet dem Markt eine Reihe von zweckm\u00e4\u00dfigen, praktischen, technologiebasierten Produkten und digitale L\u00f6sungen, die darauf ausgelegt sind, Investitionen und den Einsatz erneuerbarer Energien zu maximieren.<\/p>\n\n\n\n<p>RES ist die treibende Kraft hinter einer sauberen Energiezukunft, in der jeder Zugang zu erschwinglicher kohlenstofffreier Energie hat. RES vereint globale Erfahrung, Leidenschaft und die Innovationskraft seiner 4.500 Mitarbeiter, um die Art und Weise, wie Energie erzeugt, gespeichert und geliefert wird, zu ver\u00e4ndern. Besuchen Sie: <a href=\"http:\/\/www.res-group.com\">www.res-group.com<\/a><strong><\/strong><\/p>\n\n\n\n<p>PRESSEKONTAKT: &nbsp;&nbsp;&nbsp;&nbsp;&nbsp;&nbsp;&nbsp;&nbsp;<\/p>\n\n\n\n<p><strong>RES<\/strong><br><strong>Viktoria Kaiser<\/strong><br>Manager PR &amp; Marketing<br>Reutener Str. 18, 79279 V\u00f6rstetten<br>T +49 15 25 237 9041<\/p>\n\n\n\n<p><a href=\"mailto:viktoria.kaiser@res-group.com\">viktoria.kaiser@res-group.com<\/a><br><a href=\"https:\/\/www.res-group.com\/\">www.res-group.com<\/a><\/p>\n","protected":false},"excerpt":{"rendered":"<p>V\u00f6rstetten, 20. Dezember 2024 &#8211; RES und Octopus Energy Generation realisieren gemeinsam nachhaltiges Energieprojekt auf ehemaliger Milit\u00e4rfl\u00e4che in der N\u00e4he der rheinland-pf\u00e4lzischen Stadt Pr\u00fcm. Es ist ein Erneuerbare-Energie-Projekt an einem au\u00dfergew\u00f6hnlichen Ort in der Eifel: Zwei Windenergieanlagen auf einem ehemaligen amerikanischen Milit\u00e4rgel\u00e4nde in der N\u00e4he der rheinland-pf\u00e4lzischen Stadt Pr\u00fcm. Realisiert&#8230;<\/p>\n","protected":false},"author":1,"featured_media":30792,"comment_status":"open","ping_status":"open","sticky":false,"template":"","format":"standard","meta":{"_acf_changed":false,"footnotes":""},"categories":[228,188],"tags":[],"region":[262],"content_type":[235],"class_list":["post-30804","post","type-post","status-publish","format-standard","has-post-thumbnail","hentry","category-betrieb","category-corporate","region-germany-de","content_type-news-de"],"acf":[],"yoast_head":"<!-- This site is optimized with the Yoast SEO Premium plugin v27.2 (Yoast SEO v27.2) - https:\/\/yoast.com\/product\/yoast-seo-premium-wordpress\/ -->\n<title>Windpark Pr\u00fcm Air Station auf ehemaligem Milit\u00e4rgel\u00e4nde fertiggestellt - RES<\/title>\n<meta name=\"robots\" content=\"index, follow, max-snippet:-1, max-image-preview:large, max-video-preview:-1\" \/>\n<link rel=\"canonical\" href=\"https:\/\/www.res-group.com\/de\/resources\/news-de\/windpark-pruem-air-station-auf-ehemaligem-militaergelaende-fertiggestellt\/\" \/>\n<meta property=\"og:locale\" content=\"de_DE\" \/>\n<meta property=\"og:type\" content=\"article\" \/>\n<meta property=\"og:title\" content=\"Windpark Pr\u00fcm Air Station auf ehemaligem Milit\u00e4rgel\u00e4nde fertiggestellt\" \/>\n<meta property=\"og:description\" content=\"V\u00f6rstetten, 20. Dezember 2024 &#8211; RES und Octopus Energy Generation realisieren gemeinsam nachhaltiges Energieprojekt auf ehemaliger Milit\u00e4rfl\u00e4che in der N\u00e4he der rheinland-pf\u00e4lzischen Stadt Pr\u00fcm. Es ist ein Erneuerbare-Energie-Projekt an einem au\u00dfergew\u00f6hnlichen Ort in der Eifel: Zwei Windenergieanlagen auf einem ehemaligen amerikanischen Milit\u00e4rgel\u00e4nde in der N\u00e4he der rheinland-pf\u00e4lzischen Stadt Pr\u00fcm. Realisiert...\" \/>\n<meta property=\"og:url\" content=\"https:\/\/www.res-group.com\/de\/resources\/news-de\/windpark-pruem-air-station-auf-ehemaligem-militaergelaende-fertiggestellt\/\" \/>\n<meta property=\"og:site_name\" content=\"RES\" \/>\n<meta property=\"article:published_time\" content=\"2024-12-20T09:42:52+00:00\" \/>\n<meta property=\"article:modified_time\" content=\"2024-12-20T09:44:27+00:00\" \/>\n<meta property=\"og:image\" content=\"https:\/\/www.res-group.com\/wp-content\/uploads\/2024\/12\/Prum-PM-Foto.jpg\" \/>\n\t<meta property=\"og:image:width\" content=\"1422\" \/>\n\t<meta property=\"og:image:height\" content=\"1066\" \/>\n\t<meta property=\"og:image:type\" content=\"image\/jpeg\" \/>\n<meta name=\"author\" content=\"RES\" \/>\n<meta name=\"twitter:card\" content=\"summary_large_image\" \/>\n<meta name=\"twitter:creator\" content=\"@RESGroup\" \/>\n<meta name=\"twitter:site\" content=\"@RESGroup\" \/>\n<meta name=\"twitter:label1\" content=\"Verfasst von\" \/>\n\t<meta name=\"twitter:data1\" content=\"RES\" \/>\n\t<meta name=\"twitter:label2\" content=\"Gesch\u00e4tzte Lesezeit\" \/>\n\t<meta name=\"twitter:data2\" content=\"4\u00a0Minuten\" \/>\n<script type=\"application\/ld+json\" class=\"yoast-schema-graph\">{\"@context\":\"https:\/\/schema.org\",\"@graph\":[{\"@type\":\"Article\",\"@id\":\"https:\/\/www.res-group.com\/de\/resources\/news-de\/windpark-pruem-air-station-auf-ehemaligem-militaergelaende-fertiggestellt\/#article\",\"isPartOf\":{\"@id\":\"https:\/\/www.res-group.com\/de\/resources\/news-de\/windpark-pruem-air-station-auf-ehemaligem-militaergelaende-fertiggestellt\/\"},\"author\":{\"name\":\"RES\",\"@id\":\"https:\/\/www.res-group.com\/de\/#\/schema\/person\/e4578b8414d75c1237c6dae6f38318a2\"},\"headline\":\"Windpark Pr\u00fcm Air Station auf ehemaligem Milit\u00e4rgel\u00e4nde fertiggestellt\",\"datePublished\":\"2024-12-20T09:42:52+00:00\",\"dateModified\":\"2024-12-20T09:44:27+00:00\",\"mainEntityOfPage\":{\"@id\":\"https:\/\/www.res-group.com\/de\/resources\/news-de\/windpark-pruem-air-station-auf-ehemaligem-militaergelaende-fertiggestellt\/\"},\"wordCount\":723,\"commentCount\":0,\"publisher\":{\"@id\":\"https:\/\/www.res-group.com\/de\/#organization\"},\"image\":{\"@id\":\"https:\/\/www.res-group.com\/de\/resources\/news-de\/windpark-pruem-air-station-auf-ehemaligem-militaergelaende-fertiggestellt\/#primaryimage\"},\"thumbnailUrl\":\"https:\/\/www.res-group.com\/wp-content\/uploads\/2024\/12\/Prum-PM-Foto.jpg\",\"articleSection\":[\"Betrieb\",\"Corporate\"],\"inLanguage\":\"de\",\"potentialAction\":[{\"@type\":\"CommentAction\",\"name\":\"Comment\",\"target\":[\"https:\/\/www.res-group.com\/de\/resources\/news-de\/windpark-pruem-air-station-auf-ehemaligem-militaergelaende-fertiggestellt\/#respond\"]}]},{\"@type\":\"WebPage\",\"@id\":\"https:\/\/www.res-group.com\/de\/resources\/news-de\/windpark-pruem-air-station-auf-ehemaligem-militaergelaende-fertiggestellt\/\",\"url\":\"https:\/\/www.res-group.com\/de\/resources\/news-de\/windpark-pruem-air-station-auf-ehemaligem-militaergelaende-fertiggestellt\/\",\"name\":\"Windpark Pr\u00fcm Air Station auf ehemaligem Milit\u00e4rgel\u00e4nde fertiggestellt - RES\",\"isPartOf\":{\"@id\":\"https:\/\/www.res-group.com\/de\/#website\"},\"primaryImageOfPage\":{\"@id\":\"https:\/\/www.res-group.com\/de\/resources\/news-de\/windpark-pruem-air-station-auf-ehemaligem-militaergelaende-fertiggestellt\/#primaryimage\"},\"image\":{\"@id\":\"https:\/\/www.res-group.com\/de\/resources\/news-de\/windpark-pruem-air-station-auf-ehemaligem-militaergelaende-fertiggestellt\/#primaryimage\"},\"thumbnailUrl\":\"https:\/\/www.res-group.com\/wp-content\/uploads\/2024\/12\/Prum-PM-Foto.jpg\",\"datePublished\":\"2024-12-20T09:42:52+00:00\",\"dateModified\":\"2024-12-20T09:44:27+00:00\",\"breadcrumb\":{\"@id\":\"https:\/\/www.res-group.com\/de\/resources\/news-de\/windpark-pruem-air-station-auf-ehemaligem-militaergelaende-fertiggestellt\/#breadcrumb\"},\"inLanguage\":\"de\",\"potentialAction\":[{\"@type\":\"ReadAction\",\"target\":[\"https:\/\/www.res-group.com\/de\/resources\/news-de\/windpark-pruem-air-station-auf-ehemaligem-militaergelaende-fertiggestellt\/\"]}]},{\"@type\":\"ImageObject\",\"inLanguage\":\"de\",\"@id\":\"https:\/\/www.res-group.com\/de\/resources\/news-de\/windpark-pruem-air-station-auf-ehemaligem-militaergelaende-fertiggestellt\/#primaryimage\",\"url\":\"https:\/\/www.res-group.com\/wp-content\/uploads\/2024\/12\/Prum-PM-Foto.jpg\",\"contentUrl\":\"https:\/\/www.res-group.com\/wp-content\/uploads\/2024\/12\/Prum-PM-Foto.jpg\",\"width\":1422,\"height\":1066,\"caption\":\"Pr\u00fcm PM\"},{\"@type\":\"BreadcrumbList\",\"@id\":\"https:\/\/www.res-group.com\/de\/resources\/news-de\/windpark-pruem-air-station-auf-ehemaligem-militaergelaende-fertiggestellt\/#breadcrumb\",\"itemListElement\":[{\"@type\":\"ListItem\",\"position\":1,\"name\":\"In\u00edcio\",\"item\":\"https:\/\/www.res-group.com\/de\/\"},{\"@type\":\"ListItem\",\"position\":2,\"name\":\"Windpark Pr\u00fcm Air Station auf ehemaligem Milit\u00e4rgel\u00e4nde fertiggestellt\"}]},{\"@type\":\"WebSite\",\"@id\":\"https:\/\/www.res-group.com\/de\/#website\",\"url\":\"https:\/\/www.res-group.com\/de\/\",\"name\":\"res-group.com\",\"description\":\"The power behind a clean energy future\",\"publisher\":{\"@id\":\"https:\/\/www.res-group.com\/de\/#organization\"},\"potentialAction\":[{\"@type\":\"SearchAction\",\"target\":{\"@type\":\"EntryPoint\",\"urlTemplate\":\"https:\/\/www.res-group.com\/de\/?s={search_term_string}\"},\"query-input\":{\"@type\":\"PropertyValueSpecification\",\"valueRequired\":true,\"valueName\":\"search_term_string\"}}],\"inLanguage\":\"de\"},{\"@type\":\"Organization\",\"@id\":\"https:\/\/www.res-group.com\/de\/#organization\",\"name\":\"RES\",\"url\":\"https:\/\/www.res-group.com\/de\/\",\"logo\":{\"@type\":\"ImageObject\",\"inLanguage\":\"de\",\"@id\":\"https:\/\/www.res-group.com\/de\/#\/schema\/logo\/image\/\",\"url\":\"https:\/\/www.res-group.com\/wp-content\/uploads\/2023\/05\/header-logo.svg\",\"contentUrl\":\"https:\/\/www.res-group.com\/wp-content\/uploads\/2023\/05\/header-logo.svg\",\"width\":82.634,\"height\":38,\"caption\":\"RES\"},\"image\":{\"@id\":\"https:\/\/www.res-group.com\/de\/#\/schema\/logo\/image\/\"},\"sameAs\":[\"https:\/\/x.com\/RESGroup\",\"https:\/\/www.instagram.com\/res_powerforgood\",\"https:\/\/www.linkedin.com\/company\/res-group\/\",\"https:\/\/vimeo.com\/resgroup\"]},{\"@type\":\"Person\",\"@id\":\"https:\/\/www.res-group.com\/de\/#\/schema\/person\/e4578b8414d75c1237c6dae6f38318a2\",\"name\":\"RES\",\"image\":{\"@type\":\"ImageObject\",\"inLanguage\":\"de\",\"@id\":\"https:\/\/secure.gravatar.com\/avatar\/053fca53b00a810e8929097a40153a54ea325f90ee6ae9b45eb23c7a467d8d65?s=96&d=mm&r=g\",\"url\":\"https:\/\/secure.gravatar.com\/avatar\/053fca53b00a810e8929097a40153a54ea325f90ee6ae9b45eb23c7a467d8d65?s=96&d=mm&r=g\",\"contentUrl\":\"https:\/\/secure.gravatar.com\/avatar\/053fca53b00a810e8929097a40153a54ea325f90ee6ae9b45eb23c7a467d8d65?s=96&d=mm&r=g\",\"caption\":\"RES\"},\"sameAs\":[\"http:\/\/res\"],\"url\":\"https:\/\/www.res-group.com\/de\/author\/manageruser\/\"}]}<\/script>\n<!-- \/ Yoast SEO Premium plugin. -->","yoast_head_json":{"title":"Windpark Pr\u00fcm Air Station auf ehemaligem Milit\u00e4rgel\u00e4nde fertiggestellt - RES","robots":{"index":"index","follow":"follow","max-snippet":"max-snippet:-1","max-image-preview":"max-image-preview:large","max-video-preview":"max-video-preview:-1"},"canonical":"https:\/\/www.res-group.com\/de\/resources\/news-de\/windpark-pruem-air-station-auf-ehemaligem-militaergelaende-fertiggestellt\/","og_locale":"de_DE","og_type":"article","og_title":"Windpark Pr\u00fcm Air Station auf ehemaligem Milit\u00e4rgel\u00e4nde fertiggestellt","og_description":"V\u00f6rstetten, 20. Dezember 2024 &#8211; RES und Octopus Energy Generation realisieren gemeinsam nachhaltiges Energieprojekt auf ehemaliger Milit\u00e4rfl\u00e4che in der N\u00e4he der rheinland-pf\u00e4lzischen Stadt Pr\u00fcm. Es ist ein Erneuerbare-Energie-Projekt an einem au\u00dfergew\u00f6hnlichen Ort in der Eifel: Zwei Windenergieanlagen auf einem ehemaligen amerikanischen Milit\u00e4rgel\u00e4nde in der N\u00e4he der rheinland-pf\u00e4lzischen Stadt Pr\u00fcm. Realisiert...","og_url":"https:\/\/www.res-group.com\/de\/resources\/news-de\/windpark-pruem-air-station-auf-ehemaligem-militaergelaende-fertiggestellt\/","og_site_name":"RES","article_published_time":"2024-12-20T09:42:52+00:00","article_modified_time":"2024-12-20T09:44:27+00:00","og_image":[{"width":1422,"height":1066,"url":"https:\/\/www.res-group.com\/wp-content\/uploads\/2024\/12\/Prum-PM-Foto.jpg","type":"image\/jpeg"}],"author":"RES","twitter_card":"summary_large_image","twitter_creator":"@RESGroup","twitter_site":"@RESGroup","twitter_misc":{"Verfasst von":"RES","Gesch\u00e4tzte Lesezeit":"4\u00a0Minuten"},"schema":{"@context":"https:\/\/schema.org","@graph":[{"@type":"Article","@id":"https:\/\/www.res-group.com\/de\/resources\/news-de\/windpark-pruem-air-station-auf-ehemaligem-militaergelaende-fertiggestellt\/#article","isPartOf":{"@id":"https:\/\/www.res-group.com\/de\/resources\/news-de\/windpark-pruem-air-station-auf-ehemaligem-militaergelaende-fertiggestellt\/"},"author":{"name":"RES","@id":"https:\/\/www.res-group.com\/de\/#\/schema\/person\/e4578b8414d75c1237c6dae6f38318a2"},"headline":"Windpark Pr\u00fcm Air Station auf ehemaligem Milit\u00e4rgel\u00e4nde fertiggestellt","datePublished":"2024-12-20T09:42:52+00:00","dateModified":"2024-12-20T09:44:27+00:00","mainEntityOfPage":{"@id":"https:\/\/www.res-group.com\/de\/resources\/news-de\/windpark-pruem-air-station-auf-ehemaligem-militaergelaende-fertiggestellt\/"},"wordCount":723,"commentCount":0,"publisher":{"@id":"https:\/\/www.res-group.com\/de\/#organization"},"image":{"@id":"https:\/\/www.res-group.com\/de\/resources\/news-de\/windpark-pruem-air-station-auf-ehemaligem-militaergelaende-fertiggestellt\/#primaryimage"},"thumbnailUrl":"https:\/\/www.res-group.com\/wp-content\/uploads\/2024\/12\/Prum-PM-Foto.jpg","articleSection":["Betrieb","Corporate"],"inLanguage":"de","potentialAction":[{"@type":"CommentAction","name":"Comment","target":["https:\/\/www.res-group.com\/de\/resources\/news-de\/windpark-pruem-air-station-auf-ehemaligem-militaergelaende-fertiggestellt\/#respond"]}]},{"@type":"WebPage","@id":"https:\/\/www.res-group.com\/de\/resources\/news-de\/windpark-pruem-air-station-auf-ehemaligem-militaergelaende-fertiggestellt\/","url":"https:\/\/www.res-group.com\/de\/resources\/news-de\/windpark-pruem-air-station-auf-ehemaligem-militaergelaende-fertiggestellt\/","name":"Windpark Pr\u00fcm Air Station auf ehemaligem Milit\u00e4rgel\u00e4nde fertiggestellt - RES","isPartOf":{"@id":"https:\/\/www.res-group.com\/de\/#website"},"primaryImageOfPage":{"@id":"https:\/\/www.res-group.com\/de\/resources\/news-de\/windpark-pruem-air-station-auf-ehemaligem-militaergelaende-fertiggestellt\/#primaryimage"},"image":{"@id":"https:\/\/www.res-group.com\/de\/resources\/news-de\/windpark-pruem-air-station-auf-ehemaligem-militaergelaende-fertiggestellt\/#primaryimage"},"thumbnailUrl":"https:\/\/www.res-group.com\/wp-content\/uploads\/2024\/12\/Prum-PM-Foto.jpg","datePublished":"2024-12-20T09:42:52+00:00","dateModified":"2024-12-20T09:44:27+00:00","breadcrumb":{"@id":"https:\/\/www.res-group.com\/de\/resources\/news-de\/windpark-pruem-air-station-auf-ehemaligem-militaergelaende-fertiggestellt\/#breadcrumb"},"inLanguage":"de","potentialAction":[{"@type":"ReadAction","target":["https:\/\/www.res-group.com\/de\/resources\/news-de\/windpark-pruem-air-station-auf-ehemaligem-militaergelaende-fertiggestellt\/"]}]},{"@type":"ImageObject","inLanguage":"de","@id":"https:\/\/www.res-group.com\/de\/resources\/news-de\/windpark-pruem-air-station-auf-ehemaligem-militaergelaende-fertiggestellt\/#primaryimage","url":"https:\/\/www.res-group.com\/wp-content\/uploads\/2024\/12\/Prum-PM-Foto.jpg","contentUrl":"https:\/\/www.res-group.com\/wp-content\/uploads\/2024\/12\/Prum-PM-Foto.jpg","width":1422,"height":1066,"caption":"Pr\u00fcm PM"},{"@type":"BreadcrumbList","@id":"https:\/\/www.res-group.com\/de\/resources\/news-de\/windpark-pruem-air-station-auf-ehemaligem-militaergelaende-fertiggestellt\/#breadcrumb","itemListElement":[{"@type":"ListItem","position":1,"name":"In\u00edcio","item":"https:\/\/www.res-group.com\/de\/"},{"@type":"ListItem","position":2,"name":"Windpark Pr\u00fcm Air Station auf ehemaligem Milit\u00e4rgel\u00e4nde fertiggestellt"}]},{"@type":"WebSite","@id":"https:\/\/www.res-group.com\/de\/#website","url":"https:\/\/www.res-group.com\/de\/","name":"res-group.com","description":"The power behind a clean energy future","publisher":{"@id":"https:\/\/www.res-group.com\/de\/#organization"},"potentialAction":[{"@type":"SearchAction","target":{"@type":"EntryPoint","urlTemplate":"https:\/\/www.res-group.com\/de\/?s={search_term_string}"},"query-input":{"@type":"PropertyValueSpecification","valueRequired":true,"valueName":"search_term_string"}}],"inLanguage":"de"},{"@type":"Organization","@id":"https:\/\/www.res-group.com\/de\/#organization","name":"RES","url":"https:\/\/www.res-group.com\/de\/","logo":{"@type":"ImageObject","inLanguage":"de","@id":"https:\/\/www.res-group.com\/de\/#\/schema\/logo\/image\/","url":"https:\/\/www.res-group.com\/wp-content\/uploads\/2023\/05\/header-logo.svg","contentUrl":"https:\/\/www.res-group.com\/wp-content\/uploads\/2023\/05\/header-logo.svg","width":82.634,"height":38,"caption":"RES"},"image":{"@id":"https:\/\/www.res-group.com\/de\/#\/schema\/logo\/image\/"},"sameAs":["https:\/\/x.com\/RESGroup","https:\/\/www.instagram.com\/res_powerforgood","https:\/\/www.linkedin.com\/company\/res-group\/","https:\/\/vimeo.com\/resgroup"]},{"@type":"Person","@id":"https:\/\/www.res-group.com\/de\/#\/schema\/person\/e4578b8414d75c1237c6dae6f38318a2","name":"RES","image":{"@type":"ImageObject","inLanguage":"de","@id":"https:\/\/secure.gravatar.com\/avatar\/053fca53b00a810e8929097a40153a54ea325f90ee6ae9b45eb23c7a467d8d65?s=96&d=mm&r=g","url":"https:\/\/secure.gravatar.com\/avatar\/053fca53b00a810e8929097a40153a54ea325f90ee6ae9b45eb23c7a467d8d65?s=96&d=mm&r=g","contentUrl":"https:\/\/secure.gravatar.com\/avatar\/053fca53b00a810e8929097a40153a54ea325f90ee6ae9b45eb23c7a467d8d65?s=96&d=mm&r=g","caption":"RES"},"sameAs":["http:\/\/res"],"url":"https:\/\/www.res-group.com\/de\/author\/manageruser\/"}]}},"_links":{"self":[{"href":"https:\/\/www.res-group.com\/de\/wp-json\/wp\/v2\/posts\/30804","targetHints":{"allow":["GET"]}}],"collection":[{"href":"https:\/\/www.res-group.com\/de\/wp-json\/wp\/v2\/posts"}],"about":[{"href":"https:\/\/www.res-group.com\/de\/wp-json\/wp\/v2\/types\/post"}],"author":[{"embeddable":true,"href":"https:\/\/www.res-group.com\/de\/wp-json\/wp\/v2\/users\/1"}],"replies":[{"embeddable":true,"href":"https:\/\/www.res-group.com\/de\/wp-json\/wp\/v2\/comments?post=30804"}],"version-history":[{"count":0,"href":"https:\/\/www.res-group.com\/de\/wp-json\/wp\/v2\/posts\/30804\/revisions"}],"wp:featuredmedia":[{"embeddable":true,"href":"https:\/\/www.res-group.com\/de\/wp-json\/wp\/v2\/media\/30792"}],"wp:attachment":[{"href":"https:\/\/www.res-group.com\/de\/wp-json\/wp\/v2\/media?parent=30804"}],"wp:term":[{"taxonomy":"category","embeddable":true,"href":"https:\/\/www.res-group.com\/de\/wp-json\/wp\/v2\/categories?post=30804"},{"taxonomy":"post_tag","embeddable":true,"href":"https:\/\/www.res-group.com\/de\/wp-json\/wp\/v2\/tags?post=30804"},{"taxonomy":"region","embeddable":true,"href":"https:\/\/www.res-group.com\/de\/wp-json\/wp\/v2\/region?post=30804"},{"taxonomy":"content_type","embeddable":true,"href":"https:\/\/www.res-group.com\/de\/wp-json\/wp\/v2\/content_type?post=30804"}],"curies":[{"name":"wp","href":"https:\/\/api.w.org\/{rel}","templated":true}]}}