{"id":25992,"date":"2024-06-07T15:23:18","date_gmt":"2024-06-07T14:23:18","guid":{"rendered":"https:\/\/www.res-group.com\/rise-up-for-pride\/"},"modified":"2024-06-12T13:46:36","modified_gmt":"2024-06-12T12:46:36","slug":"rise-up-for-pride","status":"publish","type":"post","link":"https:\/\/www.res-group.com\/de\/resources\/blog\/rise-up-for-pride\/","title":{"rendered":"RiSE f\u00fcr PRIDE"},"content":{"rendered":"\n<h2 class=\"wp-block-heading\" style=\"color:#E87511\">Jedes Jahr zeigen Unternehmen auf der ganzen Welt ihre Anerkennung f\u00fcr die Pride-Bewegung. Die Realit\u00e4t sieht jedoch so aus, dass unsere LGBTQ+-Gemeinschaft mehr erwartet als eine Anerkennung einmal pro Jahr. Sie wollen einen echten Wandel herbeif\u00fchren, und zwar dort, wo ein solcher Wandel n\u00f6tig ist.<\/h2>\n\n\n\n<p>Untersuchungen der UCLA haben ergeben, dass einer von drei LGBT-Besch\u00e4ftigten seinen Arbeitsplatz wegen mangelnder LGBT-Integration an seinem Arbeitsplatz verlassen hat.<\/p>\n\n\n\n<p>Unser Engagement f\u00fcr Integration zielt auf ein Arbeitsumfeld ab, in dem alle unsere Besch\u00e4ftigten das Gef\u00fchl haben, ohne Angst oder Unbehagen beten, Eltern sein, Partner sein oder sich beteiligen k\u00f6nnen. Sie k\u00f6nnen sie selbst sein und sich beruflich und pers\u00f6nlich entfalten.<\/p>\n\n\n\n<p>Unsere 2020 gegr\u00fcndeten Affinit\u00e4tsnetzwerke spielen eine wichtige Rolle bei der Gestaltung unserer Kultur und der Erfahrungen unserer Besch\u00e4ftigten \u2013 und zwar das ganze Jahr \u00fcber. Die Netzwerke werden intern von einer sich selbst tragenden Struktur engagierter Personen verwaltet, die ihre Zeit ehrenamtlich zur Verf\u00fcgung stellen.<\/p>\n\n\n\n<p>Von einem sicheren und ansprechenden Raum f\u00fcr Gespr\u00e4che in der Gemeinschaft \u00fcber das Vorantreiben einer kultursensiblen Politik bis hin zur Ausrichtung von Veranstaltungen und der Sensibilisierung der \u00d6ffentlichkeit \u2013 die Zeit, die Leidenschaft und das Engagement der Mitglieder unseres RiSE-Netzwerks haben bisher unglaubliche Fortschritte erm\u00f6glicht.<\/p>\n\n\n\n<p>In diesem Juni, in dem wir die Pride-Bewegung anerkennen und feiern wollen, stellen wir die Bem\u00fchungen unseres RiSE-Netzwerks und dessen Fortschritte in den Mittelpunkt. Unsere Teammitglieder haben mehr dar\u00fcber erz\u00e4hlt, wie sie sich am Arbeitsplatz sicher f\u00fchlen, wie sie den Wandel dort vorantreiben, wo es am wichtigsten ist, und was die Anerkennung von Pride f\u00fcr sie bedeutet.<\/p>\n\n\n\n<h2 class=\"wp-block-heading\"><strong>Wandel und Fortschritt intern vorantreiben<\/strong><\/h2>\n\n\n\n<p>Das Bestreben von RES, Ver\u00e4nderungen anzuregen und zu f\u00f6rdern, geht nicht nur \u00fcber unseren Umweltauftrag hinaus, sondern auch \u00fcber die soziale Verantwortung, die wir gegen\u00fcber unseren Besch\u00e4ftigten haben. <\/p>\n\n\n\n<p>Die Arbeit von RiSE hat sich bereits auf unsere Besch\u00e4ftigten, Netzwerke, Regionen und Unternehmen ausgewirkt. RiSE hat eine klare Mission: sicherzustellen, dass LGBTQ+-Mitarbeiter geh\u00f6rt, respektiert und akzeptiert werden, damit jeder bei RES sein volles Potenzial aussch\u00f6pfen kann. Das Netzwerk wirft ein Licht auf die Themen und Kampagnen, die hierbei am wichtigsten sind.<\/p>\n\n\n\n<h2 class=\"wp-block-heading\"><strong>Seit der Einrichtung der Netzwerke wurden unter anderem folgende Fortschritte erzielt:<\/strong><\/h2>\n\n\n\n<ul class=\"wp-block-list\">\n<li>Neue Adoptionspolitik an einigen unserer Standorte<\/li>\n\n\n\n<li>Aktualisierung unserer Richtlinie \u00fcber die Beurlaubung aus famili\u00e4ren Gr\u00fcnden (Family Medical Leave of Absence, FMLA) dahingehend, dassLebenspartner einbezogen werden<\/li>\n\n\n\n<li>Teilnahme an Pride-Veranstaltungen in den USA, Australien und Europa<\/li>\n\n\n\n<li>Politik der Geschlechtergleichstellung, Entwicklung eines Leitfadens f\u00fcr Verb\u00fcndete und Aufkl\u00e4rung \u00fcber die Nutzung von Pronomen<\/li>\n\n\n\n<li>Teilnahme am Human Rights Equality Index und am Australian Workplace Equality Index<\/li>\n\n\n\n<li>Bildungsveranstaltungen und Veranstaltungen wie\u201eLunch and Learn\u201d mit externen Referenten aus der LGBTQ+-Gemeinschaft<\/li>\n\n\n\n<li>Die Einrichtung von geschlechtsneutralen Toiletten mit separaten Kabinen an mehreren unserer Niederlassungen<\/li>\n<\/ul>\n\n\n\n<p>Dank der proaktiven Bem\u00fchungen von RiSE und mit der Unterst\u00fctzung des Teams \u201ePeople and Culture\u201d haben wir im Corporate Equality Index (CEI) 2023-2024 der Human Rights Campaign (HRC) Foundation 75 von 100 Punkten erreicht. Und in diesem Jahr wollen wir einen Wert von 90 erreichen, um die Bem\u00fchungen unseres Teams zu best\u00e4tigen.<\/p>\n\n\n\n<figure class=\"wp-block-image size-full is-style-default\"><img decoding=\"async\" width=\"667\" height=\"463\" data-src=\"https:\/\/www.res-group.com\/wp-content\/smush-webp\/2023\/08\/pride_small.jpg.webp\" alt=\"Pride in RES\" class=\"wp-image-18136 lazyload\" data-srcset=\"https:\/\/www.res-group.com\/wp-content\/smush-webp\/2023\/08\/pride_small.jpg.webp 667w, https:\/\/www.res-group.com\/wp-content\/smush-webp\/2023\/08\/pride_small-300x208.jpg.webp 300w\" data-sizes=\"(max-width: 667px) 100vw, 667px\" src=\"data:image\/svg+xml;base64,PHN2ZyB3aWR0aD0iMSIgaGVpZ2h0PSIxIiB4bWxucz0iaHR0cDovL3d3dy53My5vcmcvMjAwMC9zdmciPjwvc3ZnPg==\" style=\"--smush-placeholder-width: 667px; --smush-placeholder-aspect-ratio: 667\/463;\" \/><\/figure>\n\n\n\n<p>Das Engagement f\u00fcr RiSE, das nicht nur von den Mitgliedern, sondern auch von der gesamten Organisation ausgeht, hat nachhaltigen Einfluss auf die Menschen bei RES.<\/p>\n\n\n\n<p>Steve bemerkte dazu:<\/p>\n\n\n<figure class=\"wp-block-image size-large is-resized\"><img decoding=\"async\" class=\"alignleft lazyload\" style=\"--smush-placeholder-width: 30px; --smush-placeholder-aspect-ratio: 30\/25;border-radius: 0px; width: 30px;\" data-src=\"https:\/\/www.res-group.com\/wp-content\/themes\/res\/img\/resources-single\/quote.png\" alt=\"Quote\" width=\"30\" height=\"25\" src=\"data:image\/svg+xml;base64,PHN2ZyB3aWR0aD0iMSIgaGVpZ2h0PSIxIiB4bWxucz0iaHR0cDovL3d3dy53My5vcmcvMjAwMC9zdmciPjwvc3ZnPg==\" \/><\/figure>\n\n\n<p style=\"font-size:1.67em\"><strong><em>\u201cMein Arbeitsleben wird durch das Wissen bereichert, dass wir aktiv f\u00fcr eine Kultur der Vielfalt und Integration sorgen. Ich habe sehr viel von dem Netzwerk gelernt, was meine F\u00e4higkeiten als Manager, Kollege, Freund und Elternteil verbessert hat.\u201d<\/em><\/strong><\/p>\n\n\n\n<h2 class=\"wp-block-heading\"><strong>Ein sicherer Raum<\/strong><\/h2>\n\n\n\n<p>In diesem Jahr haben wir in unserer globalen Umfrage zum Mitarbeiterengagement freiwillige Selbstausk\u00fcnfte eingef\u00fchrt. Diese Daten lieferten wertvolle Einblicke in die spezifischen Gemeinschaften, die unser RES-Team bilden. Die Erfahrungen unserer LGBTQ+-Mitarbeiter waren \u00fcberw\u00e4ltigend positiv und \u00fcbertrafen unseren Unternehmensbenchmark. <\/p>\n\n\n\n<p>Vom ersten Tag an hatten viele Menschen das Gef\u00fchl, dass RES ein Ort ist, an dem sie sie selbst sein k\u00f6nnen.<\/p>\n\n\n\n<p>Nicole kommentierte:<\/p>\n\n\n<figure class=\"wp-block-image size-large is-resized\"><img decoding=\"async\" class=\"alignleft lazyload\" style=\"--smush-placeholder-width: 30px; --smush-placeholder-aspect-ratio: 30\/25;border-radius: 0px; width: 30px;\" data-src=\"https:\/\/www.res-group.com\/wp-content\/themes\/res\/img\/resources-single\/quote.png\" alt=\"Quote\" width=\"30\" height=\"25\" src=\"data:image\/svg+xml;base64,PHN2ZyB3aWR0aD0iMSIgaGVpZ2h0PSIxIiB4bWxucz0iaHR0cDovL3d3dy53My5vcmcvMjAwMC9zdmciPjwvc3ZnPg==\" \/><\/figure>\n\n\n<p style=\"font-size:1.67em\"><strong><em>\u201cIch hatte bei der Einarbeitung viel weniger Angst als erwartet, da es Regenbogenb\u00e4nder gab, die Ausbildung LGBT-unterst\u00fctzend war \u2013und weil es RiSE gab. Nachdem ich RiSE beigetreten war, habe ich viele Leute kennengelernt, die ich sonst vielleicht nicht getroffen h\u00e4tte, und hatte eine tolle Zeit mit anderen queeren Menschen innerhalb von RES.\u201d<\/em><\/strong><\/p>\n\n\n\n<p>Von der Teilnahme an Pride-M\u00e4rschen \u00fcber Regenbogenflaggen in unseren B\u00fcros bis hin zu integrativen Unternehmensrichtlinien \u2013 die Diskussion bei RES war noch nie so offen.<\/p>\n\n\n\n<p>Sabrina sagte dazu:<\/p>\n\n\n<figure class=\"wp-block-image size-large is-resized\"><img decoding=\"async\" class=\"alignleft lazyload\" style=\"--smush-placeholder-width: 30px; --smush-placeholder-aspect-ratio: 30\/25;border-radius: 0px; width: 30px;\" data-src=\"https:\/\/www.res-group.com\/wp-content\/themes\/res\/img\/resources-single\/quote.png\" alt=\"Quote\" width=\"30\" height=\"25\" src=\"data:image\/svg+xml;base64,PHN2ZyB3aWR0aD0iMSIgaGVpZ2h0PSIxIiB4bWxucz0iaHR0cDovL3d3dy53My5vcmcvMjAwMC9zdmciPjwvc3ZnPg==\" \/><\/figure>\n\n\n<p style=\"font-size:1.67em\"><em>\u201c<strong>Ich habe einen Ort gefunden, an dem ich mich mit meiner Entscheidung, mich meinen Kollegen gegen\u00fcber zu \u00f6ffnen, wohl und sicher f\u00fchle. Au\u00dferdem bin ich Teil eines Netzwerks, das neue und k\u00fcnftige Besch\u00e4ftigte nicht nur f\u00f6rdert, sondern auch immer bessere Wege findet, um sie aufzunehmen und willkommen zu hei\u00dfen.\u201d<\/strong><\/em><\/p>\n\n\n\n<h2 class=\"wp-block-heading\"><strong>Comingout am Arbeitsplatz<\/strong><\/h2>\n\n\n\n<p>Sich am Arbeitsplatz zu outen, ist f\u00fcr viele wichtig, aber weniger als die H\u00e4lfte der Befragten outet sich gegen\u00fcber allen Kollegen, wie der Deloitte Global 2023 LGBT+ Inclusion @ Work Report zeigt.<\/p>\n\n\n\n<p>Ein Outing am Arbeitsplatz kann eine zutiefst pers\u00f6nliche und transformative Erfahrung sein. Es kann leider auch unglaublich entmutigend sein, aber eine angemessene Arbeitskultur kann die T\u00fcren zu Unterst\u00fctzung, Verst\u00e4ndnis und Akzeptanz \u00f6ffnen. Unser Team hat \u00fcber die Auswirkungen des sichtbaren Engagements f\u00fcr LGBTQ+ durch das Netzwerk und unsere integrativen Richtlinien berichtet.<\/p>\n\n\n\n<p>Patrick erz\u00e4hlte:<em><strong> <\/strong><\/em><\/p>\n\n\n<figure class=\"wp-block-image size-large is-resized\"><img decoding=\"async\" class=\"alignleft lazyload\" style=\"--smush-placeholder-width: 30px; --smush-placeholder-aspect-ratio: 30\/25;border-radius: 0px; width: 30px;\" data-src=\"https:\/\/www.res-group.com\/wp-content\/themes\/res\/img\/resources-single\/quote.png\" alt=\"Quote\" width=\"30\" height=\"25\" src=\"data:image\/svg+xml;base64,PHN2ZyB3aWR0aD0iMSIgaGVpZ2h0PSIxIiB4bWxucz0iaHR0cDovL3d3dy53My5vcmcvMjAwMC9zdmciPjwvc3ZnPg==\" \/><\/figure>\n\n\n<p style=\"font-size:1.67em\"><strong><em>\u201cAls ich bei RES anfing, war ich erleichtert, von RiSE zu h\u00f6ren. Die Tatsache, dass es eine solche Gruppe gibt, hat mir Mut gemacht, mich am Arbeitsplatz zu outen, ohne Angst vor negativen Konsequenzen zu haben. Sich an einem neuen Arbeitsplatz zu outen, kann eine stressige Erfahrung sein. Die Sichtbarkeit von RiSE hat dazu beigetragen, den Stress, der mit diesem Prozess verbunden ist, etwas zu lindern<\/em><\/strong>&#8220;<\/p>\n\n\n\n<p>Auf Nachfrage teilten viele mit, dass RES der erste Ort war, an dem sie sich wirklich wohl genug f\u00fchlten, um bei der Arbeit authentisch zu sein.<\/p>\n\n\n\n<p>Ein anderes Mitglied des Netzwerks kommentierte:<\/p>\n\n\n<figure class=\"wp-block-image size-large is-resized\"><img decoding=\"async\" class=\"alignleft lazyload\" style=\"--smush-placeholder-width: 30px; --smush-placeholder-aspect-ratio: 30\/25;border-radius: 0px; width: 30px;\" data-src=\"https:\/\/www.res-group.com\/wp-content\/themes\/res\/img\/resources-single\/quote.png\" alt=\"Quote\" width=\"30\" height=\"25\" src=\"data:image\/svg+xml;base64,PHN2ZyB3aWR0aD0iMSIgaGVpZ2h0PSIxIiB4bWxucz0iaHR0cDovL3d3dy53My5vcmcvMjAwMC9zdmciPjwvc3ZnPg==\" \/><\/figure>\n\n\n<p class=\"has-text-align-left\" style=\"font-size:1.67em\"><strong><em>\u201cDas ist das erste Mal in meinem Arbeitsleben, dass ich mich unterst\u00fctzt und ermutigt f\u00fchle, bei der Arbeit ganz ich selbst zu sein. Mein &#8216;Schwulsein&#8217; ist ein Teil von mir, den ich nicht zur Schau stelle, aber ich scheue mich nicht, ich selbst zu sein. Die Kultur von RES bejaht und unterst\u00fctzt meine Individualit\u00e4t.\u201d<\/em><\/strong><\/p>\n\n\n\n<h2 class=\"wp-block-heading\"><strong>Symbolik ist wichtig: \u00c4nderung unseres Logos f\u00fcr Pride<\/strong><\/h2>\n\n\n\n<p>In einer Welt, in der Sichtbarkeit und Repr\u00e4sentation von gro\u00dfer Bedeutung sind, wird die \u00c4nderung unseres Firmenlogos zur Feier des Pride Month zu einem starken Zeichen der Solidarit\u00e4t und Unterst\u00fctzung f\u00fcr die LGBTQ+-Gemeinschaft. <\/p>\n\n\n\n<p>Als wir das Netzwerk fragten, was die \u00c4nderung des RES-Logos f\u00fcr sie bedeutet, teilten viele mit, dass es sich um mehr als nur &nbsp;<\/p>\n\n\n<figure class=\"wp-block-image size-large is-resized\"><img decoding=\"async\" class=\"alignleft lazyload\" style=\"--smush-placeholder-width: 30px; --smush-placeholder-aspect-ratio: 30\/25;border-radius: 0px; width: 30px;\" data-src=\"https:\/\/www.res-group.com\/wp-content\/themes\/res\/img\/resources-single\/quote.png\" alt=\"Quote\" width=\"30\" height=\"25\" src=\"data:image\/svg+xml;base64,PHN2ZyB3aWR0aD0iMSIgaGVpZ2h0PSIxIiB4bWxucz0iaHR0cDovL3d3dy53My5vcmcvMjAwMC9zdmciPjwvc3ZnPg==\" \/><\/figure>\n\n\n<blockquote class=\"wp-block-quote is-layout-flow wp-block-quote-is-layout-flow\">\n<p class=\"has-text-align-left\" style=\"font-size:1.67em\"><strong><em>Mein Arbeitsleben wird durch das Wissen bereichert, dass wir aktiv f\u00fcr eine Kultur der Vielfalt und Integration sorgen. Ich habe sehr viel von dem Netzwerk gelernt, was meine F\u00e4higkeiten als Manager, Kollege, Freund und Elternteil verbessert hat\u201d<\/em><\/strong><\/p>\n<cite>bemerkte Patrick dazu<\/cite><\/blockquote>\n\n\n\n<p class=\"has-text-align-left\">Sabrina reflektierte dies:<\/p>\n\n\n<figure class=\"wp-block-image size-large is-resized\"><img decoding=\"async\" class=\"alignleft lazyload\" style=\"--smush-placeholder-width: 30px; --smush-placeholder-aspect-ratio: 30\/25;border-radius: 0px; width: 30px;\" data-src=\"https:\/\/www.res-group.com\/wp-content\/themes\/res\/img\/resources-single\/quote.png\" alt=\"Quote\" width=\"30\" height=\"25\" src=\"data:image\/svg+xml;base64,PHN2ZyB3aWR0aD0iMSIgaGVpZ2h0PSIxIiB4bWxucz0iaHR0cDovL3d3dy53My5vcmcvMjAwMC9zdmciPjwvc3ZnPg==\" \/><\/figure>\n\n\n<p class=\"has-text-align-left\" style=\"font-size:1.67em\"><em><strong>Jetzt, wo ich bei RES arbeite und die Kultur hier erlebt habe, kann ich es als ein Aush\u00e4ngeschild f\u00fcr Offenheit f\u00fcr Mitarbeiter bezeichnen, die sich an ihrem Arbeitsplatz wohlf\u00fchlen und wissen, dass es in diesem Unternehmen Raum gibt, sich mitzuteilen und geh\u00f6rt zu werden<\/strong>.<\/em><\/p>\n\n\n\n<p>Wir sind stolz auf die positiven Fortschritte, die wir in den letzten Jahren gemacht haben. Dennoch gibt es noch mehr zu tun, da neue Generationen in die Arbeitswelt eintreten und sich die Bed\u00fcrfnisse unserer Kollegen weiterentwickeln.<\/p>\n\n\n\n<p>Ethan sagte dazu:<\/p>\n\n\n<figure class=\"wp-block-image size-large is-resized\"><img decoding=\"async\" class=\"alignleft lazyload\" style=\"--smush-placeholder-width: 30px; --smush-placeholder-aspect-ratio: 30\/25;border-radius: 0px; width: 30px;\" data-src=\"https:\/\/www.res-group.com\/wp-content\/themes\/res\/img\/resources-single\/quote.png\" alt=\"Quote\" width=\"30\" height=\"25\" src=\"data:image\/svg+xml;base64,PHN2ZyB3aWR0aD0iMSIgaGVpZ2h0PSIxIiB4bWxucz0iaHR0cDovL3d3dy53My5vcmcvMjAwMC9zdmciPjwvc3ZnPg==\" \/><\/figure>\n\n\n<p class=\"has-text-align-left\" style=\"font-size:1.67em\"><em><strong>Ich bin stolz, wenn sich Mitglieder der LGBTQ+-Gemeinschaft melden, um zu sagen, wie willkommen sie sich bei RES f\u00fchlen. Viele haben uns schon gesagt, dass dies das erste Unternehmen ist, in dem sie sich am Arbeitsplatz geoutet haben. Vor ein paar Wochen teilte uns ein Kollege mit: \u2018Ich bin seit fast einem Jahr bei RES und der Kontrast, wie RES unsere Gemeinschaft unterst\u00fctzt, ist bemerkenswert. Das ist der Grund, warum wir tun, was wir tun.<\/strong><\/em><\/p>\n","protected":false},"excerpt":{"rendered":"<p>Jedes Jahr zeigen Unternehmen auf der ganzen Welt ihre Anerkennung f\u00fcr die Pride-Bewegung. Die Realit\u00e4t sieht jedoch so aus, dass unsere LGBTQ+-Gemeinschaft mehr erwartet als eine Anerkennung einmal pro Jahr. Sie wollen einen echten Wandel herbeif\u00fchren, und zwar dort, wo ein solcher Wandel n\u00f6tig ist. Untersuchungen der UCLA haben ergeben,&#8230;<\/p>\n","protected":false},"author":1,"featured_media":18132,"comment_status":"open","ping_status":"open","sticky":false,"template":"","format":"standard","meta":{"_acf_changed":false,"footnotes":""},"categories":[322],"tags":[],"region":[],"content_type":[303],"class_list":["post-25992","post","type-post","status-publish","format-standard","has-post-thumbnail","hentry","category-people-de","content_type-blog-de"],"acf":[],"yoast_head":"<!-- This site is optimized with the Yoast SEO Premium plugin v27.2 (Yoast SEO v27.2) - https:\/\/yoast.com\/product\/yoast-seo-premium-wordpress\/ -->\n<title>RiSE f\u00fcr PRIDE - RES<\/title>\n<meta name=\"robots\" content=\"index, follow, max-snippet:-1, max-image-preview:large, max-video-preview:-1\" \/>\n<link rel=\"canonical\" href=\"https:\/\/www.res-group.com\/de\/resources\/blog\/rise-up-for-pride\/\" \/>\n<meta property=\"og:locale\" content=\"de_DE\" \/>\n<meta property=\"og:type\" content=\"article\" \/>\n<meta property=\"og:title\" content=\"RiSE f\u00fcr PRIDE\" \/>\n<meta property=\"og:description\" content=\"Jedes Jahr zeigen Unternehmen auf der ganzen Welt ihre Anerkennung f\u00fcr die Pride-Bewegung. Die Realit\u00e4t sieht jedoch so aus, dass unsere LGBTQ+-Gemeinschaft mehr erwartet als eine Anerkennung einmal pro Jahr. Sie wollen einen echten Wandel herbeif\u00fchren, und zwar dort, wo ein solcher Wandel n\u00f6tig ist. Untersuchungen der UCLA haben ergeben,...\" \/>\n<meta property=\"og:url\" content=\"https:\/\/www.res-group.com\/de\/resources\/blog\/rise-up-for-pride\/\" \/>\n<meta property=\"og:site_name\" content=\"RES\" \/>\n<meta property=\"article:published_time\" content=\"2024-06-07T14:23:18+00:00\" \/>\n<meta property=\"article:modified_time\" content=\"2024-06-12T12:46:36+00:00\" \/>\n<meta property=\"og:image\" content=\"https:\/\/www.res-group.com\/wp-content\/uploads\/2023\/08\/pride.jpg\" \/>\n\t<meta property=\"og:image:width\" content=\"1362\" \/>\n\t<meta property=\"og:image:height\" content=\"900\" \/>\n\t<meta property=\"og:image:type\" content=\"image\/jpeg\" \/>\n<meta name=\"author\" content=\"RES\" \/>\n<meta name=\"twitter:card\" content=\"summary_large_image\" \/>\n<meta name=\"twitter:creator\" content=\"@RESGroup\" \/>\n<meta name=\"twitter:site\" content=\"@RESGroup\" \/>\n<meta name=\"twitter:label1\" content=\"Verfasst von\" \/>\n\t<meta name=\"twitter:data1\" content=\"RES\" \/>\n\t<meta name=\"twitter:label2\" content=\"Gesch\u00e4tzte Lesezeit\" \/>\n\t<meta name=\"twitter:data2\" content=\"8\u00a0Minuten\" \/>\n<script type=\"application\/ld+json\" class=\"yoast-schema-graph\">{\"@context\":\"https:\/\/schema.org\",\"@graph\":[{\"@type\":\"Article\",\"@id\":\"https:\/\/www.res-group.com\/de\/resources\/blog\/rise-up-for-pride\/#article\",\"isPartOf\":{\"@id\":\"https:\/\/www.res-group.com\/de\/resources\/blog\/rise-up-for-pride\/\"},\"author\":{\"name\":\"RES\",\"@id\":\"https:\/\/www.res-group.com\/de\/#\/schema\/person\/e4578b8414d75c1237c6dae6f38318a2\"},\"headline\":\"RiSE f\u00fcr PRIDE\",\"datePublished\":\"2024-06-07T14:23:18+00:00\",\"dateModified\":\"2024-06-12T12:46:36+00:00\",\"mainEntityOfPage\":{\"@id\":\"https:\/\/www.res-group.com\/de\/resources\/blog\/rise-up-for-pride\/\"},\"wordCount\":1343,\"commentCount\":0,\"publisher\":{\"@id\":\"https:\/\/www.res-group.com\/de\/#organization\"},\"image\":{\"@id\":\"https:\/\/www.res-group.com\/de\/resources\/blog\/rise-up-for-pride\/#primaryimage\"},\"thumbnailUrl\":\"https:\/\/www.res-group.com\/wp-content\/uploads\/2023\/08\/pride.jpg\",\"articleSection\":[\"People\"],\"inLanguage\":\"de\",\"potentialAction\":[{\"@type\":\"CommentAction\",\"name\":\"Comment\",\"target\":[\"https:\/\/www.res-group.com\/de\/resources\/blog\/rise-up-for-pride\/#respond\"]}]},{\"@type\":\"WebPage\",\"@id\":\"https:\/\/www.res-group.com\/de\/resources\/blog\/rise-up-for-pride\/\",\"url\":\"https:\/\/www.res-group.com\/de\/resources\/blog\/rise-up-for-pride\/\",\"name\":\"RiSE f\u00fcr PRIDE - RES\",\"isPartOf\":{\"@id\":\"https:\/\/www.res-group.com\/de\/#website\"},\"primaryImageOfPage\":{\"@id\":\"https:\/\/www.res-group.com\/de\/resources\/blog\/rise-up-for-pride\/#primaryimage\"},\"image\":{\"@id\":\"https:\/\/www.res-group.com\/de\/resources\/blog\/rise-up-for-pride\/#primaryimage\"},\"thumbnailUrl\":\"https:\/\/www.res-group.com\/wp-content\/uploads\/2023\/08\/pride.jpg\",\"datePublished\":\"2024-06-07T14:23:18+00:00\",\"dateModified\":\"2024-06-12T12:46:36+00:00\",\"breadcrumb\":{\"@id\":\"https:\/\/www.res-group.com\/de\/resources\/blog\/rise-up-for-pride\/#breadcrumb\"},\"inLanguage\":\"de\",\"potentialAction\":[{\"@type\":\"ReadAction\",\"target\":[\"https:\/\/www.res-group.com\/de\/resources\/blog\/rise-up-for-pride\/\"]}]},{\"@type\":\"ImageObject\",\"inLanguage\":\"de\",\"@id\":\"https:\/\/www.res-group.com\/de\/resources\/blog\/rise-up-for-pride\/#primaryimage\",\"url\":\"https:\/\/www.res-group.com\/wp-content\/uploads\/2023\/08\/pride.jpg\",\"contentUrl\":\"https:\/\/www.res-group.com\/wp-content\/uploads\/2023\/08\/pride.jpg\",\"width\":1362,\"height\":900,\"caption\":\"RES supports PRIDE and diversity\"},{\"@type\":\"BreadcrumbList\",\"@id\":\"https:\/\/www.res-group.com\/de\/resources\/blog\/rise-up-for-pride\/#breadcrumb\",\"itemListElement\":[{\"@type\":\"ListItem\",\"position\":1,\"name\":\"In\u00edcio\",\"item\":\"https:\/\/www.res-group.com\/de\/\"},{\"@type\":\"ListItem\",\"position\":2,\"name\":\"RiSE f\u00fcr PRIDE\"}]},{\"@type\":\"WebSite\",\"@id\":\"https:\/\/www.res-group.com\/de\/#website\",\"url\":\"https:\/\/www.res-group.com\/de\/\",\"name\":\"res-group.com\",\"description\":\"The power behind a clean energy future\",\"publisher\":{\"@id\":\"https:\/\/www.res-group.com\/de\/#organization\"},\"potentialAction\":[{\"@type\":\"SearchAction\",\"target\":{\"@type\":\"EntryPoint\",\"urlTemplate\":\"https:\/\/www.res-group.com\/de\/?s={search_term_string}\"},\"query-input\":{\"@type\":\"PropertyValueSpecification\",\"valueRequired\":true,\"valueName\":\"search_term_string\"}}],\"inLanguage\":\"de\"},{\"@type\":\"Organization\",\"@id\":\"https:\/\/www.res-group.com\/de\/#organization\",\"name\":\"RES\",\"url\":\"https:\/\/www.res-group.com\/de\/\",\"logo\":{\"@type\":\"ImageObject\",\"inLanguage\":\"de\",\"@id\":\"https:\/\/www.res-group.com\/de\/#\/schema\/logo\/image\/\",\"url\":\"https:\/\/www.res-group.com\/wp-content\/uploads\/2023\/05\/header-logo.svg\",\"contentUrl\":\"https:\/\/www.res-group.com\/wp-content\/uploads\/2023\/05\/header-logo.svg\",\"width\":82.634,\"height\":38,\"caption\":\"RES\"},\"image\":{\"@id\":\"https:\/\/www.res-group.com\/de\/#\/schema\/logo\/image\/\"},\"sameAs\":[\"https:\/\/x.com\/RESGroup\",\"https:\/\/www.instagram.com\/res_powerforgood\",\"https:\/\/www.linkedin.com\/company\/res-group\/\",\"https:\/\/vimeo.com\/resgroup\"]},{\"@type\":\"Person\",\"@id\":\"https:\/\/www.res-group.com\/de\/#\/schema\/person\/e4578b8414d75c1237c6dae6f38318a2\",\"name\":\"RES\",\"image\":{\"@type\":\"ImageObject\",\"inLanguage\":\"de\",\"@id\":\"https:\/\/secure.gravatar.com\/avatar\/053fca53b00a810e8929097a40153a54ea325f90ee6ae9b45eb23c7a467d8d65?s=96&d=mm&r=g\",\"url\":\"https:\/\/secure.gravatar.com\/avatar\/053fca53b00a810e8929097a40153a54ea325f90ee6ae9b45eb23c7a467d8d65?s=96&d=mm&r=g\",\"contentUrl\":\"https:\/\/secure.gravatar.com\/avatar\/053fca53b00a810e8929097a40153a54ea325f90ee6ae9b45eb23c7a467d8d65?s=96&d=mm&r=g\",\"caption\":\"RES\"},\"sameAs\":[\"http:\/\/res\"],\"url\":\"https:\/\/www.res-group.com\/de\/author\/manageruser\/\"}]}<\/script>\n<!-- \/ Yoast SEO Premium plugin. -->","yoast_head_json":{"title":"RiSE f\u00fcr PRIDE - RES","robots":{"index":"index","follow":"follow","max-snippet":"max-snippet:-1","max-image-preview":"max-image-preview:large","max-video-preview":"max-video-preview:-1"},"canonical":"https:\/\/www.res-group.com\/de\/resources\/blog\/rise-up-for-pride\/","og_locale":"de_DE","og_type":"article","og_title":"RiSE f\u00fcr PRIDE","og_description":"Jedes Jahr zeigen Unternehmen auf der ganzen Welt ihre Anerkennung f\u00fcr die Pride-Bewegung. Die Realit\u00e4t sieht jedoch so aus, dass unsere LGBTQ+-Gemeinschaft mehr erwartet als eine Anerkennung einmal pro Jahr. Sie wollen einen echten Wandel herbeif\u00fchren, und zwar dort, wo ein solcher Wandel n\u00f6tig ist. Untersuchungen der UCLA haben ergeben,...","og_url":"https:\/\/www.res-group.com\/de\/resources\/blog\/rise-up-for-pride\/","og_site_name":"RES","article_published_time":"2024-06-07T14:23:18+00:00","article_modified_time":"2024-06-12T12:46:36+00:00","og_image":[{"width":1362,"height":900,"url":"https:\/\/www.res-group.com\/wp-content\/uploads\/2023\/08\/pride.jpg","type":"image\/jpeg"}],"author":"RES","twitter_card":"summary_large_image","twitter_creator":"@RESGroup","twitter_site":"@RESGroup","twitter_misc":{"Verfasst von":"RES","Gesch\u00e4tzte Lesezeit":"8\u00a0Minuten"},"schema":{"@context":"https:\/\/schema.org","@graph":[{"@type":"Article","@id":"https:\/\/www.res-group.com\/de\/resources\/blog\/rise-up-for-pride\/#article","isPartOf":{"@id":"https:\/\/www.res-group.com\/de\/resources\/blog\/rise-up-for-pride\/"},"author":{"name":"RES","@id":"https:\/\/www.res-group.com\/de\/#\/schema\/person\/e4578b8414d75c1237c6dae6f38318a2"},"headline":"RiSE f\u00fcr PRIDE","datePublished":"2024-06-07T14:23:18+00:00","dateModified":"2024-06-12T12:46:36+00:00","mainEntityOfPage":{"@id":"https:\/\/www.res-group.com\/de\/resources\/blog\/rise-up-for-pride\/"},"wordCount":1343,"commentCount":0,"publisher":{"@id":"https:\/\/www.res-group.com\/de\/#organization"},"image":{"@id":"https:\/\/www.res-group.com\/de\/resources\/blog\/rise-up-for-pride\/#primaryimage"},"thumbnailUrl":"https:\/\/www.res-group.com\/wp-content\/uploads\/2023\/08\/pride.jpg","articleSection":["People"],"inLanguage":"de","potentialAction":[{"@type":"CommentAction","name":"Comment","target":["https:\/\/www.res-group.com\/de\/resources\/blog\/rise-up-for-pride\/#respond"]}]},{"@type":"WebPage","@id":"https:\/\/www.res-group.com\/de\/resources\/blog\/rise-up-for-pride\/","url":"https:\/\/www.res-group.com\/de\/resources\/blog\/rise-up-for-pride\/","name":"RiSE f\u00fcr PRIDE - RES","isPartOf":{"@id":"https:\/\/www.res-group.com\/de\/#website"},"primaryImageOfPage":{"@id":"https:\/\/www.res-group.com\/de\/resources\/blog\/rise-up-for-pride\/#primaryimage"},"image":{"@id":"https:\/\/www.res-group.com\/de\/resources\/blog\/rise-up-for-pride\/#primaryimage"},"thumbnailUrl":"https:\/\/www.res-group.com\/wp-content\/uploads\/2023\/08\/pride.jpg","datePublished":"2024-06-07T14:23:18+00:00","dateModified":"2024-06-12T12:46:36+00:00","breadcrumb":{"@id":"https:\/\/www.res-group.com\/de\/resources\/blog\/rise-up-for-pride\/#breadcrumb"},"inLanguage":"de","potentialAction":[{"@type":"ReadAction","target":["https:\/\/www.res-group.com\/de\/resources\/blog\/rise-up-for-pride\/"]}]},{"@type":"ImageObject","inLanguage":"de","@id":"https:\/\/www.res-group.com\/de\/resources\/blog\/rise-up-for-pride\/#primaryimage","url":"https:\/\/www.res-group.com\/wp-content\/uploads\/2023\/08\/pride.jpg","contentUrl":"https:\/\/www.res-group.com\/wp-content\/uploads\/2023\/08\/pride.jpg","width":1362,"height":900,"caption":"RES supports PRIDE and diversity"},{"@type":"BreadcrumbList","@id":"https:\/\/www.res-group.com\/de\/resources\/blog\/rise-up-for-pride\/#breadcrumb","itemListElement":[{"@type":"ListItem","position":1,"name":"In\u00edcio","item":"https:\/\/www.res-group.com\/de\/"},{"@type":"ListItem","position":2,"name":"RiSE f\u00fcr PRIDE"}]},{"@type":"WebSite","@id":"https:\/\/www.res-group.com\/de\/#website","url":"https:\/\/www.res-group.com\/de\/","name":"res-group.com","description":"The power behind a clean energy future","publisher":{"@id":"https:\/\/www.res-group.com\/de\/#organization"},"potentialAction":[{"@type":"SearchAction","target":{"@type":"EntryPoint","urlTemplate":"https:\/\/www.res-group.com\/de\/?s={search_term_string}"},"query-input":{"@type":"PropertyValueSpecification","valueRequired":true,"valueName":"search_term_string"}}],"inLanguage":"de"},{"@type":"Organization","@id":"https:\/\/www.res-group.com\/de\/#organization","name":"RES","url":"https:\/\/www.res-group.com\/de\/","logo":{"@type":"ImageObject","inLanguage":"de","@id":"https:\/\/www.res-group.com\/de\/#\/schema\/logo\/image\/","url":"https:\/\/www.res-group.com\/wp-content\/uploads\/2023\/05\/header-logo.svg","contentUrl":"https:\/\/www.res-group.com\/wp-content\/uploads\/2023\/05\/header-logo.svg","width":82.634,"height":38,"caption":"RES"},"image":{"@id":"https:\/\/www.res-group.com\/de\/#\/schema\/logo\/image\/"},"sameAs":["https:\/\/x.com\/RESGroup","https:\/\/www.instagram.com\/res_powerforgood","https:\/\/www.linkedin.com\/company\/res-group\/","https:\/\/vimeo.com\/resgroup"]},{"@type":"Person","@id":"https:\/\/www.res-group.com\/de\/#\/schema\/person\/e4578b8414d75c1237c6dae6f38318a2","name":"RES","image":{"@type":"ImageObject","inLanguage":"de","@id":"https:\/\/secure.gravatar.com\/avatar\/053fca53b00a810e8929097a40153a54ea325f90ee6ae9b45eb23c7a467d8d65?s=96&d=mm&r=g","url":"https:\/\/secure.gravatar.com\/avatar\/053fca53b00a810e8929097a40153a54ea325f90ee6ae9b45eb23c7a467d8d65?s=96&d=mm&r=g","contentUrl":"https:\/\/secure.gravatar.com\/avatar\/053fca53b00a810e8929097a40153a54ea325f90ee6ae9b45eb23c7a467d8d65?s=96&d=mm&r=g","caption":"RES"},"sameAs":["http:\/\/res"],"url":"https:\/\/www.res-group.com\/de\/author\/manageruser\/"}]}},"_links":{"self":[{"href":"https:\/\/www.res-group.com\/de\/wp-json\/wp\/v2\/posts\/25992","targetHints":{"allow":["GET"]}}],"collection":[{"href":"https:\/\/www.res-group.com\/de\/wp-json\/wp\/v2\/posts"}],"about":[{"href":"https:\/\/www.res-group.com\/de\/wp-json\/wp\/v2\/types\/post"}],"author":[{"embeddable":true,"href":"https:\/\/www.res-group.com\/de\/wp-json\/wp\/v2\/users\/1"}],"replies":[{"embeddable":true,"href":"https:\/\/www.res-group.com\/de\/wp-json\/wp\/v2\/comments?post=25992"}],"version-history":[{"count":0,"href":"https:\/\/www.res-group.com\/de\/wp-json\/wp\/v2\/posts\/25992\/revisions"}],"wp:featuredmedia":[{"embeddable":true,"href":"https:\/\/www.res-group.com\/de\/wp-json\/wp\/v2\/media\/18132"}],"wp:attachment":[{"href":"https:\/\/www.res-group.com\/de\/wp-json\/wp\/v2\/media?parent=25992"}],"wp:term":[{"taxonomy":"category","embeddable":true,"href":"https:\/\/www.res-group.com\/de\/wp-json\/wp\/v2\/categories?post=25992"},{"taxonomy":"post_tag","embeddable":true,"href":"https:\/\/www.res-group.com\/de\/wp-json\/wp\/v2\/tags?post=25992"},{"taxonomy":"region","embeddable":true,"href":"https:\/\/www.res-group.com\/de\/wp-json\/wp\/v2\/region?post=25992"},{"taxonomy":"content_type","embeddable":true,"href":"https:\/\/www.res-group.com\/de\/wp-json\/wp\/v2\/content_type?post=25992"}],"curies":[{"name":"wp","href":"https:\/\/api.w.org\/{rel}","templated":true}]}}