{"id":25926,"date":"2024-06-04T16:55:51","date_gmt":"2024-06-04T15:55:51","guid":{"rendered":"https:\/\/www.res-group.com\/?p=25926"},"modified":"2024-06-05T09:56:18","modified_gmt":"2024-06-05T08:56:18","slug":"veranstaltungshinweis-buergerinformation-zum-geplanten-solarpark-im-buergerhaus-froebersgruen-am-17-juni","status":"publish","type":"post","link":"https:\/\/www.res-group.com\/de\/resources\/blog-de\/veranstaltungshinweis-burgerinformation-zum-geplanten-solarpark-im-burgerhaus-frobersgrun-am-17-juni\/","title":{"rendered":"Veranstaltungshinweis: B\u00fcrgerinformation zum geplanten Solarpark im B\u00fcrgerhaus Fr\u00f6bersgr\u00fcn am 17. Juni"},"content":{"rendered":"\n<p class=\"has-medium-font-size\"><strong>Projektierer RES beantwortet Fragen zur geplanten Photovoltaik-Freifl\u00e4chenanlage<\/strong><\/p>\n\n\n\n<p>In der Gemeinde Rosenbach \u00f6stlich des Ortsteils Fr\u00f6bersgr\u00fcn soll ein neuer Solarpark entstehen. Der Projektierer, das Erneuerbare-Energien-Unternehmen RES, plant dazu am 17. Juni eine \u00f6ffentliche B\u00fcrgerinformationsveranstaltung in Form eines Infomarktes. \u201eWir m\u00f6chten aktiv mit den B\u00fcrgerinnen und B\u00fcrgern ins Gespr\u00e4ch kommen und ihre Fragen umfassend beantworten. Die Informationsveranstaltung ist eine ideale Plattform, um alle Interessierten direkt einzubinden und Transparenz zu schaffen\u201c, erl\u00e4utert Michel Z\u00f6rb, Projektleiter bei RES, der das Vorhaben vorstellen wird. Die Veranstaltung findet am 17. Juni von 18:00 Uhr bis 20:30 Uhr im B\u00fcrgerhaus in Fr\u00f6bersgr\u00fcn statt.<\/p>\n\n\n\n<p>Anfang April 2024 hat der Gemeinderat Rosenbach mit gro\u00dfer Mehrheit die Aufstellung der Bebauungspl\u00e4ne f\u00fcr eine insgesamt 27 Hektar gro\u00dfe Photovoltaik-Freifl\u00e4chenanlage beschlossen. Der Bau soll auf zwei benachbarten Teilgebieten von 11 und 16 Hektar \u00f6stlich des Ortsteils Fr\u00f6bersgr\u00fcn erfolgen. Die \u00c4cker sind von geringerer Bodenqualit\u00e4t als der Durchschnitt in der Gemeinde Rosenbach und aufgrund der Hangneigung schwieriger zu bewirtschaften. Die Photovoltaik-Module bedecken zuk\u00fcnftig nur rund 60 Prozent der Fl\u00e4che. Ein erheblicher Anteil des Solarparks wird zur Wiese, die sich nat\u00fcrlich entwickeln darf. Sie wird nicht ged\u00fcngt und zum Schutz der Tiere sp\u00e4t geschnitten. RES plant in Fr\u00f6bersgr\u00fcn Sonnenenergie mit einer Leistung von rund 26 Megawatt zu ernten. Damit k\u00f6nnten rund 3.900 Personen ihren Stromverbrauch mit klimaneutralem Strom decken. Der Solarpark tr\u00e4gt dazu bei, dass j\u00e4hrlich etwa 16.000 Tonnen Kohlendioxid weniger in die Atmosph\u00e4re gelangen.<\/p>\n\n\n\n<p><strong>So werden die Anwohnenden eingebunden<\/strong><br>RES bindet B\u00fcrgerinnen und B\u00fcrger vor Ort fr\u00fchzeitig in die Planung ein. Daf\u00fcr findet am 17. Juni eine erste Veranstaltung statt. Interessierte erhalten dort \u00fcber verschiedene Plakate Einblicke in das Projekt, k\u00f6nnen ihre Fragen an RES stellen und Anregungen geben. Eine Anmeldung zur Teilnahme ist nicht erforderlich. Auf einer Projektwebsite k\u00f6nnen sich B\u00fcrgerinnen und B\u00fcrger ab dem Herbst 2024 \u00fcber den Planungsstand informieren. Details zu den formellen Beteiligungsrunden im Projekt erscheinen auch \u00fcber die Bekanntmachungen der Gemeinde.<\/p>\n\n\n\n<p><strong>Mehrwerte f\u00fcr Kommune und Anwohnende<\/strong><br>\u00dcber die Kommunalbeteiligung aus dem Erneuerbare-Energien-Gesetz und dem s\u00e4chsischen Beteiligungsgesetz werden Gelder aus dem Solarpark an die Gemeinde Rosenbach flie\u00dfen. Die Gemeinde ist dazu verpflichtet, einen Teil dieser Mittel f\u00fcr den Ortsteil Fr\u00f6bersgr\u00fcn zu verwenden. Das schafft finanziellen Spielraum f\u00fcr Projekte, die allen zugutekommen, wie beispielsweise Spielpl\u00e4tze oder die F\u00f6rderung des Vereinslebens. Zudem erh\u00e4lt die Gemeinde Rosenbach 90 Prozent der Gewerbesteuereinnahmen.<\/p>\n\n\n\n<p><strong>Lokale Wertsch\u00f6pfung und Beteiligungsmodelle<\/strong><br>Weitere Optionen einer B\u00fcrgerbeteiligung: die Gr\u00fcndung einer B\u00fcrgerenergiegenossenschaft als Betreiber der Anlage und die Einf\u00fchrung eines B\u00fcrgerstromtarifs. \u201eJe nach lokalem Interesse k\u00f6nnen wir unterschiedliche Modelle mit den Anwohnerinnen und Anwohnern entwickeln, sodass alle von dem Solarpark profitieren k\u00f6nnen,\u201c erkl\u00e4rt der Projektleiter Michel Z\u00f6rb. Roland Philipps, Abteilungsleiter Solar bei RES, erg\u00e4nzt: \u201eDer Solarpark hat viele Vorteile. Er tr\u00e4gt zur Energiesicherheit und zum Umweltschutz bei und schafft Auftr\u00e4ge f\u00fcr Unternehmen in der Region. So erh\u00f6hen wir die lokale Wertsch\u00f6pfung.\u201c<\/p>\n\n\n\n<p><strong>So soll es mit dem Projekt weitergehen<\/strong><br>Im n\u00e4chsten Schritt erfolgt die Erstellung der Umweltgutachten und es wird ein konkreter Planentwurf erarbeitet. Hierf\u00fcr sollen auch die R\u00fcckmeldungen aus der Veranstaltung am 17. Juni ber\u00fccksichtigt werden. Im Herbst wird dann ein formales Beteiligungsverfahren eingeleitet, bei dem die B\u00fcrgerinnen und B\u00fcrger erneut ihre Punkte einbringen k\u00f6nnen. Der Abstimmungstermin f\u00fcr den endg\u00fcltigen Satzungsbeschluss ist im dritten Quartal 2025 vorgesehen. Bei positivem Beschluss k\u00f6nnte der Solarpark im Sommer 2027 fertiggestellt werden.<\/p>\n\n\n\n<p><strong>Solarpark mit Siegel f\u00fcr den Naturschutz<\/strong><br>Etwa 40 Prozent der Gesamtfl\u00e4che wird nicht mit Modulen \u00fcberbaut. Vorhandene Fl\u00e4chen mit B\u00e4umen, Waldst\u00fccken oder Biotopen l\u00e4sst RES wegen ihres wichtigen Beitrags zum Umweltschutz unber\u00fchrt. Das Anlagenkonzept folgt den Kriterien des Siegels \u201eGute Planung\u201c des Bundesverbands neue Energiewirtschaft (bne). RES verpflichtet sich damit freiwillig zu Standards, die \u00fcber die gesetzlichen Vorgaben hinausgehen. Ein Beispiel: Die Artenvielfalt innerhalb der Freifl\u00e4chen-Photovoltaikanlage soll gesteigert werden. RES wird in den Planungen die Einsaat einer extensiven Wiese innerhalb des Solarparks vorsehen, die dann durch Schafbeweidung gepflegt werden kann. So werden neue Lebensr\u00e4ume f\u00fcr existierende und bedrohte Arten in der Agrarlandschaft geschaffen, die in den vergangenen Jahren immer seltener geworden sind.<\/p>\n\n\n\n<p>F\u00fcr den Solarpark ist voraussichtlich kein Betonfundament n\u00f6tig. Die Verankerungen f\u00fcr die Modultische werden in den Boden gerammt. Die Vorteile: die Fl\u00e4che wird nicht versiegelt; die Pf\u00e4hle sind vollst\u00e4ndig r\u00fcckbaubar. Die Fl\u00e4che steht nach der Nutzung zur Ernte von Sonnenenergie wieder der Landwirtschaft zur Verf\u00fcgung. Der Solarpark wird mit einer Hecke eingegr\u00fcnt und soll nach seiner Fertigstellung von Schafen beweidet werden.<\/p>\n\n\n\n<p><strong>Nachhaltige Standortauswahl<\/strong><br>\u201eDie Wertigkeit der Fl\u00e4chen f\u00fcr Bodenschutz, Landwirtschaft und Natur sind f\u00fcr uns wichtige Kriterien bei der Standortauswahl f\u00fcr Solarparks. Insgesamt wird der Solarpark mit 27 Hektar nur 0,7 Prozent der insgesamt 3.663 Hektar umfassenden landwirtschaftlichen Fl\u00e4che in der Gemeinde Rosenbach beanspruchen,\u201c erl\u00e4utert Michel Z\u00f6rb und sagt weiter: \u201eSolarparks leisten gerade auf Fl\u00e4chen, die schwieriger zu bewirtschaften sind, einen doppelten Beitrag zum Umweltschutz. Durch den Verzicht auf Pestizide und Kunstd\u00fcnger k\u00f6nnen sich die B\u00f6den erholen.\u201c Auch der Gesetzgeber hat dies erkannt. Die S\u00e4chsische Staatsregierung hat am 31. August 2021 die Photovoltaik-Freifl\u00e4chenverordnung (PVFVO) beschlossen, die Solarparks auf landwirtschaftlich benachteiligten Fl\u00e4chen f\u00f6rdert. Das Ziel: \u201eKlimaschutz durch Photovoltaik auf mehr Freifl\u00e4chen\u201c. Um eine sparsame Inanspruchnahme landwirtschaftlicher Fl\u00e4chen zu gew\u00e4hrleisten, gibt es eine Zuschlagsgrenze f\u00fcr die Gesamtleistung pro Anlage und in Summe pro Jahr in ganz Sachsen.<\/p>\n\n\n\n<p>Hinweise f\u00fcr die Redaktionen:<\/p>\n\n\n\n<p><strong>\u00dcber RES<\/strong><br>RES ist das weltweit gr\u00f6\u00dfte unabh\u00e4ngige Unternehmen f\u00fcr erneuerbare Energien, das in 24 L\u00e4ndern in den Bereichen Windkraft, Solarenergie, Energiespeicherung, Biomasse, Wasserkraft, gr\u00fcner Wasserstoff, \u00dcbertragung und Verteilung t\u00e4tig ist. Mit \u00fcber 40 Jahren Erfahrung hat RES als Innovator der Branche mehr als 24 GW an Projekten f\u00fcr erneuerbare Energien auf der ganzen Welt realisiert und plant, in den n\u00e4chsten f\u00fcnf Jahren mehr als 22 GW an neuen Kapazit\u00e4ten ans Netz zu bringen.<\/p>\n\n\n\n<p>Als Dienstleistungsanbieter verf\u00fcgt RES \u00fcber die Kompetenz und Erfahrung in den Bereichen Anlagenmanagement, Betrieb und Wartung (O&amp;M) sowie \u00fcber Ersatzteile und unterst\u00fctzt 41 GW an erneuerbaren Anlagen an 1.300 Standorten. RES bietet dem Markt eine Reihe von zweckm\u00e4\u00dfigen, praktischen, technologiebasierten Produkten und digitale L\u00f6sungen, die darauf ausgelegt sind, Investitionen und den Einsatz erneuerbarer Energien zu maximieren.<\/p>\n\n\n\n<p>RES ist die treibende Kraft hinter einer sauberen Energiezukunft, in der jeder Zugang zu erschwinglicher kohlenstofffreier Energie hat. RES vereint globale Erfahrung, Leidenschaft und die Innovationskraft seiner 4.500 Mitarbeiter, um die Art und Weise, wie Energie erzeugt, gespeichert und geliefert wird, zu ver\u00e4ndern. Besuchen Sie: <a href=\"http:\/\/www.res-group.com\">www.res-group.com<\/a><\/p>\n\n\n\n<p><strong>PRESSEKONTAKT: &nbsp;&nbsp;&nbsp;&nbsp;&nbsp;&nbsp;&nbsp;&nbsp;<\/strong><\/p>\n\n\n\n<p><strong>RES <\/strong><br>Kim Karcher<br>Marketing &amp; Communications Manager<br>T +49 152 52379041<br>kim.karcher@res-group.com<br>www.res-group.com<\/p>\n\n\n\n<p>PRESSEFOTO:<\/p>\n\n\n\n<p>In der Gemeinde Rosenbach (Ortsteil Fr\u00f6bersgr\u00fcn) im Vogtland ist ein neuer Solarpark geplant (Visualisierung Teilgebiet 1). Bildquelle: RES\/Lenn\u00e93D<\/p>\n","protected":false},"excerpt":{"rendered":"<p>Projektierer RES beantwortet Fragen zur geplanten Photovoltaik-Freifl\u00e4chenanlage In der Gemeinde Rosenbach \u00f6stlich des Ortsteils Fr\u00f6bersgr\u00fcn soll ein neuer Solarpark entstehen. Der Projektierer, das Erneuerbare-Energien-Unternehmen RES, plant dazu am 17. Juni eine \u00f6ffentliche B\u00fcrgerinformationsveranstaltung in Form eines Infomarktes. \u201eWir m\u00f6chten aktiv mit den B\u00fcrgerinnen und B\u00fcrgern ins Gespr\u00e4ch kommen und ihre&#8230;<\/p>\n","protected":false},"author":1,"featured_media":25931,"comment_status":"closed","ping_status":"open","sticky":false,"template":"","format":"standard","meta":{"_acf_changed":true,"footnotes":""},"categories":[260,261],"tags":[],"region":[],"content_type":[235],"class_list":["post-25926","post","type-post","status-publish","format-standard","has-post-thumbnail","hentry","category-projektentwicklung","category-solar-2-de","content_type-news-de"],"acf":[],"yoast_head":"<!-- This site is optimized with the Yoast SEO Premium plugin v27.2 (Yoast SEO v27.2) - https:\/\/yoast.com\/product\/yoast-seo-premium-wordpress\/ -->\n<title>Veranstaltungshinweis: B\u00fcrgerinformation zum geplanten Solarpark im B\u00fcrgerhaus Fr\u00f6bersgr\u00fcn am 17. Juni - RES<\/title>\n<meta name=\"robots\" content=\"index, follow, max-snippet:-1, max-image-preview:large, max-video-preview:-1\" \/>\n<link rel=\"canonical\" href=\"https:\/\/www.res-group.com\/de\/resources\/blog-de\/veranstaltungshinweis-burgerinformation-zum-geplanten-solarpark-im-burgerhaus-frobersgrun-am-17-juni\/\" \/>\n<meta property=\"og:locale\" content=\"de_DE\" \/>\n<meta property=\"og:type\" content=\"article\" \/>\n<meta property=\"og:title\" content=\"Veranstaltungshinweis: B\u00fcrgerinformation zum geplanten Solarpark im B\u00fcrgerhaus Fr\u00f6bersgr\u00fcn am 17. Juni\" \/>\n<meta property=\"og:description\" content=\"Projektierer RES beantwortet Fragen zur geplanten Photovoltaik-Freifl\u00e4chenanlage In der Gemeinde Rosenbach \u00f6stlich des Ortsteils Fr\u00f6bersgr\u00fcn soll ein neuer Solarpark entstehen. Der Projektierer, das Erneuerbare-Energien-Unternehmen RES, plant dazu am 17. Juni eine \u00f6ffentliche B\u00fcrgerinformationsveranstaltung in Form eines Infomarktes. \u201eWir m\u00f6chten aktiv mit den B\u00fcrgerinnen und B\u00fcrgern ins Gespr\u00e4ch kommen und ihre...\" \/>\n<meta property=\"og:url\" content=\"https:\/\/www.res-group.com\/de\/resources\/blog-de\/veranstaltungshinweis-burgerinformation-zum-geplanten-solarpark-im-burgerhaus-frobersgrun-am-17-juni\/\" \/>\n<meta property=\"og:site_name\" content=\"RES\" \/>\n<meta property=\"article:published_time\" content=\"2024-06-04T15:55:51+00:00\" \/>\n<meta property=\"article:modified_time\" content=\"2024-06-05T08:56:18+00:00\" \/>\n<meta property=\"og:image\" content=\"https:\/\/www.res-group.com\/wp-content\/uploads\/2024\/06\/de1.jpg\" \/>\n\t<meta property=\"og:image:width\" content=\"2000\" \/>\n\t<meta property=\"og:image:height\" content=\"1500\" \/>\n\t<meta property=\"og:image:type\" content=\"image\/jpeg\" \/>\n<meta name=\"author\" content=\"RES\" \/>\n<meta name=\"twitter:card\" content=\"summary_large_image\" \/>\n<meta name=\"twitter:creator\" content=\"@RESGroup\" \/>\n<meta name=\"twitter:site\" content=\"@RESGroup\" \/>\n<meta name=\"twitter:label1\" content=\"Verfasst von\" \/>\n\t<meta name=\"twitter:data1\" content=\"RES\" \/>\n\t<meta name=\"twitter:label2\" content=\"Gesch\u00e4tzte Lesezeit\" \/>\n\t<meta name=\"twitter:data2\" content=\"5\u00a0Minuten\" \/>\n<script type=\"application\/ld+json\" class=\"yoast-schema-graph\">{\"@context\":\"https:\/\/schema.org\",\"@graph\":[{\"@type\":\"Article\",\"@id\":\"https:\/\/www.res-group.com\/de\/resources\/blog-de\/veranstaltungshinweis-burgerinformation-zum-geplanten-solarpark-im-burgerhaus-frobersgrun-am-17-juni\/#article\",\"isPartOf\":{\"@id\":\"https:\/\/www.res-group.com\/de\/resources\/blog-de\/veranstaltungshinweis-burgerinformation-zum-geplanten-solarpark-im-burgerhaus-frobersgrun-am-17-juni\/\"},\"author\":{\"name\":\"RES\",\"@id\":\"https:\/\/www.res-group.com\/de\/#\/schema\/person\/e4578b8414d75c1237c6dae6f38318a2\"},\"headline\":\"Veranstaltungshinweis: B\u00fcrgerinformation zum geplanten Solarpark im B\u00fcrgerhaus Fr\u00f6bersgr\u00fcn am 17. Juni\",\"datePublished\":\"2024-06-04T15:55:51+00:00\",\"dateModified\":\"2024-06-05T08:56:18+00:00\",\"mainEntityOfPage\":{\"@id\":\"https:\/\/www.res-group.com\/de\/resources\/blog-de\/veranstaltungshinweis-burgerinformation-zum-geplanten-solarpark-im-burgerhaus-frobersgrun-am-17-juni\/\"},\"wordCount\":1184,\"publisher\":{\"@id\":\"https:\/\/www.res-group.com\/de\/#organization\"},\"image\":{\"@id\":\"https:\/\/www.res-group.com\/de\/resources\/blog-de\/veranstaltungshinweis-burgerinformation-zum-geplanten-solarpark-im-burgerhaus-frobersgrun-am-17-juni\/#primaryimage\"},\"thumbnailUrl\":\"https:\/\/www.res-group.com\/wp-content\/uploads\/2024\/06\/de1.jpg\",\"articleSection\":[\"Projektentwicklung\",\"Solar\"],\"inLanguage\":\"de\"},{\"@type\":\"WebPage\",\"@id\":\"https:\/\/www.res-group.com\/de\/resources\/blog-de\/veranstaltungshinweis-burgerinformation-zum-geplanten-solarpark-im-burgerhaus-frobersgrun-am-17-juni\/\",\"url\":\"https:\/\/www.res-group.com\/de\/resources\/blog-de\/veranstaltungshinweis-burgerinformation-zum-geplanten-solarpark-im-burgerhaus-frobersgrun-am-17-juni\/\",\"name\":\"Veranstaltungshinweis: B\u00fcrgerinformation zum geplanten Solarpark im B\u00fcrgerhaus Fr\u00f6bersgr\u00fcn am 17. Juni - RES\",\"isPartOf\":{\"@id\":\"https:\/\/www.res-group.com\/de\/#website\"},\"primaryImageOfPage\":{\"@id\":\"https:\/\/www.res-group.com\/de\/resources\/blog-de\/veranstaltungshinweis-burgerinformation-zum-geplanten-solarpark-im-burgerhaus-frobersgrun-am-17-juni\/#primaryimage\"},\"image\":{\"@id\":\"https:\/\/www.res-group.com\/de\/resources\/blog-de\/veranstaltungshinweis-burgerinformation-zum-geplanten-solarpark-im-burgerhaus-frobersgrun-am-17-juni\/#primaryimage\"},\"thumbnailUrl\":\"https:\/\/www.res-group.com\/wp-content\/uploads\/2024\/06\/de1.jpg\",\"datePublished\":\"2024-06-04T15:55:51+00:00\",\"dateModified\":\"2024-06-05T08:56:18+00:00\",\"breadcrumb\":{\"@id\":\"https:\/\/www.res-group.com\/de\/resources\/blog-de\/veranstaltungshinweis-burgerinformation-zum-geplanten-solarpark-im-burgerhaus-frobersgrun-am-17-juni\/#breadcrumb\"},\"inLanguage\":\"de\",\"potentialAction\":[{\"@type\":\"ReadAction\",\"target\":[\"https:\/\/www.res-group.com\/de\/resources\/blog-de\/veranstaltungshinweis-burgerinformation-zum-geplanten-solarpark-im-burgerhaus-frobersgrun-am-17-juni\/\"]}]},{\"@type\":\"ImageObject\",\"inLanguage\":\"de\",\"@id\":\"https:\/\/www.res-group.com\/de\/resources\/blog-de\/veranstaltungshinweis-burgerinformation-zum-geplanten-solarpark-im-burgerhaus-frobersgrun-am-17-juni\/#primaryimage\",\"url\":\"https:\/\/www.res-group.com\/wp-content\/uploads\/2024\/06\/de1.jpg\",\"contentUrl\":\"https:\/\/www.res-group.com\/wp-content\/uploads\/2024\/06\/de1.jpg\",\"width\":2000,\"height\":1500},{\"@type\":\"BreadcrumbList\",\"@id\":\"https:\/\/www.res-group.com\/de\/resources\/blog-de\/veranstaltungshinweis-burgerinformation-zum-geplanten-solarpark-im-burgerhaus-frobersgrun-am-17-juni\/#breadcrumb\",\"itemListElement\":[{\"@type\":\"ListItem\",\"position\":1,\"name\":\"In\u00edcio\",\"item\":\"https:\/\/www.res-group.com\/de\/\"},{\"@type\":\"ListItem\",\"position\":2,\"name\":\"Veranstaltungshinweis: B\u00fcrgerinformation zum geplanten Solarpark im B\u00fcrgerhaus Fr\u00f6bersgr\u00fcn am 17. Juni\"}]},{\"@type\":\"WebSite\",\"@id\":\"https:\/\/www.res-group.com\/de\/#website\",\"url\":\"https:\/\/www.res-group.com\/de\/\",\"name\":\"res-group.com\",\"description\":\"The power behind a clean energy future\",\"publisher\":{\"@id\":\"https:\/\/www.res-group.com\/de\/#organization\"},\"potentialAction\":[{\"@type\":\"SearchAction\",\"target\":{\"@type\":\"EntryPoint\",\"urlTemplate\":\"https:\/\/www.res-group.com\/de\/?s={search_term_string}\"},\"query-input\":{\"@type\":\"PropertyValueSpecification\",\"valueRequired\":true,\"valueName\":\"search_term_string\"}}],\"inLanguage\":\"de\"},{\"@type\":\"Organization\",\"@id\":\"https:\/\/www.res-group.com\/de\/#organization\",\"name\":\"RES\",\"url\":\"https:\/\/www.res-group.com\/de\/\",\"logo\":{\"@type\":\"ImageObject\",\"inLanguage\":\"de\",\"@id\":\"https:\/\/www.res-group.com\/de\/#\/schema\/logo\/image\/\",\"url\":\"https:\/\/www.res-group.com\/wp-content\/uploads\/2023\/05\/header-logo.svg\",\"contentUrl\":\"https:\/\/www.res-group.com\/wp-content\/uploads\/2023\/05\/header-logo.svg\",\"width\":82.634,\"height\":38,\"caption\":\"RES\"},\"image\":{\"@id\":\"https:\/\/www.res-group.com\/de\/#\/schema\/logo\/image\/\"},\"sameAs\":[\"https:\/\/x.com\/RESGroup\",\"https:\/\/www.instagram.com\/res_powerforgood\",\"https:\/\/www.linkedin.com\/company\/res-group\/\",\"https:\/\/vimeo.com\/resgroup\"]},{\"@type\":\"Person\",\"@id\":\"https:\/\/www.res-group.com\/de\/#\/schema\/person\/e4578b8414d75c1237c6dae6f38318a2\",\"name\":\"RES\",\"image\":{\"@type\":\"ImageObject\",\"inLanguage\":\"de\",\"@id\":\"https:\/\/secure.gravatar.com\/avatar\/053fca53b00a810e8929097a40153a54ea325f90ee6ae9b45eb23c7a467d8d65?s=96&d=mm&r=g\",\"url\":\"https:\/\/secure.gravatar.com\/avatar\/053fca53b00a810e8929097a40153a54ea325f90ee6ae9b45eb23c7a467d8d65?s=96&d=mm&r=g\",\"contentUrl\":\"https:\/\/secure.gravatar.com\/avatar\/053fca53b00a810e8929097a40153a54ea325f90ee6ae9b45eb23c7a467d8d65?s=96&d=mm&r=g\",\"caption\":\"RES\"},\"sameAs\":[\"http:\/\/res\"],\"url\":\"https:\/\/www.res-group.com\/de\/author\/manageruser\/\"}]}<\/script>\n<!-- \/ Yoast SEO Premium plugin. -->","yoast_head_json":{"title":"Veranstaltungshinweis: B\u00fcrgerinformation zum geplanten Solarpark im B\u00fcrgerhaus Fr\u00f6bersgr\u00fcn am 17. Juni - RES","robots":{"index":"index","follow":"follow","max-snippet":"max-snippet:-1","max-image-preview":"max-image-preview:large","max-video-preview":"max-video-preview:-1"},"canonical":"https:\/\/www.res-group.com\/de\/resources\/blog-de\/veranstaltungshinweis-burgerinformation-zum-geplanten-solarpark-im-burgerhaus-frobersgrun-am-17-juni\/","og_locale":"de_DE","og_type":"article","og_title":"Veranstaltungshinweis: B\u00fcrgerinformation zum geplanten Solarpark im B\u00fcrgerhaus Fr\u00f6bersgr\u00fcn am 17. Juni","og_description":"Projektierer RES beantwortet Fragen zur geplanten Photovoltaik-Freifl\u00e4chenanlage In der Gemeinde Rosenbach \u00f6stlich des Ortsteils Fr\u00f6bersgr\u00fcn soll ein neuer Solarpark entstehen. Der Projektierer, das Erneuerbare-Energien-Unternehmen RES, plant dazu am 17. Juni eine \u00f6ffentliche B\u00fcrgerinformationsveranstaltung in Form eines Infomarktes. \u201eWir m\u00f6chten aktiv mit den B\u00fcrgerinnen und B\u00fcrgern ins Gespr\u00e4ch kommen und ihre...","og_url":"https:\/\/www.res-group.com\/de\/resources\/blog-de\/veranstaltungshinweis-burgerinformation-zum-geplanten-solarpark-im-burgerhaus-frobersgrun-am-17-juni\/","og_site_name":"RES","article_published_time":"2024-06-04T15:55:51+00:00","article_modified_time":"2024-06-05T08:56:18+00:00","og_image":[{"width":2000,"height":1500,"url":"https:\/\/www.res-group.com\/wp-content\/uploads\/2024\/06\/de1.jpg","type":"image\/jpeg"}],"author":"RES","twitter_card":"summary_large_image","twitter_creator":"@RESGroup","twitter_site":"@RESGroup","twitter_misc":{"Verfasst von":"RES","Gesch\u00e4tzte Lesezeit":"5\u00a0Minuten"},"schema":{"@context":"https:\/\/schema.org","@graph":[{"@type":"Article","@id":"https:\/\/www.res-group.com\/de\/resources\/blog-de\/veranstaltungshinweis-burgerinformation-zum-geplanten-solarpark-im-burgerhaus-frobersgrun-am-17-juni\/#article","isPartOf":{"@id":"https:\/\/www.res-group.com\/de\/resources\/blog-de\/veranstaltungshinweis-burgerinformation-zum-geplanten-solarpark-im-burgerhaus-frobersgrun-am-17-juni\/"},"author":{"name":"RES","@id":"https:\/\/www.res-group.com\/de\/#\/schema\/person\/e4578b8414d75c1237c6dae6f38318a2"},"headline":"Veranstaltungshinweis: B\u00fcrgerinformation zum geplanten Solarpark im B\u00fcrgerhaus Fr\u00f6bersgr\u00fcn am 17. Juni","datePublished":"2024-06-04T15:55:51+00:00","dateModified":"2024-06-05T08:56:18+00:00","mainEntityOfPage":{"@id":"https:\/\/www.res-group.com\/de\/resources\/blog-de\/veranstaltungshinweis-burgerinformation-zum-geplanten-solarpark-im-burgerhaus-frobersgrun-am-17-juni\/"},"wordCount":1184,"publisher":{"@id":"https:\/\/www.res-group.com\/de\/#organization"},"image":{"@id":"https:\/\/www.res-group.com\/de\/resources\/blog-de\/veranstaltungshinweis-burgerinformation-zum-geplanten-solarpark-im-burgerhaus-frobersgrun-am-17-juni\/#primaryimage"},"thumbnailUrl":"https:\/\/www.res-group.com\/wp-content\/uploads\/2024\/06\/de1.jpg","articleSection":["Projektentwicklung","Solar"],"inLanguage":"de"},{"@type":"WebPage","@id":"https:\/\/www.res-group.com\/de\/resources\/blog-de\/veranstaltungshinweis-burgerinformation-zum-geplanten-solarpark-im-burgerhaus-frobersgrun-am-17-juni\/","url":"https:\/\/www.res-group.com\/de\/resources\/blog-de\/veranstaltungshinweis-burgerinformation-zum-geplanten-solarpark-im-burgerhaus-frobersgrun-am-17-juni\/","name":"Veranstaltungshinweis: B\u00fcrgerinformation zum geplanten Solarpark im B\u00fcrgerhaus Fr\u00f6bersgr\u00fcn am 17. Juni - RES","isPartOf":{"@id":"https:\/\/www.res-group.com\/de\/#website"},"primaryImageOfPage":{"@id":"https:\/\/www.res-group.com\/de\/resources\/blog-de\/veranstaltungshinweis-burgerinformation-zum-geplanten-solarpark-im-burgerhaus-frobersgrun-am-17-juni\/#primaryimage"},"image":{"@id":"https:\/\/www.res-group.com\/de\/resources\/blog-de\/veranstaltungshinweis-burgerinformation-zum-geplanten-solarpark-im-burgerhaus-frobersgrun-am-17-juni\/#primaryimage"},"thumbnailUrl":"https:\/\/www.res-group.com\/wp-content\/uploads\/2024\/06\/de1.jpg","datePublished":"2024-06-04T15:55:51+00:00","dateModified":"2024-06-05T08:56:18+00:00","breadcrumb":{"@id":"https:\/\/www.res-group.com\/de\/resources\/blog-de\/veranstaltungshinweis-burgerinformation-zum-geplanten-solarpark-im-burgerhaus-frobersgrun-am-17-juni\/#breadcrumb"},"inLanguage":"de","potentialAction":[{"@type":"ReadAction","target":["https:\/\/www.res-group.com\/de\/resources\/blog-de\/veranstaltungshinweis-burgerinformation-zum-geplanten-solarpark-im-burgerhaus-frobersgrun-am-17-juni\/"]}]},{"@type":"ImageObject","inLanguage":"de","@id":"https:\/\/www.res-group.com\/de\/resources\/blog-de\/veranstaltungshinweis-burgerinformation-zum-geplanten-solarpark-im-burgerhaus-frobersgrun-am-17-juni\/#primaryimage","url":"https:\/\/www.res-group.com\/wp-content\/uploads\/2024\/06\/de1.jpg","contentUrl":"https:\/\/www.res-group.com\/wp-content\/uploads\/2024\/06\/de1.jpg","width":2000,"height":1500},{"@type":"BreadcrumbList","@id":"https:\/\/www.res-group.com\/de\/resources\/blog-de\/veranstaltungshinweis-burgerinformation-zum-geplanten-solarpark-im-burgerhaus-frobersgrun-am-17-juni\/#breadcrumb","itemListElement":[{"@type":"ListItem","position":1,"name":"In\u00edcio","item":"https:\/\/www.res-group.com\/de\/"},{"@type":"ListItem","position":2,"name":"Veranstaltungshinweis: B\u00fcrgerinformation zum geplanten Solarpark im B\u00fcrgerhaus Fr\u00f6bersgr\u00fcn am 17. Juni"}]},{"@type":"WebSite","@id":"https:\/\/www.res-group.com\/de\/#website","url":"https:\/\/www.res-group.com\/de\/","name":"res-group.com","description":"The power behind a clean energy future","publisher":{"@id":"https:\/\/www.res-group.com\/de\/#organization"},"potentialAction":[{"@type":"SearchAction","target":{"@type":"EntryPoint","urlTemplate":"https:\/\/www.res-group.com\/de\/?s={search_term_string}"},"query-input":{"@type":"PropertyValueSpecification","valueRequired":true,"valueName":"search_term_string"}}],"inLanguage":"de"},{"@type":"Organization","@id":"https:\/\/www.res-group.com\/de\/#organization","name":"RES","url":"https:\/\/www.res-group.com\/de\/","logo":{"@type":"ImageObject","inLanguage":"de","@id":"https:\/\/www.res-group.com\/de\/#\/schema\/logo\/image\/","url":"https:\/\/www.res-group.com\/wp-content\/uploads\/2023\/05\/header-logo.svg","contentUrl":"https:\/\/www.res-group.com\/wp-content\/uploads\/2023\/05\/header-logo.svg","width":82.634,"height":38,"caption":"RES"},"image":{"@id":"https:\/\/www.res-group.com\/de\/#\/schema\/logo\/image\/"},"sameAs":["https:\/\/x.com\/RESGroup","https:\/\/www.instagram.com\/res_powerforgood","https:\/\/www.linkedin.com\/company\/res-group\/","https:\/\/vimeo.com\/resgroup"]},{"@type":"Person","@id":"https:\/\/www.res-group.com\/de\/#\/schema\/person\/e4578b8414d75c1237c6dae6f38318a2","name":"RES","image":{"@type":"ImageObject","inLanguage":"de","@id":"https:\/\/secure.gravatar.com\/avatar\/053fca53b00a810e8929097a40153a54ea325f90ee6ae9b45eb23c7a467d8d65?s=96&d=mm&r=g","url":"https:\/\/secure.gravatar.com\/avatar\/053fca53b00a810e8929097a40153a54ea325f90ee6ae9b45eb23c7a467d8d65?s=96&d=mm&r=g","contentUrl":"https:\/\/secure.gravatar.com\/avatar\/053fca53b00a810e8929097a40153a54ea325f90ee6ae9b45eb23c7a467d8d65?s=96&d=mm&r=g","caption":"RES"},"sameAs":["http:\/\/res"],"url":"https:\/\/www.res-group.com\/de\/author\/manageruser\/"}]}},"_links":{"self":[{"href":"https:\/\/www.res-group.com\/de\/wp-json\/wp\/v2\/posts\/25926","targetHints":{"allow":["GET"]}}],"collection":[{"href":"https:\/\/www.res-group.com\/de\/wp-json\/wp\/v2\/posts"}],"about":[{"href":"https:\/\/www.res-group.com\/de\/wp-json\/wp\/v2\/types\/post"}],"author":[{"embeddable":true,"href":"https:\/\/www.res-group.com\/de\/wp-json\/wp\/v2\/users\/1"}],"replies":[{"embeddable":true,"href":"https:\/\/www.res-group.com\/de\/wp-json\/wp\/v2\/comments?post=25926"}],"version-history":[{"count":0,"href":"https:\/\/www.res-group.com\/de\/wp-json\/wp\/v2\/posts\/25926\/revisions"}],"wp:featuredmedia":[{"embeddable":true,"href":"https:\/\/www.res-group.com\/de\/wp-json\/wp\/v2\/media\/25931"}],"wp:attachment":[{"href":"https:\/\/www.res-group.com\/de\/wp-json\/wp\/v2\/media?parent=25926"}],"wp:term":[{"taxonomy":"category","embeddable":true,"href":"https:\/\/www.res-group.com\/de\/wp-json\/wp\/v2\/categories?post=25926"},{"taxonomy":"post_tag","embeddable":true,"href":"https:\/\/www.res-group.com\/de\/wp-json\/wp\/v2\/tags?post=25926"},{"taxonomy":"region","embeddable":true,"href":"https:\/\/www.res-group.com\/de\/wp-json\/wp\/v2\/region?post=25926"},{"taxonomy":"content_type","embeddable":true,"href":"https:\/\/www.res-group.com\/de\/wp-json\/wp\/v2\/content_type?post=25926"}],"curies":[{"name":"wp","href":"https:\/\/api.w.org\/{rel}","templated":true}]}}