{"id":25447,"date":"2024-03-20T14:44:02","date_gmt":"2024-03-20T14:44:02","guid":{"rendered":"https:\/\/www.res-group.com\/?p=25447"},"modified":"2024-03-20T14:44:05","modified_gmt":"2024-03-20T14:44:05","slug":"neuer-abteilungsleiter-fuer-den-solarbereich-bei-res-in-deutschland","status":"publish","type":"post","link":"https:\/\/www.res-group.com\/de\/resources\/news-de\/neuer-abteilungsleiter-fuer-den-solarbereich-bei-res-in-deutschland\/","title":{"rendered":"Neuer Abteilungsleiter f\u00fcr den Solarbereich bei RES in Deutschland"},"content":{"rendered":"\n<p>RES hat seit dem 01. M\u00e4rz 2024 mit Roland Philipps einen neuen Abteilungsleiter f\u00fcr den Bereich Solar in Deutschland. Der 36-j\u00e4hrige studierte Wirtschaftsingenieur bringt umfangreiche Erfahrungen im Aufbau neuer Gesch\u00e4ftsfelder und im Projektmanagement mit. Diese Expertise hat er in verschiedenen leitenden Positionen unter Beweis gestellt, zuletzt bei der Ladegr\u00fcn! eG, wo er auch als Gr\u00fcndungsvorstand wirkte. Philipps ist bei RES kein Unbekannter. Bereits von 2015 bis 2018 war er bei der RES-Tochtergesellschaft Windkraft Schonach GmbH Projektleiter im Bereich Windenergie.<\/p>\n\n\n\n<p>Gerhard Kienzler, Gesch\u00e4ftsf\u00fchrer von RES in Deutschland, betont die Bedeutung der Neubesetzung: \u201eRoland Philipps besitzt die F\u00e4higkeit vision\u00e4re Ziele mit umsetzbaren L\u00f6sungen zu verbinden. Er bringt ein tiefes Verst\u00e4ndnis f\u00fcr die Energiem\u00e4rkte mit und ist bestens mit unserer Unternehmensstruktur vertraut.&nbsp; Unser gemeinsames Ziel ist es, die Energiewende voranzutreiben und gleichzeitig eine f\u00fcr alle bezahlbare Energiezukunft zu verwirklichen.\u201c<\/p>\n\n\n\n<p>Der neue Abteilungsleiter Roland Philipps \u00fcber seine kommenden Aufgaben: \u201eRES ist in Deutschland ein wichtiger Partner der Energiewende und Vorreiter bei vielen Energieprojekten. Gleichzeitig ist das Unternehmen ein internationaler Player mit \u00fcber 40 Jahren Erfahrung bei Entwicklung, Bau und Betrieb regenerativer Energiel\u00f6sungen.&nbsp;Diese internationale Expertise gepaart mit regionaler Bodenst\u00e4ndigkeit ist besonders reizvoll und erfolgsversprechend. Gemeinsam wollen wir weiter allen Interessensgruppen unsere Kenntnisse des Energiemarktes zur Verf\u00fcgung stellen und als regionaler Ansprechpartner in einem vertrauensvollen Verh\u00e4ltnis zu allen Akteuren auftreten.\u201c<\/p>\n\n\n\n<p>Philipps Aufgaben umfassen die Leitung der Abteilung Solar f\u00fcr Projektentwicklung und Akquise. Gemeinsam mit seinem Team entwickelt er neue Gesch\u00e4ftsfelder. Zudem baut er Beziehungen zu Partnern und Stakeholdern in der Energiebranche auf und intensiviert bestehende Kontakte. Zuletzt hat sich RES in Deutschland in der Planung, Projektierung und Bau von Freifl\u00e4chen-Photovoltaikanlagen etabliert. Aber auch innovative Speicherl\u00f6sungen und digitale Dienstleistungen stehen auf Philipps Agenda.<\/p>\n\n\n\n<p><\/p>\n","protected":false},"excerpt":{"rendered":"<p>RES hat seit dem 01. M\u00e4rz 2024 mit Roland Philipps einen neuen Abteilungsleiter f\u00fcr den Bereich Solar in Deutschland. Der 36-j\u00e4hrige studierte Wirtschaftsingenieur bringt umfangreiche Erfahrungen im Aufbau neuer Gesch\u00e4ftsfelder und im Projektmanagement mit. Diese Expertise hat er in verschiedenen leitenden Positionen unter Beweis gestellt, zuletzt bei der Ladegr\u00fcn! eG,&#8230;<\/p>\n","protected":false},"author":1,"featured_media":25448,"comment_status":"open","ping_status":"open","sticky":false,"template":"","format":"standard","meta":{"_acf_changed":true,"footnotes":""},"categories":[261],"tags":[],"region":[262],"content_type":[235],"class_list":["post-25447","post","type-post","status-publish","format-standard","has-post-thumbnail","hentry","category-solar-2-de","region-germany-de","content_type-news-de"],"acf":[],"yoast_head":"<!-- This site is optimized with the Yoast SEO Premium plugin v27.2 (Yoast SEO v27.2) - https:\/\/yoast.com\/product\/yoast-seo-premium-wordpress\/ -->\n<title>Neuer Abteilungsleiter f\u00fcr den Solarbereich bei RES in Deutschland - RES<\/title>\n<meta name=\"robots\" content=\"index, follow, max-snippet:-1, max-image-preview:large, max-video-preview:-1\" \/>\n<link rel=\"canonical\" href=\"https:\/\/www.res-group.com\/de\/resources\/news-de\/neuer-abteilungsleiter-fuer-den-solarbereich-bei-res-in-deutschland\/\" \/>\n<meta property=\"og:locale\" content=\"de_DE\" \/>\n<meta property=\"og:type\" content=\"article\" \/>\n<meta property=\"og:title\" content=\"Neuer Abteilungsleiter f\u00fcr den Solarbereich bei RES in Deutschland\" \/>\n<meta property=\"og:description\" content=\"RES hat seit dem 01. M\u00e4rz 2024 mit Roland Philipps einen neuen Abteilungsleiter f\u00fcr den Bereich Solar in Deutschland. Der 36-j\u00e4hrige studierte Wirtschaftsingenieur bringt umfangreiche Erfahrungen im Aufbau neuer Gesch\u00e4ftsfelder und im Projektmanagement mit. Diese Expertise hat er in verschiedenen leitenden Positionen unter Beweis gestellt, zuletzt bei der Ladegr\u00fcn! eG,...\" \/>\n<meta property=\"og:url\" content=\"https:\/\/www.res-group.com\/de\/resources\/news-de\/neuer-abteilungsleiter-fuer-den-solarbereich-bei-res-in-deutschland\/\" \/>\n<meta property=\"og:site_name\" content=\"RES\" \/>\n<meta property=\"article:published_time\" content=\"2024-03-20T14:44:02+00:00\" \/>\n<meta property=\"article:modified_time\" content=\"2024-03-20T14:44:05+00:00\" \/>\n<meta property=\"og:image\" content=\"https:\/\/www.res-group.com\/wp-content\/uploads\/2024\/03\/Roland_Phillips.jpg\" \/>\n\t<meta property=\"og:image:width\" content=\"1000\" \/>\n\t<meta property=\"og:image:height\" content=\"750\" \/>\n\t<meta property=\"og:image:type\" content=\"image\/jpeg\" \/>\n<meta name=\"author\" content=\"RES\" \/>\n<meta name=\"twitter:card\" content=\"summary_large_image\" \/>\n<meta name=\"twitter:creator\" content=\"@RESGroup\" \/>\n<meta name=\"twitter:site\" content=\"@RESGroup\" \/>\n<meta name=\"twitter:label1\" content=\"Verfasst von\" \/>\n\t<meta name=\"twitter:data1\" content=\"RES\" \/>\n\t<meta name=\"twitter:label2\" content=\"Gesch\u00e4tzte Lesezeit\" \/>\n\t<meta name=\"twitter:data2\" content=\"2\u00a0Minuten\" \/>\n<script type=\"application\/ld+json\" class=\"yoast-schema-graph\">{\"@context\":\"https:\/\/schema.org\",\"@graph\":[{\"@type\":\"Article\",\"@id\":\"https:\/\/www.res-group.com\/de\/resources\/news-de\/neuer-abteilungsleiter-fuer-den-solarbereich-bei-res-in-deutschland\/#article\",\"isPartOf\":{\"@id\":\"https:\/\/www.res-group.com\/de\/resources\/news-de\/neuer-abteilungsleiter-fuer-den-solarbereich-bei-res-in-deutschland\/\"},\"author\":{\"name\":\"RES\",\"@id\":\"https:\/\/www.res-group.com\/de\/#\/schema\/person\/e4578b8414d75c1237c6dae6f38318a2\"},\"headline\":\"Neuer Abteilungsleiter f\u00fcr den Solarbereich bei RES in Deutschland\",\"datePublished\":\"2024-03-20T14:44:02+00:00\",\"dateModified\":\"2024-03-20T14:44:05+00:00\",\"mainEntityOfPage\":{\"@id\":\"https:\/\/www.res-group.com\/de\/resources\/news-de\/neuer-abteilungsleiter-fuer-den-solarbereich-bei-res-in-deutschland\/\"},\"wordCount\":307,\"commentCount\":0,\"publisher\":{\"@id\":\"https:\/\/www.res-group.com\/de\/#organization\"},\"image\":{\"@id\":\"https:\/\/www.res-group.com\/de\/resources\/news-de\/neuer-abteilungsleiter-fuer-den-solarbereich-bei-res-in-deutschland\/#primaryimage\"},\"thumbnailUrl\":\"https:\/\/www.res-group.com\/wp-content\/uploads\/2024\/03\/Roland_Phillips.jpg\",\"articleSection\":[\"Solar\"],\"inLanguage\":\"de\",\"potentialAction\":[{\"@type\":\"CommentAction\",\"name\":\"Comment\",\"target\":[\"https:\/\/www.res-group.com\/de\/resources\/news-de\/neuer-abteilungsleiter-fuer-den-solarbereich-bei-res-in-deutschland\/#respond\"]}]},{\"@type\":\"WebPage\",\"@id\":\"https:\/\/www.res-group.com\/de\/resources\/news-de\/neuer-abteilungsleiter-fuer-den-solarbereich-bei-res-in-deutschland\/\",\"url\":\"https:\/\/www.res-group.com\/de\/resources\/news-de\/neuer-abteilungsleiter-fuer-den-solarbereich-bei-res-in-deutschland\/\",\"name\":\"Neuer Abteilungsleiter f\u00fcr den Solarbereich bei RES in Deutschland - RES\",\"isPartOf\":{\"@id\":\"https:\/\/www.res-group.com\/de\/#website\"},\"primaryImageOfPage\":{\"@id\":\"https:\/\/www.res-group.com\/de\/resources\/news-de\/neuer-abteilungsleiter-fuer-den-solarbereich-bei-res-in-deutschland\/#primaryimage\"},\"image\":{\"@id\":\"https:\/\/www.res-group.com\/de\/resources\/news-de\/neuer-abteilungsleiter-fuer-den-solarbereich-bei-res-in-deutschland\/#primaryimage\"},\"thumbnailUrl\":\"https:\/\/www.res-group.com\/wp-content\/uploads\/2024\/03\/Roland_Phillips.jpg\",\"datePublished\":\"2024-03-20T14:44:02+00:00\",\"dateModified\":\"2024-03-20T14:44:05+00:00\",\"breadcrumb\":{\"@id\":\"https:\/\/www.res-group.com\/de\/resources\/news-de\/neuer-abteilungsleiter-fuer-den-solarbereich-bei-res-in-deutschland\/#breadcrumb\"},\"inLanguage\":\"de\",\"potentialAction\":[{\"@type\":\"ReadAction\",\"target\":[\"https:\/\/www.res-group.com\/de\/resources\/news-de\/neuer-abteilungsleiter-fuer-den-solarbereich-bei-res-in-deutschland\/\"]}]},{\"@type\":\"ImageObject\",\"inLanguage\":\"de\",\"@id\":\"https:\/\/www.res-group.com\/de\/resources\/news-de\/neuer-abteilungsleiter-fuer-den-solarbereich-bei-res-in-deutschland\/#primaryimage\",\"url\":\"https:\/\/www.res-group.com\/wp-content\/uploads\/2024\/03\/Roland_Phillips.jpg\",\"contentUrl\":\"https:\/\/www.res-group.com\/wp-content\/uploads\/2024\/03\/Roland_Phillips.jpg\",\"width\":1000,\"height\":750},{\"@type\":\"BreadcrumbList\",\"@id\":\"https:\/\/www.res-group.com\/de\/resources\/news-de\/neuer-abteilungsleiter-fuer-den-solarbereich-bei-res-in-deutschland\/#breadcrumb\",\"itemListElement\":[{\"@type\":\"ListItem\",\"position\":1,\"name\":\"In\u00edcio\",\"item\":\"https:\/\/www.res-group.com\/de\/\"},{\"@type\":\"ListItem\",\"position\":2,\"name\":\"Neuer Abteilungsleiter f\u00fcr den Solarbereich bei RES in Deutschland\"}]},{\"@type\":\"WebSite\",\"@id\":\"https:\/\/www.res-group.com\/de\/#website\",\"url\":\"https:\/\/www.res-group.com\/de\/\",\"name\":\"res-group.com\",\"description\":\"The power behind a clean energy future\",\"publisher\":{\"@id\":\"https:\/\/www.res-group.com\/de\/#organization\"},\"potentialAction\":[{\"@type\":\"SearchAction\",\"target\":{\"@type\":\"EntryPoint\",\"urlTemplate\":\"https:\/\/www.res-group.com\/de\/?s={search_term_string}\"},\"query-input\":{\"@type\":\"PropertyValueSpecification\",\"valueRequired\":true,\"valueName\":\"search_term_string\"}}],\"inLanguage\":\"de\"},{\"@type\":\"Organization\",\"@id\":\"https:\/\/www.res-group.com\/de\/#organization\",\"name\":\"RES\",\"url\":\"https:\/\/www.res-group.com\/de\/\",\"logo\":{\"@type\":\"ImageObject\",\"inLanguage\":\"de\",\"@id\":\"https:\/\/www.res-group.com\/de\/#\/schema\/logo\/image\/\",\"url\":\"https:\/\/www.res-group.com\/wp-content\/uploads\/2023\/05\/header-logo.svg\",\"contentUrl\":\"https:\/\/www.res-group.com\/wp-content\/uploads\/2023\/05\/header-logo.svg\",\"width\":82.634,\"height\":38,\"caption\":\"RES\"},\"image\":{\"@id\":\"https:\/\/www.res-group.com\/de\/#\/schema\/logo\/image\/\"},\"sameAs\":[\"https:\/\/x.com\/RESGroup\",\"https:\/\/www.instagram.com\/res_powerforgood\",\"https:\/\/www.linkedin.com\/company\/res-group\/\",\"https:\/\/vimeo.com\/resgroup\"]},{\"@type\":\"Person\",\"@id\":\"https:\/\/www.res-group.com\/de\/#\/schema\/person\/e4578b8414d75c1237c6dae6f38318a2\",\"name\":\"RES\",\"image\":{\"@type\":\"ImageObject\",\"inLanguage\":\"de\",\"@id\":\"https:\/\/secure.gravatar.com\/avatar\/053fca53b00a810e8929097a40153a54ea325f90ee6ae9b45eb23c7a467d8d65?s=96&d=mm&r=g\",\"url\":\"https:\/\/secure.gravatar.com\/avatar\/053fca53b00a810e8929097a40153a54ea325f90ee6ae9b45eb23c7a467d8d65?s=96&d=mm&r=g\",\"contentUrl\":\"https:\/\/secure.gravatar.com\/avatar\/053fca53b00a810e8929097a40153a54ea325f90ee6ae9b45eb23c7a467d8d65?s=96&d=mm&r=g\",\"caption\":\"RES\"},\"sameAs\":[\"http:\/\/res\"],\"url\":\"https:\/\/www.res-group.com\/de\/author\/manageruser\/\"}]}<\/script>\n<!-- \/ Yoast SEO Premium plugin. -->","yoast_head_json":{"title":"Neuer Abteilungsleiter f\u00fcr den Solarbereich bei RES in Deutschland - RES","robots":{"index":"index","follow":"follow","max-snippet":"max-snippet:-1","max-image-preview":"max-image-preview:large","max-video-preview":"max-video-preview:-1"},"canonical":"https:\/\/www.res-group.com\/de\/resources\/news-de\/neuer-abteilungsleiter-fuer-den-solarbereich-bei-res-in-deutschland\/","og_locale":"de_DE","og_type":"article","og_title":"Neuer Abteilungsleiter f\u00fcr den Solarbereich bei RES in Deutschland","og_description":"RES hat seit dem 01. M\u00e4rz 2024 mit Roland Philipps einen neuen Abteilungsleiter f\u00fcr den Bereich Solar in Deutschland. Der 36-j\u00e4hrige studierte Wirtschaftsingenieur bringt umfangreiche Erfahrungen im Aufbau neuer Gesch\u00e4ftsfelder und im Projektmanagement mit. Diese Expertise hat er in verschiedenen leitenden Positionen unter Beweis gestellt, zuletzt bei der Ladegr\u00fcn! eG,...","og_url":"https:\/\/www.res-group.com\/de\/resources\/news-de\/neuer-abteilungsleiter-fuer-den-solarbereich-bei-res-in-deutschland\/","og_site_name":"RES","article_published_time":"2024-03-20T14:44:02+00:00","article_modified_time":"2024-03-20T14:44:05+00:00","og_image":[{"width":1000,"height":750,"url":"https:\/\/www.res-group.com\/wp-content\/uploads\/2024\/03\/Roland_Phillips.jpg","type":"image\/jpeg"}],"author":"RES","twitter_card":"summary_large_image","twitter_creator":"@RESGroup","twitter_site":"@RESGroup","twitter_misc":{"Verfasst von":"RES","Gesch\u00e4tzte Lesezeit":"2\u00a0Minuten"},"schema":{"@context":"https:\/\/schema.org","@graph":[{"@type":"Article","@id":"https:\/\/www.res-group.com\/de\/resources\/news-de\/neuer-abteilungsleiter-fuer-den-solarbereich-bei-res-in-deutschland\/#article","isPartOf":{"@id":"https:\/\/www.res-group.com\/de\/resources\/news-de\/neuer-abteilungsleiter-fuer-den-solarbereich-bei-res-in-deutschland\/"},"author":{"name":"RES","@id":"https:\/\/www.res-group.com\/de\/#\/schema\/person\/e4578b8414d75c1237c6dae6f38318a2"},"headline":"Neuer Abteilungsleiter f\u00fcr den Solarbereich bei RES in Deutschland","datePublished":"2024-03-20T14:44:02+00:00","dateModified":"2024-03-20T14:44:05+00:00","mainEntityOfPage":{"@id":"https:\/\/www.res-group.com\/de\/resources\/news-de\/neuer-abteilungsleiter-fuer-den-solarbereich-bei-res-in-deutschland\/"},"wordCount":307,"commentCount":0,"publisher":{"@id":"https:\/\/www.res-group.com\/de\/#organization"},"image":{"@id":"https:\/\/www.res-group.com\/de\/resources\/news-de\/neuer-abteilungsleiter-fuer-den-solarbereich-bei-res-in-deutschland\/#primaryimage"},"thumbnailUrl":"https:\/\/www.res-group.com\/wp-content\/uploads\/2024\/03\/Roland_Phillips.jpg","articleSection":["Solar"],"inLanguage":"de","potentialAction":[{"@type":"CommentAction","name":"Comment","target":["https:\/\/www.res-group.com\/de\/resources\/news-de\/neuer-abteilungsleiter-fuer-den-solarbereich-bei-res-in-deutschland\/#respond"]}]},{"@type":"WebPage","@id":"https:\/\/www.res-group.com\/de\/resources\/news-de\/neuer-abteilungsleiter-fuer-den-solarbereich-bei-res-in-deutschland\/","url":"https:\/\/www.res-group.com\/de\/resources\/news-de\/neuer-abteilungsleiter-fuer-den-solarbereich-bei-res-in-deutschland\/","name":"Neuer Abteilungsleiter f\u00fcr den Solarbereich bei RES in Deutschland - RES","isPartOf":{"@id":"https:\/\/www.res-group.com\/de\/#website"},"primaryImageOfPage":{"@id":"https:\/\/www.res-group.com\/de\/resources\/news-de\/neuer-abteilungsleiter-fuer-den-solarbereich-bei-res-in-deutschland\/#primaryimage"},"image":{"@id":"https:\/\/www.res-group.com\/de\/resources\/news-de\/neuer-abteilungsleiter-fuer-den-solarbereich-bei-res-in-deutschland\/#primaryimage"},"thumbnailUrl":"https:\/\/www.res-group.com\/wp-content\/uploads\/2024\/03\/Roland_Phillips.jpg","datePublished":"2024-03-20T14:44:02+00:00","dateModified":"2024-03-20T14:44:05+00:00","breadcrumb":{"@id":"https:\/\/www.res-group.com\/de\/resources\/news-de\/neuer-abteilungsleiter-fuer-den-solarbereich-bei-res-in-deutschland\/#breadcrumb"},"inLanguage":"de","potentialAction":[{"@type":"ReadAction","target":["https:\/\/www.res-group.com\/de\/resources\/news-de\/neuer-abteilungsleiter-fuer-den-solarbereich-bei-res-in-deutschland\/"]}]},{"@type":"ImageObject","inLanguage":"de","@id":"https:\/\/www.res-group.com\/de\/resources\/news-de\/neuer-abteilungsleiter-fuer-den-solarbereich-bei-res-in-deutschland\/#primaryimage","url":"https:\/\/www.res-group.com\/wp-content\/uploads\/2024\/03\/Roland_Phillips.jpg","contentUrl":"https:\/\/www.res-group.com\/wp-content\/uploads\/2024\/03\/Roland_Phillips.jpg","width":1000,"height":750},{"@type":"BreadcrumbList","@id":"https:\/\/www.res-group.com\/de\/resources\/news-de\/neuer-abteilungsleiter-fuer-den-solarbereich-bei-res-in-deutschland\/#breadcrumb","itemListElement":[{"@type":"ListItem","position":1,"name":"In\u00edcio","item":"https:\/\/www.res-group.com\/de\/"},{"@type":"ListItem","position":2,"name":"Neuer Abteilungsleiter f\u00fcr den Solarbereich bei RES in Deutschland"}]},{"@type":"WebSite","@id":"https:\/\/www.res-group.com\/de\/#website","url":"https:\/\/www.res-group.com\/de\/","name":"res-group.com","description":"The power behind a clean energy future","publisher":{"@id":"https:\/\/www.res-group.com\/de\/#organization"},"potentialAction":[{"@type":"SearchAction","target":{"@type":"EntryPoint","urlTemplate":"https:\/\/www.res-group.com\/de\/?s={search_term_string}"},"query-input":{"@type":"PropertyValueSpecification","valueRequired":true,"valueName":"search_term_string"}}],"inLanguage":"de"},{"@type":"Organization","@id":"https:\/\/www.res-group.com\/de\/#organization","name":"RES","url":"https:\/\/www.res-group.com\/de\/","logo":{"@type":"ImageObject","inLanguage":"de","@id":"https:\/\/www.res-group.com\/de\/#\/schema\/logo\/image\/","url":"https:\/\/www.res-group.com\/wp-content\/uploads\/2023\/05\/header-logo.svg","contentUrl":"https:\/\/www.res-group.com\/wp-content\/uploads\/2023\/05\/header-logo.svg","width":82.634,"height":38,"caption":"RES"},"image":{"@id":"https:\/\/www.res-group.com\/de\/#\/schema\/logo\/image\/"},"sameAs":["https:\/\/x.com\/RESGroup","https:\/\/www.instagram.com\/res_powerforgood","https:\/\/www.linkedin.com\/company\/res-group\/","https:\/\/vimeo.com\/resgroup"]},{"@type":"Person","@id":"https:\/\/www.res-group.com\/de\/#\/schema\/person\/e4578b8414d75c1237c6dae6f38318a2","name":"RES","image":{"@type":"ImageObject","inLanguage":"de","@id":"https:\/\/secure.gravatar.com\/avatar\/053fca53b00a810e8929097a40153a54ea325f90ee6ae9b45eb23c7a467d8d65?s=96&d=mm&r=g","url":"https:\/\/secure.gravatar.com\/avatar\/053fca53b00a810e8929097a40153a54ea325f90ee6ae9b45eb23c7a467d8d65?s=96&d=mm&r=g","contentUrl":"https:\/\/secure.gravatar.com\/avatar\/053fca53b00a810e8929097a40153a54ea325f90ee6ae9b45eb23c7a467d8d65?s=96&d=mm&r=g","caption":"RES"},"sameAs":["http:\/\/res"],"url":"https:\/\/www.res-group.com\/de\/author\/manageruser\/"}]}},"_links":{"self":[{"href":"https:\/\/www.res-group.com\/de\/wp-json\/wp\/v2\/posts\/25447","targetHints":{"allow":["GET"]}}],"collection":[{"href":"https:\/\/www.res-group.com\/de\/wp-json\/wp\/v2\/posts"}],"about":[{"href":"https:\/\/www.res-group.com\/de\/wp-json\/wp\/v2\/types\/post"}],"author":[{"embeddable":true,"href":"https:\/\/www.res-group.com\/de\/wp-json\/wp\/v2\/users\/1"}],"replies":[{"embeddable":true,"href":"https:\/\/www.res-group.com\/de\/wp-json\/wp\/v2\/comments?post=25447"}],"version-history":[{"count":0,"href":"https:\/\/www.res-group.com\/de\/wp-json\/wp\/v2\/posts\/25447\/revisions"}],"wp:featuredmedia":[{"embeddable":true,"href":"https:\/\/www.res-group.com\/de\/wp-json\/wp\/v2\/media\/25448"}],"wp:attachment":[{"href":"https:\/\/www.res-group.com\/de\/wp-json\/wp\/v2\/media?parent=25447"}],"wp:term":[{"taxonomy":"category","embeddable":true,"href":"https:\/\/www.res-group.com\/de\/wp-json\/wp\/v2\/categories?post=25447"},{"taxonomy":"post_tag","embeddable":true,"href":"https:\/\/www.res-group.com\/de\/wp-json\/wp\/v2\/tags?post=25447"},{"taxonomy":"region","embeddable":true,"href":"https:\/\/www.res-group.com\/de\/wp-json\/wp\/v2\/region?post=25447"},{"taxonomy":"content_type","embeddable":true,"href":"https:\/\/www.res-group.com\/de\/wp-json\/wp\/v2\/content_type?post=25447"}],"curies":[{"name":"wp","href":"https:\/\/api.w.org\/{rel}","templated":true}]}}