{"id":13575,"date":"2023-07-26T10:50:19","date_gmt":"2023-07-26T09:50:19","guid":{"rendered":"http:\/\/www.res-group.com\/freiflachen-photovoltaikanlage-kornberg-burgerinformation-am-25-juli\/"},"modified":"2023-08-30T12:16:15","modified_gmt":"2023-08-30T11:16:15","slug":"freiflachen-photovoltaikanlage-kornberg-burgerinformation-am-25-juli","status":"publish","type":"post","link":"https:\/\/www.res-group.com\/au\/resources\/freiflachen-photovoltaikanlage-kornberg-burgerinformation-am-25-juli\/","title":{"rendered":"Freifl\u00e4chen-Photovoltaikanlage Kornberg: B\u00fcrgerinformation am 25. Juli"},"content":{"rendered":"<p>Bei der ehemaligen Deponie soll zuk\u00fcnftig Erneuerbare Energie erzeugt werden<\/p>\n<p>In Oberrot im Ortsteil Kornberg soll k\u00fcnftig ein Solarpark entstehen. Der Projektierer RES plant zu diesem Zweck am 25. Juli eine B\u00fcrgerinformation. Ziel der Veranstaltung ist es, das Projekt der \u00d6ffentlichkeit vorzustellen, Fragen der Anwohnerinnen und Anwohner zu beantworten und in den offenen Austausch zu gehen. \u201eWir freuen uns auf den Dialog mit den B\u00fcrgerinnen und B\u00fcrgern in Oberrot. Wir m\u00f6chten mit dem Angebot m\u00f6glichst viele Menschen von unserem Projekt \u00fcberzeugen und eine breite Zustimmung f\u00fcr die Erneuerbaren Energien hier vor Ort erreichen. Auch kritische Nachfragen sind f\u00fcr dieses Ziel wichtig und willkommen\u201c, l\u00e4dt Gerhard Kienzler Gesch\u00e4ftsf\u00fchrer von RES in Deutschland, zur Veranstaltung ein. Die fr\u00fchzeitige \u00d6ffentlichkeitsbeteiligung ist die n\u00e4chste Planungsstufe des Solarparkvorhabens. Das Unternehmen plant das Photovoltaikprojekt Kornberg teilweise auf einer ehemaligen Erddeponie. RES will dort eine Anlage mit einer Leistung von 7,3 Megawattpeak realisieren. Sie kann zuk\u00fcnftig rechnerisch den Strom f\u00fcr etwa 1.300 Personen erzeugen und wird j\u00e4hrlich rund 6.000 Tonnen klimasch\u00e4dliche Emissionen einsparen. Zu einem ebenfalls in der N\u00e4he geplanten Windpark wird es in K\u00fcrze eine separate Veranstaltung f\u00fcr die B\u00fcrgerinnen und B\u00fcrger geben.&nbsp;<\/p>\n<p><strong>Schritt f\u00fcr Schritt zum Solarprojekt&nbsp;<\/strong><\/p>\n<p>Die B\u00fcrgerinformation findet am 25. Juli von 16 bis 20 Uhr in der Kultur- und Festhalle von Oberrot statt. Sie ist eine Erg\u00e4nzung zur sogenannten fr\u00fchzeitigen Beteiligung in der kommunalen Bauleitplanung. Zuvor hatte der Gemeinderat dem Vorhaben zugestimmt. Abgestimmt wurde \u00fcber den Vorentwurf des Kreisplanungsamtes. Die fr\u00fchzeitige Beteiligung umfasst neben dem Dialog mit den B\u00fcrgerinnen und B\u00fcrgern auch die Einbindung der Tr\u00e4ger \u00f6ffentlicher Belange. Die Ergebnisse und Stellungnahmen aus der fr\u00fchzeitigen Einbindung werden anschlie\u00dfend durch die Projektplaner bearbeitet. Abschlie\u00dfender Schritt der Bauleitplanung ist der Satzungsbeschluss durch den Gemeinderat. Die Beschlussfassung ist f\u00fcr Ende 2023 vorgesehen. Danach kann das Erneuerbare-Energien-Unternehmen mit dem Projekt an einer Ausschreibung nach dem Erneuerbare-Energien-Gesetz teilnehmen. Ist diese erfolgreich, werden die Komponenten des Solarparks bestellt. RES rechnet mit einem Baustart um den Jahreswechsel 2024\/2025. Die Inbetriebnahme ist f\u00fcr den Sommer 2025 vorgesehen. &nbsp;<\/p>\n<p><strong>Fl\u00e4che von 10 Fu\u00dfballfeldern f\u00fcr Erneuerbare Energie&nbsp;<br \/>\n<\/strong><br \/>\nDer 7,2 Hektar gro\u00dfe Solarpark soll zu einem Teil auf einer ehemaligen Erddeponie entstehen. Landwirtschaftlich ist die Fl\u00e4che von geringerem Wert\u201c, erkl\u00e4rt Gerhard Kienzler. Er erg\u00e4nzt: \u201eF\u00fcr die Sonnenenergie hingegen ist der Platz hervorragend nutzbar, er f\u00e4llt leicht in s\u00fcdliche Richtung ab, weshalb wir mit besonders guten Stromertr\u00e4gen rechnen.\u201c Die geplanten 12.500 Solarmodule erzeugen zuk\u00fcnftig rund 8,2 Millionen Kilowattstunden klimaneutralen Strom im Jahr. In der N\u00e4he soll auch ein Windpark entstehen, Projektierer bei diesem Projekt ist ebenfalls RES. &nbsp;<\/p>\n<p><strong>Kommune, Anwohner und lokale Unternehmen profitieren&nbsp;<\/strong><\/p>\n<p>\u201eDer Gemeinderat hat sich mit der Zustimmung zu unserem Projekt deutlich f\u00fcr die regionale Energiewende eingesetzt\u201c, freut sich Gerhard Kienzler. \u201eDieser Beitrag zum Klimaschutz rechnet sich f\u00fcr die Kommune zuk\u00fcnftig auch finanziell.\u201c Der Solarpark tr\u00e4gt sp\u00e4ter gleich auf mehreren Ebenen zur lokalen Wertsch\u00f6pfung bei: Die Gemeinde erh\u00e4lt durch ihn zus\u00e4tzliche Gewerbesteuereinnahmen. Regionale Betriebe will RES aktiv mit in das Projekt einbeziehen und damit die Wirtschaft vor Ort st\u00e4rken. Au\u00dferdem strebt das Unternehmen an, B\u00fcrgerinnen und B\u00fcrger eine finanzielle Beteiligung zu erm\u00f6glichen. Somit k\u00f6nnen sie direkt von den Erl\u00f6sen aus den Stromertr\u00e4gen profitieren.&nbsp;<\/p>\n<p><strong>Naturfreundlicher Solarpark&nbsp;<\/strong><\/p>\n<p>Bei der Planung seiner Solarprojekte verpflichtet sich RES zu h\u00f6heren Standards als es die gesetzlichen Bestimmungen vorgeben. Dazu z\u00e4hlen auch Naturschutzma\u00dfnahmen. Deshalb wird RES einen Teil der Fl\u00e4che des zuk\u00fcnftigen Solarparks begr\u00fcnen. Von der insgesamt 7,2 Hektar gro\u00dfen Fl\u00e4che sollen 40 Prozent nicht \u00fcberbaut werden. Das Unternehmen will \u00fcber ein lokales Unternehmen viele unterschiedliche Arten von Str\u00e4uchern und B\u00e4ume pflanzen lassen und einen Wildtierkorridor freihalten. Er bietet gleichzeitig als Biotop Lebensraum f\u00fcr unterschiedliche Tier- und Pflanzenarten und wirkt sich damit positiv auf die Artenvielfalt aus. Die Wiese zwischen den Modulen soll sp\u00e4ter von Schafen beweidet werden. &nbsp;<\/p>\n<p>Au\u00dferhalb der eigentlichen Fl\u00e4che l\u00e4sst RES einen zehn Meter breiten Buntbrachestreifen anlegen. Er zeichnet sich durch mehrj\u00e4hrige einheimische Wildkr\u00e4uter aus und bietet von Fr\u00fchjahr bis Herbst ein stetiges Nahrungsangebot f\u00fcr bl\u00fctenbesuchende Insekten. Damit f\u00f6rdert er die nat\u00fcrliche Sch\u00e4dlingsregulierung und die Best\u00e4ubung von Kultur- und Wildpflanzen. Feldlerchen, die vorher an der ehemaligen Deponie auf Futtersuche gegangen sind, bietet er ein vielversprechendes neues Jagdrevier. Naturfreundliche Solarparks wie der zuk\u00fcnftige Park in Oberrot tragen das Siegel \u201eGute Planung\u201c des Bundesverbands neue Energiewirtschaft (bne). &nbsp;<\/p>\n<p>Das Unternehmen RES hat seinen deutschen Sitz in V\u00f6rstetten in S\u00fcddeutschland. Es ist das weltweit gr\u00f6\u00dfte familiengef\u00fchrte Unternehmen f\u00fcr Erneuerbare Energien, das seit \u00fcber 40 Jahren am Markt ist. In Deutschland plant, baut und betreibt RES Photovoltaik- und Windenergieanlagen. Mit dem Ausbau seiner Solarexpertise will RES die Energiewende in Kommunen vorantreiben.<\/p>\n<p>Hinweise f\u00fcr die Redaktionen:&nbsp;<br \/>\n\u00dcber RES&nbsp;<br \/>\nRES (Renewable Energy Systems) ist das weltweit gr\u00f6\u00dfte familiengef\u00fchrte Unternehmen f\u00fcr Erneuerbare Energien. Seit \u00fcber 40 Jahren an der Spitze der Branche, hat RES mehr als 23 Gigawatt an Erneuerbaren Energieprojekten auf der ganzen Welt entwickelt und\/oder gebaut. Aktuell unterst\u00fctzt das Unternehmen au\u00dferdem ein operatives Anlagenportfolio von mehr als 12 Gigawatt. Der Hauptsitz des Familienunternehmens ist in London. Die deutsche Niederlassung mit Sitz in V\u00f6rstetten bei Freiburg ist vor allem in den Bereichen Wind, Solar und Energiespeicherung t\u00e4tig. <a href=\"www.res-group.com\">www.res-group.com<\/a>&nbsp;<\/p>\n<p>PRESSEKONTAKT:&nbsp;<br \/>\nSolar Consulting GmbH&nbsp;<br \/>\nUte Linsbauer&nbsp;<br \/>\nPR Beraterin &nbsp;<br \/>\nT +49 761 38 09 68-10 &nbsp;<br \/>\n<a href=\"mailto:linsbauer@solar-consulting.de\">linsbauer@solar-consulting.de&nbsp;<\/a>&nbsp;<br \/>\n<a href=\"www.solar-consulting.de\">www.solar-consulting.de<\/a>&nbsp;<\/p>\n","protected":false},"excerpt":{"rendered":"<p>Bei der ehemaligen Deponie soll zuk\u00fcnftig Erneuerbare Energie erzeugt werden In Oberrot im Ortsteil Kornberg soll k\u00fcnftig ein Solarpark entstehen. Der Projektierer RES plant zu diesem Zweck am 25. Juli eine B\u00fcrgerinformation. Ziel der Veranstaltung ist es, das Projekt der \u00d6ffentlichkeit vorzustellen, Fragen der Anwohnerinnen und Anwohner zu beantworten und&#8230;<\/p>\n","protected":false},"author":1,"featured_media":13576,"comment_status":"closed","ping_status":"open","sticky":false,"template":"","format":"standard","meta":{"_acf_changed":false,"footnotes":""},"categories":[251,252],"tags":[],"region":[253],"content_type":[211],"class_list":["post-13575","post","type-post","status-publish","format-standard","has-post-thumbnail","hentry","category-development-au","category-solar-2-au","region-germany-au","content_type-news-au"],"acf":[],"yoast_head":"<!-- This site is optimized with the Yoast SEO Premium plugin v27.2 (Yoast SEO v27.2) - https:\/\/yoast.com\/product\/yoast-seo-premium-wordpress\/ -->\n<title>Freifl\u00e4chen-Photovoltaikanlage Kornberg: B\u00fcrgerinformation am 25. Juli - RES<\/title>\n<meta name=\"robots\" content=\"index, follow, max-snippet:-1, max-image-preview:large, max-video-preview:-1\" \/>\n<link rel=\"canonical\" href=\"https:\/\/www.res-group.com\/au\/resources\/freiflachen-photovoltaikanlage-kornberg-burgerinformation-am-25-juli\/\" \/>\n<meta property=\"og:locale\" content=\"en_US\" \/>\n<meta property=\"og:type\" content=\"article\" \/>\n<meta property=\"og:title\" content=\"Freifl\u00e4chen-Photovoltaikanlage Kornberg: B\u00fcrgerinformation am 25. Juli\" \/>\n<meta property=\"og:description\" content=\"Bei der ehemaligen Deponie soll zuk\u00fcnftig Erneuerbare Energie erzeugt werden In Oberrot im Ortsteil Kornberg soll k\u00fcnftig ein Solarpark entstehen. Der Projektierer RES plant zu diesem Zweck am 25. Juli eine B\u00fcrgerinformation. Ziel der Veranstaltung ist es, das Projekt der \u00d6ffentlichkeit vorzustellen, Fragen der Anwohnerinnen und Anwohner zu beantworten und...\" \/>\n<meta property=\"og:url\" content=\"https:\/\/www.res-group.com\/au\/resources\/freiflachen-photovoltaikanlage-kornberg-burgerinformation-am-25-juli\/\" \/>\n<meta property=\"og:site_name\" content=\"RES\" \/>\n<meta property=\"article:published_time\" content=\"2023-07-26T09:50:19+00:00\" \/>\n<meta property=\"article:modified_time\" content=\"2023-08-30T11:16:15+00:00\" \/>\n<meta property=\"og:image\" content=\"https:\/\/www.res-group.com\/wp-content\/uploads\/2023\/08\/955b882b-2b06-4dd0-8005-04cf7ef754ed.jpeg\" \/>\n\t<meta property=\"og:image:width\" content=\"952\" \/>\n\t<meta property=\"og:image:height\" content=\"714\" \/>\n\t<meta property=\"og:image:type\" content=\"image\/jpeg\" \/>\n<meta name=\"author\" content=\"RES\" \/>\n<meta name=\"twitter:card\" content=\"summary_large_image\" \/>\n<meta name=\"twitter:creator\" content=\"@RESGroup\" \/>\n<meta name=\"twitter:site\" content=\"@RESGroup\" \/>\n<meta name=\"twitter:label1\" content=\"Written by\" \/>\n\t<meta name=\"twitter:data1\" content=\"RES\" \/>\n\t<meta name=\"twitter:label2\" content=\"Est. reading time\" \/>\n\t<meta name=\"twitter:data2\" content=\"4 minutes\" \/>\n<script type=\"application\/ld+json\" class=\"yoast-schema-graph\">{\"@context\":\"https:\/\/schema.org\",\"@graph\":[{\"@type\":\"Article\",\"@id\":\"https:\/\/www.res-group.com\/au\/resources\/freiflachen-photovoltaikanlage-kornberg-burgerinformation-am-25-juli\/#article\",\"isPartOf\":{\"@id\":\"https:\/\/www.res-group.com\/au\/resources\/freiflachen-photovoltaikanlage-kornberg-burgerinformation-am-25-juli\/\"},\"author\":{\"name\":\"RES\",\"@id\":\"https:\/\/www.res-group.com\/au\/#\/schema\/person\/e4578b8414d75c1237c6dae6f38318a2\"},\"headline\":\"Freifl\u00e4chen-Photovoltaikanlage Kornberg: B\u00fcrgerinformation am 25. Juli\",\"datePublished\":\"2023-07-26T09:50:19+00:00\",\"dateModified\":\"2023-08-30T11:16:15+00:00\",\"mainEntityOfPage\":{\"@id\":\"https:\/\/www.res-group.com\/au\/resources\/freiflachen-photovoltaikanlage-kornberg-burgerinformation-am-25-juli\/\"},\"wordCount\":954,\"publisher\":{\"@id\":\"https:\/\/www.res-group.com\/au\/#organization\"},\"image\":{\"@id\":\"https:\/\/www.res-group.com\/au\/resources\/freiflachen-photovoltaikanlage-kornberg-burgerinformation-am-25-juli\/#primaryimage\"},\"thumbnailUrl\":\"https:\/\/www.res-group.com\/wp-content\/uploads\/2023\/08\/955b882b-2b06-4dd0-8005-04cf7ef754ed.jpeg\",\"articleSection\":[\"Development\",\"Solar\"],\"inLanguage\":\"en-AU\"},{\"@type\":\"WebPage\",\"@id\":\"https:\/\/www.res-group.com\/au\/resources\/freiflachen-photovoltaikanlage-kornberg-burgerinformation-am-25-juli\/\",\"url\":\"https:\/\/www.res-group.com\/au\/resources\/freiflachen-photovoltaikanlage-kornberg-burgerinformation-am-25-juli\/\",\"name\":\"Freifl\u00e4chen-Photovoltaikanlage Kornberg: B\u00fcrgerinformation am 25. Juli - RES\",\"isPartOf\":{\"@id\":\"https:\/\/www.res-group.com\/au\/#website\"},\"primaryImageOfPage\":{\"@id\":\"https:\/\/www.res-group.com\/au\/resources\/freiflachen-photovoltaikanlage-kornberg-burgerinformation-am-25-juli\/#primaryimage\"},\"image\":{\"@id\":\"https:\/\/www.res-group.com\/au\/resources\/freiflachen-photovoltaikanlage-kornberg-burgerinformation-am-25-juli\/#primaryimage\"},\"thumbnailUrl\":\"https:\/\/www.res-group.com\/wp-content\/uploads\/2023\/08\/955b882b-2b06-4dd0-8005-04cf7ef754ed.jpeg\",\"datePublished\":\"2023-07-26T09:50:19+00:00\",\"dateModified\":\"2023-08-30T11:16:15+00:00\",\"breadcrumb\":{\"@id\":\"https:\/\/www.res-group.com\/au\/resources\/freiflachen-photovoltaikanlage-kornberg-burgerinformation-am-25-juli\/#breadcrumb\"},\"inLanguage\":\"en-AU\",\"potentialAction\":[{\"@type\":\"ReadAction\",\"target\":[\"https:\/\/www.res-group.com\/au\/resources\/freiflachen-photovoltaikanlage-kornberg-burgerinformation-am-25-juli\/\"]}]},{\"@type\":\"ImageObject\",\"inLanguage\":\"en-AU\",\"@id\":\"https:\/\/www.res-group.com\/au\/resources\/freiflachen-photovoltaikanlage-kornberg-burgerinformation-am-25-juli\/#primaryimage\",\"url\":\"https:\/\/www.res-group.com\/wp-content\/uploads\/2023\/08\/955b882b-2b06-4dd0-8005-04cf7ef754ed.jpeg\",\"contentUrl\":\"https:\/\/www.res-group.com\/wp-content\/uploads\/2023\/08\/955b882b-2b06-4dd0-8005-04cf7ef754ed.jpeg\",\"width\":952,\"height\":714},{\"@type\":\"BreadcrumbList\",\"@id\":\"https:\/\/www.res-group.com\/au\/resources\/freiflachen-photovoltaikanlage-kornberg-burgerinformation-am-25-juli\/#breadcrumb\",\"itemListElement\":[{\"@type\":\"ListItem\",\"position\":1,\"name\":\"In\u00edcio\",\"item\":\"https:\/\/www.res-group.com\/au\/\"},{\"@type\":\"ListItem\",\"position\":2,\"name\":\"Freifl\u00e4chen-Photovoltaikanlage Kornberg: B\u00fcrgerinformation am 25. Juli\"}]},{\"@type\":\"WebSite\",\"@id\":\"https:\/\/www.res-group.com\/au\/#website\",\"url\":\"https:\/\/www.res-group.com\/au\/\",\"name\":\"res-group.com\",\"description\":\"The power behind a clean energy future\",\"publisher\":{\"@id\":\"https:\/\/www.res-group.com\/au\/#organization\"},\"potentialAction\":[{\"@type\":\"SearchAction\",\"target\":{\"@type\":\"EntryPoint\",\"urlTemplate\":\"https:\/\/www.res-group.com\/au\/?s={search_term_string}\"},\"query-input\":{\"@type\":\"PropertyValueSpecification\",\"valueRequired\":true,\"valueName\":\"search_term_string\"}}],\"inLanguage\":\"en-AU\"},{\"@type\":\"Organization\",\"@id\":\"https:\/\/www.res-group.com\/au\/#organization\",\"name\":\"RES\",\"url\":\"https:\/\/www.res-group.com\/au\/\",\"logo\":{\"@type\":\"ImageObject\",\"inLanguage\":\"en-AU\",\"@id\":\"https:\/\/www.res-group.com\/au\/#\/schema\/logo\/image\/\",\"url\":\"https:\/\/www.res-group.com\/wp-content\/uploads\/2023\/05\/header-logo.svg\",\"contentUrl\":\"https:\/\/www.res-group.com\/wp-content\/uploads\/2023\/05\/header-logo.svg\",\"width\":82.634,\"height\":38,\"caption\":\"RES\"},\"image\":{\"@id\":\"https:\/\/www.res-group.com\/au\/#\/schema\/logo\/image\/\"},\"sameAs\":[\"https:\/\/x.com\/RESGroup\",\"https:\/\/www.instagram.com\/res_powerforgood\",\"https:\/\/www.linkedin.com\/company\/res-group\/\",\"https:\/\/vimeo.com\/resgroup\"]},{\"@type\":\"Person\",\"@id\":\"https:\/\/www.res-group.com\/au\/#\/schema\/person\/e4578b8414d75c1237c6dae6f38318a2\",\"name\":\"RES\",\"image\":{\"@type\":\"ImageObject\",\"inLanguage\":\"en-AU\",\"@id\":\"https:\/\/secure.gravatar.com\/avatar\/053fca53b00a810e8929097a40153a54ea325f90ee6ae9b45eb23c7a467d8d65?s=96&d=mm&r=g\",\"url\":\"https:\/\/secure.gravatar.com\/avatar\/053fca53b00a810e8929097a40153a54ea325f90ee6ae9b45eb23c7a467d8d65?s=96&d=mm&r=g\",\"contentUrl\":\"https:\/\/secure.gravatar.com\/avatar\/053fca53b00a810e8929097a40153a54ea325f90ee6ae9b45eb23c7a467d8d65?s=96&d=mm&r=g\",\"caption\":\"RES\"},\"sameAs\":[\"http:\/\/res\"],\"url\":\"https:\/\/www.res-group.com\/au\/author\/manageruser\/\"}]}<\/script>\n<!-- \/ Yoast SEO Premium plugin. -->","yoast_head_json":{"title":"Freifl\u00e4chen-Photovoltaikanlage Kornberg: B\u00fcrgerinformation am 25. Juli - RES","robots":{"index":"index","follow":"follow","max-snippet":"max-snippet:-1","max-image-preview":"max-image-preview:large","max-video-preview":"max-video-preview:-1"},"canonical":"https:\/\/www.res-group.com\/au\/resources\/freiflachen-photovoltaikanlage-kornberg-burgerinformation-am-25-juli\/","og_locale":"en_US","og_type":"article","og_title":"Freifl\u00e4chen-Photovoltaikanlage Kornberg: B\u00fcrgerinformation am 25. Juli","og_description":"Bei der ehemaligen Deponie soll zuk\u00fcnftig Erneuerbare Energie erzeugt werden In Oberrot im Ortsteil Kornberg soll k\u00fcnftig ein Solarpark entstehen. Der Projektierer RES plant zu diesem Zweck am 25. Juli eine B\u00fcrgerinformation. Ziel der Veranstaltung ist es, das Projekt der \u00d6ffentlichkeit vorzustellen, Fragen der Anwohnerinnen und Anwohner zu beantworten und...","og_url":"https:\/\/www.res-group.com\/au\/resources\/freiflachen-photovoltaikanlage-kornberg-burgerinformation-am-25-juli\/","og_site_name":"RES","article_published_time":"2023-07-26T09:50:19+00:00","article_modified_time":"2023-08-30T11:16:15+00:00","og_image":[{"width":952,"height":714,"url":"https:\/\/www.res-group.com\/wp-content\/uploads\/2023\/08\/955b882b-2b06-4dd0-8005-04cf7ef754ed.jpeg","type":"image\/jpeg"}],"author":"RES","twitter_card":"summary_large_image","twitter_creator":"@RESGroup","twitter_site":"@RESGroup","twitter_misc":{"Written by":"RES","Est. reading time":"4 minutes"},"schema":{"@context":"https:\/\/schema.org","@graph":[{"@type":"Article","@id":"https:\/\/www.res-group.com\/au\/resources\/freiflachen-photovoltaikanlage-kornberg-burgerinformation-am-25-juli\/#article","isPartOf":{"@id":"https:\/\/www.res-group.com\/au\/resources\/freiflachen-photovoltaikanlage-kornberg-burgerinformation-am-25-juli\/"},"author":{"name":"RES","@id":"https:\/\/www.res-group.com\/au\/#\/schema\/person\/e4578b8414d75c1237c6dae6f38318a2"},"headline":"Freifl\u00e4chen-Photovoltaikanlage Kornberg: B\u00fcrgerinformation am 25. Juli","datePublished":"2023-07-26T09:50:19+00:00","dateModified":"2023-08-30T11:16:15+00:00","mainEntityOfPage":{"@id":"https:\/\/www.res-group.com\/au\/resources\/freiflachen-photovoltaikanlage-kornberg-burgerinformation-am-25-juli\/"},"wordCount":954,"publisher":{"@id":"https:\/\/www.res-group.com\/au\/#organization"},"image":{"@id":"https:\/\/www.res-group.com\/au\/resources\/freiflachen-photovoltaikanlage-kornberg-burgerinformation-am-25-juli\/#primaryimage"},"thumbnailUrl":"https:\/\/www.res-group.com\/wp-content\/uploads\/2023\/08\/955b882b-2b06-4dd0-8005-04cf7ef754ed.jpeg","articleSection":["Development","Solar"],"inLanguage":"en-AU"},{"@type":"WebPage","@id":"https:\/\/www.res-group.com\/au\/resources\/freiflachen-photovoltaikanlage-kornberg-burgerinformation-am-25-juli\/","url":"https:\/\/www.res-group.com\/au\/resources\/freiflachen-photovoltaikanlage-kornberg-burgerinformation-am-25-juli\/","name":"Freifl\u00e4chen-Photovoltaikanlage Kornberg: B\u00fcrgerinformation am 25. Juli - RES","isPartOf":{"@id":"https:\/\/www.res-group.com\/au\/#website"},"primaryImageOfPage":{"@id":"https:\/\/www.res-group.com\/au\/resources\/freiflachen-photovoltaikanlage-kornberg-burgerinformation-am-25-juli\/#primaryimage"},"image":{"@id":"https:\/\/www.res-group.com\/au\/resources\/freiflachen-photovoltaikanlage-kornberg-burgerinformation-am-25-juli\/#primaryimage"},"thumbnailUrl":"https:\/\/www.res-group.com\/wp-content\/uploads\/2023\/08\/955b882b-2b06-4dd0-8005-04cf7ef754ed.jpeg","datePublished":"2023-07-26T09:50:19+00:00","dateModified":"2023-08-30T11:16:15+00:00","breadcrumb":{"@id":"https:\/\/www.res-group.com\/au\/resources\/freiflachen-photovoltaikanlage-kornberg-burgerinformation-am-25-juli\/#breadcrumb"},"inLanguage":"en-AU","potentialAction":[{"@type":"ReadAction","target":["https:\/\/www.res-group.com\/au\/resources\/freiflachen-photovoltaikanlage-kornberg-burgerinformation-am-25-juli\/"]}]},{"@type":"ImageObject","inLanguage":"en-AU","@id":"https:\/\/www.res-group.com\/au\/resources\/freiflachen-photovoltaikanlage-kornberg-burgerinformation-am-25-juli\/#primaryimage","url":"https:\/\/www.res-group.com\/wp-content\/uploads\/2023\/08\/955b882b-2b06-4dd0-8005-04cf7ef754ed.jpeg","contentUrl":"https:\/\/www.res-group.com\/wp-content\/uploads\/2023\/08\/955b882b-2b06-4dd0-8005-04cf7ef754ed.jpeg","width":952,"height":714},{"@type":"BreadcrumbList","@id":"https:\/\/www.res-group.com\/au\/resources\/freiflachen-photovoltaikanlage-kornberg-burgerinformation-am-25-juli\/#breadcrumb","itemListElement":[{"@type":"ListItem","position":1,"name":"In\u00edcio","item":"https:\/\/www.res-group.com\/au\/"},{"@type":"ListItem","position":2,"name":"Freifl\u00e4chen-Photovoltaikanlage Kornberg: B\u00fcrgerinformation am 25. Juli"}]},{"@type":"WebSite","@id":"https:\/\/www.res-group.com\/au\/#website","url":"https:\/\/www.res-group.com\/au\/","name":"res-group.com","description":"The power behind a clean energy future","publisher":{"@id":"https:\/\/www.res-group.com\/au\/#organization"},"potentialAction":[{"@type":"SearchAction","target":{"@type":"EntryPoint","urlTemplate":"https:\/\/www.res-group.com\/au\/?s={search_term_string}"},"query-input":{"@type":"PropertyValueSpecification","valueRequired":true,"valueName":"search_term_string"}}],"inLanguage":"en-AU"},{"@type":"Organization","@id":"https:\/\/www.res-group.com\/au\/#organization","name":"RES","url":"https:\/\/www.res-group.com\/au\/","logo":{"@type":"ImageObject","inLanguage":"en-AU","@id":"https:\/\/www.res-group.com\/au\/#\/schema\/logo\/image\/","url":"https:\/\/www.res-group.com\/wp-content\/uploads\/2023\/05\/header-logo.svg","contentUrl":"https:\/\/www.res-group.com\/wp-content\/uploads\/2023\/05\/header-logo.svg","width":82.634,"height":38,"caption":"RES"},"image":{"@id":"https:\/\/www.res-group.com\/au\/#\/schema\/logo\/image\/"},"sameAs":["https:\/\/x.com\/RESGroup","https:\/\/www.instagram.com\/res_powerforgood","https:\/\/www.linkedin.com\/company\/res-group\/","https:\/\/vimeo.com\/resgroup"]},{"@type":"Person","@id":"https:\/\/www.res-group.com\/au\/#\/schema\/person\/e4578b8414d75c1237c6dae6f38318a2","name":"RES","image":{"@type":"ImageObject","inLanguage":"en-AU","@id":"https:\/\/secure.gravatar.com\/avatar\/053fca53b00a810e8929097a40153a54ea325f90ee6ae9b45eb23c7a467d8d65?s=96&d=mm&r=g","url":"https:\/\/secure.gravatar.com\/avatar\/053fca53b00a810e8929097a40153a54ea325f90ee6ae9b45eb23c7a467d8d65?s=96&d=mm&r=g","contentUrl":"https:\/\/secure.gravatar.com\/avatar\/053fca53b00a810e8929097a40153a54ea325f90ee6ae9b45eb23c7a467d8d65?s=96&d=mm&r=g","caption":"RES"},"sameAs":["http:\/\/res"],"url":"https:\/\/www.res-group.com\/au\/author\/manageruser\/"}]}},"_links":{"self":[{"href":"https:\/\/www.res-group.com\/au\/wp-json\/wp\/v2\/posts\/13575","targetHints":{"allow":["GET"]}}],"collection":[{"href":"https:\/\/www.res-group.com\/au\/wp-json\/wp\/v2\/posts"}],"about":[{"href":"https:\/\/www.res-group.com\/au\/wp-json\/wp\/v2\/types\/post"}],"author":[{"embeddable":true,"href":"https:\/\/www.res-group.com\/au\/wp-json\/wp\/v2\/users\/1"}],"replies":[{"embeddable":true,"href":"https:\/\/www.res-group.com\/au\/wp-json\/wp\/v2\/comments?post=13575"}],"version-history":[{"count":0,"href":"https:\/\/www.res-group.com\/au\/wp-json\/wp\/v2\/posts\/13575\/revisions"}],"wp:featuredmedia":[{"embeddable":true,"href":"https:\/\/www.res-group.com\/au\/wp-json\/wp\/v2\/media\/13576"}],"wp:attachment":[{"href":"https:\/\/www.res-group.com\/au\/wp-json\/wp\/v2\/media?parent=13575"}],"wp:term":[{"taxonomy":"category","embeddable":true,"href":"https:\/\/www.res-group.com\/au\/wp-json\/wp\/v2\/categories?post=13575"},{"taxonomy":"post_tag","embeddable":true,"href":"https:\/\/www.res-group.com\/au\/wp-json\/wp\/v2\/tags?post=13575"},{"taxonomy":"region","embeddable":true,"href":"https:\/\/www.res-group.com\/au\/wp-json\/wp\/v2\/region?post=13575"},{"taxonomy":"content_type","embeddable":true,"href":"https:\/\/www.res-group.com\/au\/wp-json\/wp\/v2\/content_type?post=13575"}],"curies":[{"name":"wp","href":"https:\/\/api.w.org\/{rel}","templated":true}]}}